{"id":632746,"date":"2025-08-19T16:22:18","date_gmt":"2025-08-19T20:22:18","guid":{"rendered":"https:\/\/diariodominicano.com\/?p=632746"},"modified":"2025-08-19T16:22:23","modified_gmt":"2025-08-19T20:22:23","slug":"tetra-pak-obtiene-la-medalla-de-platino-de-ecovadis-por-su-sostenibilidad","status":"publish","type":"post","link":"https:\/\/diariodominicano.com\/?p=632746","title":{"rendered":"Tetra Pak obtiene la medalla de platino de EcoVadis por su sostenibilidad\u00a0"},"content":{"rendered":"\n<p><br><br><strong><em>Tetra Pak se ha unido al 1 % de las empresas que han obtenido la m\u00e1xima calificaci\u00f3n en la \u00faltima evaluaci\u00f3n de EcoVadis<\/em><\/strong><\/p>\n\n\n\n<p><strong>Santo Domingo, agosto de 2025.&nbsp;<\/strong>Tetra Pak ha obtenido la m\u00e1xima calificaci\u00f3n de sostenibilidad de EcoVadis, ganando la prestigiosa medalla de platino en la evaluaci\u00f3n reconocida a nivel mundial. Esto refleja su desempe\u00f1o y progreso en materia de sostenibilidad durante 2024, lo que sit\u00faa a Tetra Pak entre el 1 % de las m\u00e1s de 130 000 empresas evaluadas y representa un hito importante en su trayectoria hacia la sostenibilidad.<\/p>\n\n\n\n<p>La puntuaci\u00f3n global de la empresa ascendi\u00f3 a 84 sobre 100, lo que supone un aumento de 10 puntos con respecto al a\u00f1o anterior. Esto refleja la forma en que Tetra Pak ha integrado la sostenibilidad en el n\u00facleo de su modelo de negocio, mostrando un fuerte compromiso con la transparencia1 en las cuatro categor\u00edas de evaluaci\u00f3n de EcoVadis: medio ambiente, trabajo y derechos humanos, \u00e9tica y compras sostenibles.&nbsp;<\/p>\n\n\n\n<figure class=\"wp-block-image\"><img decoding=\"async\" src=\"https:\/\/diariodominicano.com\/wp-content\/uploads\/2025\/08\/Tetra-Pak-2025-Medal-1024x1024.png\" alt=\"\"\/><\/figure>\n\n\n\n<p>Este resultado refleja el objetivo de Tetra Pak: garantizar la seguridad y la disponibilidad de los alimentos en todo el mundo y proteger lo que es bueno: los alimentos, las personas y el planeta. Traduciendo esto en un enfoque centrado en cinco \u00e1reas interconectadas (sistemas alimentarios, clima, naturaleza, circularidad y sostenibilidad social), la empresa adopta un enfoque de cadena de valor integral para la sostenibilidad, trabajando en estrecha colaboraci\u00f3n con proveedores, clientes y otras partes interesadas para integrarla en todas las \u00e1reas de su negocio. En 2024, esto incluy\u00f3 la formaci\u00f3n de un equipo dedicado a la excelencia en sostenibilidad, el desarrollo de capacidades en procesos, sistemas, datos y personas, y la integraci\u00f3n m\u00e1s completa de la sostenibilidad en las operaciones diarias.<\/p>\n\n\n\n<p>Un factor clave para el resultado fue la identificaci\u00f3n de oportunidades para profundizar en la transparencia y una s\u00f3lida colaboraci\u00f3n interfuncional para impulsar la sostenibilidad en toda la cadena de valor. Por ejemplo, en 2024, el programa de compromiso con los proveedores de Tetra Pak, \u00ab\u00danete a nosotros para proteger el planeta\u00bb, ayud\u00f3 a 29 proveedores a establecer objetivos clim\u00e1ticos validados y basados en la ciencia. El programa tambi\u00e9n incluye un nuevo C\u00f3digo de Conducta Empresarial para Proveedores, que describe los requisitos espec\u00edficos relacionados con la diligencia debida, la biodiversidad y el abastecimiento responsable. Las emisiones de los materiales adquiridos se redujeron en un 15 % en comparaci\u00f3n con la referencia de 2019, gracias a la mejora de la asignaci\u00f3n de vol\u00famenes y a la estrecha colaboraci\u00f3n con los proveedores a trav\u00e9s de la iniciativa \u00ab\u00danete a nosotros para proteger el planeta\u00bb.<\/p>\n\n\n\n<p><strong>Lars Holmquist, vicepresidente ejecutivo de Tetra Pak,&nbsp;<\/strong>comenta: \u00abEste logro refleja la determinaci\u00f3n de todos los que formamos parte de Tetra Pak de impulsar nuestra transformaci\u00f3n hacia la sostenibilidad, junto con las partes interesadas de toda la cadena de valor. La calificaci\u00f3n Platino de EcoVadis que hemos obtenido demuestra nuestra pasi\u00f3n compartida por la mejora continua y nuestro compromiso con la integraci\u00f3n de la sostenibilidad a largo plazo en todas las partes de nuestras operaciones y cadena de suministro\u00bb.<\/p>\n\n\n\n<p>M\u00e1s informaci\u00f3n sobre la calificaci\u00f3n EcoVadis de Tetra Pak&nbsp;<a href=\"https:\/\/recognition.ecovadis.com\/LC4ZQ85vzE-k___n4KxzKA\" target=\"_blank\" rel=\"noreferrer noopener\">en&nbsp;este link<\/a>.<\/p>\n\n\n\n<p>Milagros Minervino <a href=\"mailto:milagros.minervino@caribbeanpn.com\">milagros.minervino@caribbeanpn.com<\/a><\/p>\n","protected":false},"excerpt":{"rendered":"<p>Tetra Pak se ha unido al 1 % de las empresas que han obtenido la m\u00e1xima calificaci\u00f3n en la \u00faltima evaluaci\u00f3n de EcoVadis Santo Domingo, agosto de 2025.&nbsp;Tetra Pak ha obtenido la m\u00e1xima calificaci\u00f3n de sostenibilidad de EcoVadis, ganando la prestigiosa medalla de platino en la evaluaci\u00f3n reconocida a nivel mundial. Esto refleja su desempe\u00f1o [&hellip;]<\/p>\n","protected":false},"author":7,"featured_media":632756,"comment_status":"closed","ping_status":"closed","sticky":false,"template":"","format":"standard","meta":{"footnotes":""},"categories":[36],"tags":[2988,145],"class_list":["post-632746","post","type-post","status-publish","format-standard","has-post-thumbnail","hentry","category-hombresmujeresycosas","tag-ecovadis","tag-tetra-pak"],"_links":{"self":[{"href":"https:\/\/diariodominicano.com\/index.php?rest_route=\/wp\/v2\/posts\/632746","targetHints":{"allow":["GET"]}}],"collection":[{"href":"https:\/\/diariodominicano.com\/index.php?rest_route=\/wp\/v2\/posts"}],"about":[{"href":"https:\/\/diariodominicano.com\/index.php?rest_route=\/wp\/v2\/types\/post"}],"author":[{"embeddable":true,"href":"https:\/\/diariodominicano.com\/index.php?rest_route=\/wp\/v2\/users\/7"}],"replies":[{"embeddable":true,"href":"https:\/\/diariodominicano.com\/index.php?rest_route=%2Fwp%2Fv2%2Fcomments&post=632746"}],"version-history":[{"count":1,"href":"https:\/\/diariodominicano.com\/index.php?rest_route=\/wp\/v2\/posts\/632746\/revisions"}],"predecessor-version":[{"id":632757,"href":"https:\/\/diariodominicano.com\/index.php?rest_route=\/wp\/v2\/posts\/632746\/revisions\/632757"}],"wp:featuredmedia":[{"embeddable":true,"href":"https:\/\/diariodominicano.com\/index.php?rest_route=\/wp\/v2\/media\/632756"}],"wp:attachment":[{"href":"https:\/\/diariodominicano.com\/index.php?rest_route=%2Fwp%2Fv2%2Fmedia&parent=632746"}],"wp:term":[{"taxonomy":"category","embeddable":true,"href":"https:\/\/diariodominicano.com\/index.php?rest_route=%2Fwp%2Fv2%2Fcategories&post=632746"},{"taxonomy":"post_tag","embeddable":true,"href":"https:\/\/diariodominicano.com\/index.php?rest_route=%2Fwp%2Fv2%2Ftags&post=632746"}],"curies":[{"name":"wp","href":"https:\/\/api.w.org\/{rel}","templated":true}]}}