{"id":632671,"date":"2025-08-19T11:48:34","date_gmt":"2025-08-19T15:48:34","guid":{"rendered":"https:\/\/diariodominicano.com\/?p=632671"},"modified":"2025-08-19T13:55:44","modified_gmt":"2025-08-19T17:55:44","slug":"la-designacion-de-adolfo-perez-en-el-inabie-subraya-la-confianza-del-presidente-luis-abinader","status":"publish","type":"post","link":"https:\/\/diariodominicano.com\/?p=632671","title":{"rendered":"La designaci\u00f3n de Adolfo P\u00e9rez, en el INABIE, subraya la confianza del presidente Luis Abinader"},"content":{"rendered":"\n<p>Por Fitzgerald Tejada Mart\u00ednez<\/p>\n\n\n\n<p>La designaci\u00f3n que nombra al joven empresario y dirigente pol\u00edtico, Adolfo P\u00e9rez, como nuevo director ejecutivo del Instituto Nacional de Bienestar Estudiantil (INABIE), mediante el decreto n\u00famero 461-25, representa una demostraci\u00f3n fehaciente de confianza por parte del presidente Luis Abinader, quien mueve uno de sus alfiles m\u00e1s valiosos \u2014en el tablero gubernamental\u2014, hacia una instituci\u00f3n que luce bastante desmejorada, para atender un reclamo que desde hace alg\u00fan tiempo vienen expresando amplios sectores de la poblaci\u00f3n.<\/p>\n\n\n\n<p>El INABIE, es un organismo descentralizado, creado en el marco de la Ley General de Educaci\u00f3n 66-97, como una instituci\u00f3n adscrita el Ministerio de Educaci\u00f3n (MINERD), para asegurar el acceso y la permanencia de los progresos acad\u00e9micos de la clase estudiantil preuniversitaria del sistema p\u00fablico, mediante la estructuraci\u00f3n de pol\u00edticas de protecci\u00f3n social que aseguren la cobertura de las necesidades b\u00e1sicas, tales como: servicios de transporte, nutrici\u00f3n, salud, uniformes y \u00fatiles escolares, entre otros.<\/p>\n\n\n\n<p>Sin embargo, en casi 25 a\u00f1os de fundado, el INABIE, ha tenido que lidiar con m\u00faltiples esc\u00e1ndalos que van desde intoxicaciones de estudiantes, retrasos de pago a suplidores, hasta cuestionadas licitaciones: razones suficientes que imposibilitaron el cumplimiento de los objetivos para los cuales fue concebido en procura del bienestar de la clase estudiantil.<\/p>\n\n\n\n<p>En este sentido, la designaci\u00f3n de Adolfo P\u00e9rez \u2014en medio de tantos escarceos y ambig\u00fcedades\u2014, significa una importante apuesta por parte del presidente Luis Abinader, para reencausar la misi\u00f3n del INABIE, por los senderos de la eficiencia administrativa, la transparencia institucional y el compromiso social.<\/p>\n\n\n\n<p>El nombramiento de Adolfo P\u00e9rez, nos invita para que miremos hacia el futuro de la educaci\u00f3n en nuestro pa\u00eds, con optimismo, poniendo toda nuestra fe y confianza, en manos de Dios, quien habr\u00e1 de conducir su gesti\u00f3n, por el camino correcto, convirti\u00e9ndolo en sin\u00f3nimo de buenas pr\u00e1cticas, \u00e9ticas y compromisarias con el anhelo del estudiantado nacional.<\/p>\n\n\n\n<p>Fitzgerald Tejada M.<\/p>\n\n\n\n<p><a target=\"_blank\" href=\"mailto:geraldtejada2413@gmail.com\" rel=\"noreferrer noopener\">geraldtejada2413@gmail.com<\/a><\/p>\n","protected":false},"excerpt":{"rendered":"<p>Por Fitzgerald Tejada Mart\u00ednez La designaci\u00f3n que nombra al joven empresario y dirigente pol\u00edtico, Adolfo P\u00e9rez, como nuevo director ejecutivo del Instituto Nacional de Bienestar Estudiantil (INABIE), mediante el decreto n\u00famero 461-25, representa una demostraci\u00f3n fehaciente de confianza por parte del presidente Luis Abinader, quien mueve uno de sus alfiles m\u00e1s valiosos \u2014en el tablero [&hellip;]<\/p>\n","protected":false},"author":2,"featured_media":611732,"comment_status":"closed","ping_status":"closed","sticky":false,"template":"","format":"standard","meta":{"footnotes":""},"categories":[16],"tags":[2332],"class_list":["post-632671","post","type-post","status-publish","format-standard","has-post-thumbnail","hentry","category-opiniones","tag-fitzgerald-tejada-martinez"],"_links":{"self":[{"href":"https:\/\/diariodominicano.com\/index.php?rest_route=\/wp\/v2\/posts\/632671","targetHints":{"allow":["GET"]}}],"collection":[{"href":"https:\/\/diariodominicano.com\/index.php?rest_route=\/wp\/v2\/posts"}],"about":[{"href":"https:\/\/diariodominicano.com\/index.php?rest_route=\/wp\/v2\/types\/post"}],"author":[{"embeddable":true,"href":"https:\/\/diariodominicano.com\/index.php?rest_route=\/wp\/v2\/users\/2"}],"replies":[{"embeddable":true,"href":"https:\/\/diariodominicano.com\/index.php?rest_route=%2Fwp%2Fv2%2Fcomments&post=632671"}],"version-history":[{"count":1,"href":"https:\/\/diariodominicano.com\/index.php?rest_route=\/wp\/v2\/posts\/632671\/revisions"}],"predecessor-version":[{"id":632673,"href":"https:\/\/diariodominicano.com\/index.php?rest_route=\/wp\/v2\/posts\/632671\/revisions\/632673"}],"wp:featuredmedia":[{"embeddable":true,"href":"https:\/\/diariodominicano.com\/index.php?rest_route=\/wp\/v2\/media\/611732"}],"wp:attachment":[{"href":"https:\/\/diariodominicano.com\/index.php?rest_route=%2Fwp%2Fv2%2Fmedia&parent=632671"}],"wp:term":[{"taxonomy":"category","embeddable":true,"href":"https:\/\/diariodominicano.com\/index.php?rest_route=%2Fwp%2Fv2%2Fcategories&post=632671"},{"taxonomy":"post_tag","embeddable":true,"href":"https:\/\/diariodominicano.com\/index.php?rest_route=%2Fwp%2Fv2%2Ftags&post=632671"}],"curies":[{"name":"wp","href":"https:\/\/api.w.org\/{rel}","templated":true}]}}