{"id":632439,"date":"2025-08-18T15:25:16","date_gmt":"2025-08-18T19:25:16","guid":{"rendered":"https:\/\/diariodominicano.com\/?p=632439"},"modified":"2025-08-18T15:27:36","modified_gmt":"2025-08-18T19:27:36","slug":"prision-preventiva-contra-miembros-cuatro-de-banda-criminal-dedicada-a-robos-con-violencia-en-la-capital","status":"publish","type":"post","link":"https:\/\/diariodominicano.com\/?p=632439","title":{"rendered":"Prisi\u00f3n preventiva contra miembros cuatro de banda criminal dedicada a robos con violencia en la capital"},"content":{"rendered":"\n<p>A los imputados se les ocuparon varias armas de fuego y blancas y objetos sustra\u00eddos a las v\u00edctimas.<\/p>\n\n\n\n<p>SANTO DOMINGO (Rep\u00fablica Dominicana).-&nbsp;A solicitud del Ministerio P\u00fablico, un tribunal del Distrito Nacional impuso tres meses de prisi\u00f3n preventiva a los integrantes de una banda criminal dedicada a cometer robos con violencia en la capital.<\/p>\n\n\n\n<p>Los imputados Ronny Mora de la Mora (Jim\u00e9nez), Alexander P\u00e9rez Castillo, \u00c1ngel Jos\u00e9 Reyes V\u00e9lez (Tivi Gunz) y Justin de la Rosa Mej\u00eda (el Flaco) fueron enviados a prisi\u00f3n luego de que el Ministerio P\u00fablico estableciera su vinculaci\u00f3n con los hechos.<\/p>\n\n\n\n<p>La jueza F\u00e1tima Veloz, de la Oficina Judicial de Servicios de Atenci\u00f3n Permanente del Distrito Nacional, dispuso que los imputados cumplieron la medida de coerci\u00f3n en el Centro de Correcci\u00f3n y Rehabilitaci\u00f3n (CCR-XXVII) Najayo Hombres y fij\u00f3 la revisi\u00f3n obligatoria para el 18 de noviembre del presente a\u00f1o.<\/p>\n\n\n\n<p>La fiscal Roxanna Molano, del Departamento de Investigaci\u00f3n de Cr\u00edmenes y Delitos contra la Propiedad (Robo), explic\u00f3 que uno de los hechos se produjo el 12 de agosto de 2025, cuando aproximadamente a las 6:33 de la ma\u00f1ana, asaltaron a dos mujeres.<\/p>\n\n\n\n<p>Las v\u00edctimas fueron interceptadas por un veh\u00edculo Hyundai Elantra gris, conducido por Ronny Mora de la Mora (quien adem\u00e1s enfrenta otro proceso por homicidio), junto a Alexander P\u00e9rez Castillo como copiloto y \u00c1ngel Jos\u00e9 Reyes V\u00e9lez (Tivi Gunz) en la parte trasera, portando un arma de fuego.<\/p>\n\n\n\n<p>Los imputados sustrajeron a las v\u00edctimas un cargador de iPhone y un celular Samsung A23, para luego huir del lugar.<\/p>\n\n\n\n<p>Ese mismo d\u00eda, a las 12:00 de la medianoche, los imputados abordaron a dos personas que esperaban un servicio de transporte.<\/p>\n\n\n\n<p>Desde un veh\u00edculo Hyundai Elantra plateado, Justin de la Rosa Mej\u00eda (el Flaco) y \u00c1ngel Jos\u00e9 Reyes V\u00e9lez (Tivi Gunz) amenazaron a las v\u00edctimas con escopetas, logrando sustraer un iPhone 13 Pro Max, un cargador, la cartera de la v\u00edctima Kimberly Ortiz con documentos personales y RD$1,500, as\u00ed como un celular Samsung Galaxy Note 20.<\/p>\n\n\n\n<p>Tras las denuncias formales presentadas por las v\u00edctimas, el Ministerio P\u00fablico inici\u00f3 un proceso de investigaci\u00f3n que permiti\u00f3 individualizar el veh\u00edculo utilizado en los atracos, propiedad de Carlos Jos\u00e9 D\u00edaz Ramos y alquilado a trav\u00e9s de Jhairo Valerio a Ronny Mora de la Mora.<\/p>\n\n\n\n<p>La investigaci\u00f3n llev\u00f3 a ubicar e interceptar el veh\u00edculo utilizado por los imputados en la avenida Francisco del Rosario S\u00e1nchez, sector Los Guandules.<\/p>\n\n\n\n<p>Durante la intervenci\u00f3n, se procedi\u00f3 a la detenci\u00f3n de los cuatro imputados en flagrante delito y se recuperaron algunos de los objetos sustra\u00eddos, as\u00ed como las armas utilizadas en los hechos.<\/p>\n\n\n\n<p>Al momento del arresto, Ronny Mora de la Mora (Jim\u00e9nez) portaba un celular Samsung A23 sustra\u00eddo a una de las v\u00edctimas. Justin de la Rosa Mej\u00eda (el Flaco) ten\u00eda sobre sus piernas una escopeta marca Maverick, modelo Mossberg, calibre 12 mm, con cinco cartuchos sin documentaci\u00f3n.<\/p>\n\n\n\n<p>De igual modo, \u00c1ngel Jos\u00e9 Reyes V\u00e9lez (Tivi Gunz) llevaba en su cintur\u00f3n delantero un pu\u00f1al plateado de aproximadamente 12 pulgadas y en su bolsillo delantero un iPhone 13 Pro Max, propiedad de otra de las v\u00edctimas. Alexander P\u00e9rez Castillo portaba sobre sus piernas una escopeta marca Maverick, modelo Mossberg, calibre 12 mm, con cuatro cartuchos.<\/p>\n\n\n\n<p>El Ministerio P\u00fablico calific\u00f3 estos hechos como violaci\u00f3n a los art\u00edculos 265, 266, 379 y 385 del C\u00f3digo Penal Dominicano, as\u00ed como a los art\u00edculos 66, 67, 83 y 86 de la Ley No. 631-16, que regula la tenencia, uso y comercio de armas de fuego, municiones y materiales relacionados en la Rep\u00fablica Dominicana.<\/p>\n\n\n\n<p>Direcci\u00f3n General de Comunicaci\u00f3n, Prensa y RRPP<\/p>\n\n\n\n<p>Ministerio P\u00fablico RD<\/p>\n\n\n\n<p>Comunicaciones PGR <a href=\"mailto:comunicaciones@pgr.gob.do\">comunicaciones@pgr.gob.do<\/a><\/p>\n","protected":false},"excerpt":{"rendered":"<p>A los imputados se les ocuparon varias armas de fuego y blancas y objetos sustra\u00eddos a las v\u00edctimas. SANTO DOMINGO (Rep\u00fablica Dominicana).-&nbsp;A solicitud del Ministerio P\u00fablico, un tribunal del Distrito Nacional impuso tres meses de prisi\u00f3n preventiva a los integrantes de una banda criminal dedicada a cometer robos con violencia en la capital. Los imputados [&hellip;]<\/p>\n","protected":false},"author":7,"featured_media":495896,"comment_status":"closed","ping_status":"closed","sticky":false,"template":"","format":"standard","meta":{"footnotes":""},"categories":[24],"tags":[171],"class_list":["post-632439","post","type-post","status-publish","format-standard","has-post-thumbnail","hentry","category-justicia-y-derecho","tag-ministerio-publico"],"_links":{"self":[{"href":"https:\/\/diariodominicano.com\/index.php?rest_route=\/wp\/v2\/posts\/632439","targetHints":{"allow":["GET"]}}],"collection":[{"href":"https:\/\/diariodominicano.com\/index.php?rest_route=\/wp\/v2\/posts"}],"about":[{"href":"https:\/\/diariodominicano.com\/index.php?rest_route=\/wp\/v2\/types\/post"}],"author":[{"embeddable":true,"href":"https:\/\/diariodominicano.com\/index.php?rest_route=\/wp\/v2\/users\/7"}],"replies":[{"embeddable":true,"href":"https:\/\/diariodominicano.com\/index.php?rest_route=%2Fwp%2Fv2%2Fcomments&post=632439"}],"version-history":[{"count":1,"href":"https:\/\/diariodominicano.com\/index.php?rest_route=\/wp\/v2\/posts\/632439\/revisions"}],"predecessor-version":[{"id":632445,"href":"https:\/\/diariodominicano.com\/index.php?rest_route=\/wp\/v2\/posts\/632439\/revisions\/632445"}],"wp:featuredmedia":[{"embeddable":true,"href":"https:\/\/diariodominicano.com\/index.php?rest_route=\/wp\/v2\/media\/495896"}],"wp:attachment":[{"href":"https:\/\/diariodominicano.com\/index.php?rest_route=%2Fwp%2Fv2%2Fmedia&parent=632439"}],"wp:term":[{"taxonomy":"category","embeddable":true,"href":"https:\/\/diariodominicano.com\/index.php?rest_route=%2Fwp%2Fv2%2Fcategories&post=632439"},{"taxonomy":"post_tag","embeddable":true,"href":"https:\/\/diariodominicano.com\/index.php?rest_route=%2Fwp%2Fv2%2Ftags&post=632439"}],"curies":[{"name":"wp","href":"https:\/\/api.w.org\/{rel}","templated":true}]}}