{"id":632404,"date":"2025-08-18T13:42:18","date_gmt":"2025-08-18T17:42:18","guid":{"rendered":"https:\/\/diariodominicano.com\/?p=632404"},"modified":"2025-08-18T15:59:40","modified_gmt":"2025-08-18T19:59:40","slug":"vicepresidenta-juramenta-a-leonardo-aguilera-como-presidente-ejecutivo-de-banreservas","status":"publish","type":"post","link":"https:\/\/diariodominicano.com\/?p=632404","title":{"rendered":"Vicepresidenta juramenta a Leonardo Aguilera\u00a0 como presidente ejecutivo de Banreservas\u00a0"},"content":{"rendered":"\n<p>La vicepresidente de la Rep\u00fablica, Raquel Pe\u00f1a, jurament\u00f3 este lunes al economista Leonardo Aguilera como nuevo presidente ejecutivo del Banco de Reservas, en una ceremonia realizada en el Sal\u00f3n del Consejo de Directores de la instituci\u00f3n financiera.<\/p>\n\n\n\n<p>La toma de posesi\u00f3n se produjo en atenci\u00f3n al decreto del Poder Ejecutivo n\u00famero 461-25, dado a conocer el domingo en la anoche, mediante el cual el presidente Luis Abinader design\u00f3 al doctor Aguilera en la instituci\u00f3n financiera.<\/p>\n\n\n\n<p>Al presidir el traspaso en el cargo, la vicepresidenta expres\u00f3 que la transferencia en la importante posici\u00f3n se produce \u201cpara que el banco siga siendo el orgullo de todos los dominicanos\u201d.<\/p>\n\n\n\n<figure class=\"wp-block-gallery has-nested-images columns-default is-cropped wp-block-gallery-1 is-layout-flex wp-block-gallery-is-layout-flex\">\n<figure class=\"wp-block-image size-large\"><img loading=\"lazy\" decoding=\"async\" width=\"1024\" height=\"683\" data-id=\"632434\" src=\"https:\/\/diariodominicano.com\/wp-content\/uploads\/2025\/08\/Leonardo-Aguilera-la-vicepresidenta-Raquel-Pena-y-Samuel-Pereyra-en-la-ceremonia-de-juramentacion-en-la-sede-principal-de-Banreservas-1024x683.jpg\" alt=\"\" class=\"wp-image-632434\" srcset=\"https:\/\/diariodominicano.com\/wp-content\/uploads\/2025\/08\/Leonardo-Aguilera-la-vicepresidenta-Raquel-Pena-y-Samuel-Pereyra-en-la-ceremonia-de-juramentacion-en-la-sede-principal-de-Banreservas-1024x683.jpg 1024w, https:\/\/diariodominicano.com\/wp-content\/uploads\/2025\/08\/Leonardo-Aguilera-la-vicepresidenta-Raquel-Pena-y-Samuel-Pereyra-en-la-ceremonia-de-juramentacion-en-la-sede-principal-de-Banreservas-300x200.jpg 300w, https:\/\/diariodominicano.com\/wp-content\/uploads\/2025\/08\/Leonardo-Aguilera-la-vicepresidenta-Raquel-Pena-y-Samuel-Pereyra-en-la-ceremonia-de-juramentacion-en-la-sede-principal-de-Banreservas-768x512.jpg 768w, https:\/\/diariodominicano.com\/wp-content\/uploads\/2025\/08\/Leonardo-Aguilera-la-vicepresidenta-Raquel-Pena-y-Samuel-Pereyra-en-la-ceremonia-de-juramentacion-en-la-sede-principal-de-Banreservas-816x545.jpg 816w, https:\/\/diariodominicano.com\/wp-content\/uploads\/2025\/08\/Leonardo-Aguilera-la-vicepresidenta-Raquel-Pena-y-Samuel-Pereyra-en-la-ceremonia-de-juramentacion-en-la-sede-principal-de-Banreservas.jpg 1085w\" sizes=\"auto, (max-width: 1024px) 100vw, 1024px\" \/><figcaption class=\"wp-element-caption\">Leonardo Aguilera, la vicepresidenta Raquel Pe\u00f1a y Samuel Pereyra, en la ceremonia de juramentaci\u00f3n en la sede principal de Banreservas. <\/figcaption><\/figure>\n<\/figure>\n\n\n\n<p>A su vez, Aguilera agradeci\u00f3 la confianza depositada por el presidente Abinader para dirigir la instituci\u00f3n financiera, al igual que lo hab\u00eda hecho desde el 2020, al designarlo en Refiner\u00eda Dominicana de Petr\u00f3leo (Refidomsa), instituci\u00f3n que lider\u00f3 hasta la fecha.<\/p>\n\n\n\n<p>En la ceremonia de juramentaci\u00f3n estuvieron presentes el superintendente de Bancos, Alejandro Fern\u00e1ndez W., ejecutivos de Banreservas y miembros de la prensa.<\/p>\n\n\n\n<figure class=\"wp-block-gallery has-nested-images columns-default is-cropped wp-block-gallery-2 is-layout-flex wp-block-gallery-is-layout-flex\">\n<figure class=\"wp-block-image size-large\"><img loading=\"lazy\" decoding=\"async\" width=\"1024\" height=\"683\" data-id=\"632434\" src=\"https:\/\/diariodominicano.com\/wp-content\/uploads\/2025\/08\/Leonardo-Aguilera-la-vicepresidenta-Raquel-Pena-y-Samuel-Pereyra-en-la-ceremonia-de-juramentacion-en-la-sede-principal-de-Banreservas-1024x683.jpg\" alt=\"\" class=\"wp-image-632434\" srcset=\"https:\/\/diariodominicano.com\/wp-content\/uploads\/2025\/08\/Leonardo-Aguilera-la-vicepresidenta-Raquel-Pena-y-Samuel-Pereyra-en-la-ceremonia-de-juramentacion-en-la-sede-principal-de-Banreservas-1024x683.jpg 1024w, https:\/\/diariodominicano.com\/wp-content\/uploads\/2025\/08\/Leonardo-Aguilera-la-vicepresidenta-Raquel-Pena-y-Samuel-Pereyra-en-la-ceremonia-de-juramentacion-en-la-sede-principal-de-Banreservas-300x200.jpg 300w, https:\/\/diariodominicano.com\/wp-content\/uploads\/2025\/08\/Leonardo-Aguilera-la-vicepresidenta-Raquel-Pena-y-Samuel-Pereyra-en-la-ceremonia-de-juramentacion-en-la-sede-principal-de-Banreservas-768x512.jpg 768w, https:\/\/diariodominicano.com\/wp-content\/uploads\/2025\/08\/Leonardo-Aguilera-la-vicepresidenta-Raquel-Pena-y-Samuel-Pereyra-en-la-ceremonia-de-juramentacion-en-la-sede-principal-de-Banreservas-816x545.jpg 816w, https:\/\/diariodominicano.com\/wp-content\/uploads\/2025\/08\/Leonardo-Aguilera-la-vicepresidenta-Raquel-Pena-y-Samuel-Pereyra-en-la-ceremonia-de-juramentacion-en-la-sede-principal-de-Banreservas.jpg 1085w\" sizes=\"auto, (max-width: 1024px) 100vw, 1024px\" \/><figcaption class=\"wp-element-caption\">Leonardo Aguilera, la vicepresidenta Raquel Pe\u00f1a y Samuel Pereyra, en la ceremonia de juramentaci\u00f3n en la sede principal de Banreservas. <\/figcaption><\/figure>\n<\/figure>\n\n\n\n<p>Aguilera es un destacado economista, egresado del Instituto de Econom\u00eda Nacional ODESSA, y cuenta con un doctorado en Econom\u00eda y especialidad en Planificaci\u00f3n, credenciales que respaldan una s\u00f3lida capacidad gerencial para dirigir el banco m\u00e1s grande del sistema financiero nacional.<\/p>\n\n\n\n<p>Tambi\u00e9n cuenta con una trayectoria docente de m\u00e1s de 20 a\u00f1os en diferentes universidades del pa\u00eds; y es autor de las obras \u201cEconom\u00eda dominicana y el nivel de la tasa de cambio\u201d, \u201cDise\u00f1o y pr\u00e1cticas de campa\u00f1as\u201d, \u201cEconom\u00eda y pol\u00edtica econ\u00f3mica\u201d y \u201cCoyuntura econ\u00f3mica\u201d, adem\u00e1s de ser fundador del Centro Econ\u00f3mico del Cibao.<\/p>\n\n\n\n<p><strong><em>Vicepresidencia de Relaciones P\u00fablicas. Agosto, 2025<\/em><\/strong><\/p>\n\n\n\n<p>Buz\u00f3n Gerencia de Medios de Comunicaci\u00f3n &lt;<a href=\"mailto:buzoninformefinancie@banreservas.com\">buzoninformefinancie@banreservas.com<\/a>&gt;&nbsp;<\/p>\n","protected":false},"excerpt":{"rendered":"<p>La vicepresidente de la Rep\u00fablica, Raquel Pe\u00f1a, jurament\u00f3 este lunes al economista Leonardo Aguilera como nuevo presidente ejecutivo del Banco de Reservas, en una ceremonia realizada en el Sal\u00f3n del Consejo de Directores de la instituci\u00f3n financiera. La toma de posesi\u00f3n se produjo en atenci\u00f3n al decreto del Poder Ejecutivo n\u00famero 461-25, dado a conocer [&hellip;]<\/p>\n","protected":false},"author":7,"featured_media":632433,"comment_status":"closed","ping_status":"closed","sticky":false,"template":"","format":"standard","meta":{"footnotes":""},"categories":[36,18],"tags":[301],"class_list":["post-632404","post","type-post","status-publish","format-standard","has-post-thumbnail","hentry","category-hombresmujeresycosas","category-economia","tag-banreservas"],"_links":{"self":[{"href":"https:\/\/diariodominicano.com\/index.php?rest_route=\/wp\/v2\/posts\/632404","targetHints":{"allow":["GET"]}}],"collection":[{"href":"https:\/\/diariodominicano.com\/index.php?rest_route=\/wp\/v2\/posts"}],"about":[{"href":"https:\/\/diariodominicano.com\/index.php?rest_route=\/wp\/v2\/types\/post"}],"author":[{"embeddable":true,"href":"https:\/\/diariodominicano.com\/index.php?rest_route=\/wp\/v2\/users\/7"}],"replies":[{"embeddable":true,"href":"https:\/\/diariodominicano.com\/index.php?rest_route=%2Fwp%2Fv2%2Fcomments&post=632404"}],"version-history":[{"count":1,"href":"https:\/\/diariodominicano.com\/index.php?rest_route=\/wp\/v2\/posts\/632404\/revisions"}],"predecessor-version":[{"id":632436,"href":"https:\/\/diariodominicano.com\/index.php?rest_route=\/wp\/v2\/posts\/632404\/revisions\/632436"}],"wp:featuredmedia":[{"embeddable":true,"href":"https:\/\/diariodominicano.com\/index.php?rest_route=\/wp\/v2\/media\/632433"}],"wp:attachment":[{"href":"https:\/\/diariodominicano.com\/index.php?rest_route=%2Fwp%2Fv2%2Fmedia&parent=632404"}],"wp:term":[{"taxonomy":"category","embeddable":true,"href":"https:\/\/diariodominicano.com\/index.php?rest_route=%2Fwp%2Fv2%2Fcategories&post=632404"},{"taxonomy":"post_tag","embeddable":true,"href":"https:\/\/diariodominicano.com\/index.php?rest_route=%2Fwp%2Fv2%2Ftags&post=632404"}],"curies":[{"name":"wp","href":"https:\/\/api.w.org\/{rel}","templated":true}]}}