{"id":632402,"date":"2025-08-18T13:17:59","date_gmt":"2025-08-18T17:17:59","guid":{"rendered":"https:\/\/diariodominicano.com\/?p=632402"},"modified":"2026-01-02T18:14:18","modified_gmt":"2026-01-02T22:14:18","slug":"con-gran-emocion-hipolito-mejia-agradece-la-dedicatoria-del-ix-congreso-nacional-de-la-anpa","status":"publish","type":"post","link":"https:\/\/diariodominicano.com\/?p=632402","title":{"rendered":"Con gran emoci\u00f3n Hip\u00f3lito Mej\u00eda agradece la dedicatoria del IX Congreso Nacional de la ANPA"},"content":{"rendered":"\n<p>Santo Domingo, R.D. \u2013 El expresidente de la Rep\u00fablica Dominicana, agr\u00f3nomo Hip\u00f3lito Mej\u00eda, expres\u00f3 su gratitud a la Asociaci\u00f3n Nacional de Profesionales Agropecuarios (ANPA) por dedicarle el IX Congreso Nacional, el cual se realizar\u00e1 los d\u00edas 23, 24 y 25 de septiembre del presente a\u00f1o.<\/p>\n\n\n\n<p>Con una mezcla de nostalgia y orgullo, Mej\u00eda expres\u00f3 que recibe con humildad y profundo agradecimiento esta distinci\u00f3n, \u201cque me hace la ANPA al dedicarme este Congreso. Y agreg\u00f3 que \u201cPara m\u00ed, el sector agropecuario ha sido, y seguir\u00e1 siendo, la columna vertebral del desarrollo nacional\u201d, manifest\u00f3.<\/p>\n\n\n\n<p>El exmandatario resalt\u00f3 la importancia de quienes trabajan directamente con la tierra y el campo ya que a su entender los agr\u00f3nomos y t\u00e9cnicos son verdaderos guardianes de la soberan\u00eda alimentaria.\u201d Sin ellos, no hay futuro posible para la Rep\u00fablica Dominicana.\u201d, afirm\u00f3<\/p>\n\n\n\n<p>Mej\u00eda, reafirm\u00f3 su compromiso con el gremio agropecuario, dejando claro que su apoyo trasciende su trayectoria pol\u00edtica:&nbsp; \u201cCuenten conmigo siempre para respaldar las reivindicaciones justas de los profesionales agropecuarios. El trabajo de ustedes es esencial para que nuestro pueblo tenga comida en su mesa,\u201d concluy\u00f3.<\/p>\n\n\n\n<p>El IX Congreso Nacional de la ANPA que llevara el nombre \u201cHip\u00f3lito Mej\u00eda\u201d reunir\u00e1 a delegados de todo el pa\u00eds en un espacio de debate, reflexi\u00f3n y toma de decisiones. All\u00ed se discutir\u00e1n reformas estatutarias, reglamentos y lineamientos institucionales que marcar\u00e1n el futuro del gremio, reafirmando que los profesionales agropecuarios son pilares del desarrollo y la seguridad alimentaria del pueblo dominicano.<\/p>\n\n\n\n<p>Direcci\u00f3n de prensa ANPA<\/p>\n","protected":false},"excerpt":{"rendered":"<p>Santo Domingo, R.D. \u2013 El expresidente de la Rep\u00fablica Dominicana, agr\u00f3nomo Hip\u00f3lito Mej\u00eda, expres\u00f3 su gratitud a la Asociaci\u00f3n Nacional de Profesionales Agropecuarios (ANPA) por dedicarle el IX Congreso Nacional, el cual se realizar\u00e1 los d\u00edas 23, 24 y 25 de septiembre del presente a\u00f1o. Con una mezcla de nostalgia y orgullo, Mej\u00eda expres\u00f3 que [&hellip;]<\/p>\n","protected":false},"author":7,"featured_media":632425,"comment_status":"closed","ping_status":"closed","sticky":false,"template":"","format":"standard","meta":{"footnotes":""},"categories":[36],"tags":[2659],"class_list":["post-632402","post","type-post","status-publish","format-standard","has-post-thumbnail","hentry","category-hombresmujeresycosas","tag-anpa"],"_links":{"self":[{"href":"https:\/\/diariodominicano.com\/index.php?rest_route=\/wp\/v2\/posts\/632402","targetHints":{"allow":["GET"]}}],"collection":[{"href":"https:\/\/diariodominicano.com\/index.php?rest_route=\/wp\/v2\/posts"}],"about":[{"href":"https:\/\/diariodominicano.com\/index.php?rest_route=\/wp\/v2\/types\/post"}],"author":[{"embeddable":true,"href":"https:\/\/diariodominicano.com\/index.php?rest_route=\/wp\/v2\/users\/7"}],"replies":[{"embeddable":true,"href":"https:\/\/diariodominicano.com\/index.php?rest_route=%2Fwp%2Fv2%2Fcomments&post=632402"}],"version-history":[{"count":1,"href":"https:\/\/diariodominicano.com\/index.php?rest_route=\/wp\/v2\/posts\/632402\/revisions"}],"predecessor-version":[{"id":632430,"href":"https:\/\/diariodominicano.com\/index.php?rest_route=\/wp\/v2\/posts\/632402\/revisions\/632430"}],"wp:featuredmedia":[{"embeddable":true,"href":"https:\/\/diariodominicano.com\/index.php?rest_route=\/wp\/v2\/media\/632425"}],"wp:attachment":[{"href":"https:\/\/diariodominicano.com\/index.php?rest_route=%2Fwp%2Fv2%2Fmedia&parent=632402"}],"wp:term":[{"taxonomy":"category","embeddable":true,"href":"https:\/\/diariodominicano.com\/index.php?rest_route=%2Fwp%2Fv2%2Fcategories&post=632402"},{"taxonomy":"post_tag","embeddable":true,"href":"https:\/\/diariodominicano.com\/index.php?rest_route=%2Fwp%2Fv2%2Ftags&post=632402"}],"curies":[{"name":"wp","href":"https:\/\/api.w.org\/{rel}","templated":true}]}}