{"id":632306,"date":"2025-08-18T02:07:18","date_gmt":"2025-08-18T06:07:18","guid":{"rendered":"https:\/\/diariodominicano.com\/?p=632306"},"modified":"2025-08-18T02:07:22","modified_gmt":"2025-08-18T06:07:22","slug":"haiti-y-canada-fortalecen-cooperacion-en-materia-de-seguridad","status":"publish","type":"post","link":"https:\/\/diariodominicano.com\/?p=632306","title":{"rendered":"Hait\u00ed y Canad\u00e1 fortalecen cooperaci\u00f3n en materia de seguridad"},"content":{"rendered":"\n<p>Puerto Pr\u00edncipe,, 17 ago (Prensa Latina) La Polic\u00eda Nacional de Hait\u00ed (PNH) y la Embajada de Canad\u00e1 mantienen hoy su plan de fortalecer el esquema de seguridad en medio del caos implantado por las pandillas.<\/p>\n\n\n\n<ul class=\"wp-block-list\">\n<li><a href=\"https:\/\/www.prensa-latina.cu\/2025\/08\/17\/\"><time>agosto 17, 2025 | 15:06<\/time><\/a><\/li>\n<\/ul>\n\n\n\n<ul class=\"wp-block-list\">\n<li><a href=\"https:\/\/www.prensa-latina.cu\/2025\/08\/17\/haiti-y-canada-fortalecen-cooperacion-en-materia-de-seguridad\/#\"><\/a><\/li>\n\n\n\n<li><a href=\"https:\/\/www.prensa-latina.cu\/2025\/08\/17\/haiti-y-canada-fortalecen-cooperacion-en-materia-de-seguridad\/#\"><\/a><\/li>\n\n\n\n<li><a href=\"https:\/\/www.prensa-latina.cu\/2025\/08\/17\/haiti-y-canada-fortalecen-cooperacion-en-materia-de-seguridad\/#\"><\/a><\/li>\n\n\n\n<li><a href=\"https:\/\/www.prensa-latina.cu\/2025\/08\/17\/haiti-y-canada-fortalecen-cooperacion-en-materia-de-seguridad\/#\"><\/a><\/li>\n<\/ul>\n\n\n\n<p>El Director General interino de la PNH, Vladimir Paraison, recibi\u00f3 en la localidad de Tabarre a una delegaci\u00f3n de la Embajada de Canad\u00e1 compuesta por varios expertos t\u00e9cnicos.<\/p>\n\n\n\n<p>Las discusiones se centraron en el estado de los proyectos apoyados por el Gobierno canadiense.<\/p>\n\n\n\n<p>\u00abEstas iniciativas abarcan varias esferas fundamentales: capacitaci\u00f3n policial, fortalecimiento log\u00edstico, capacitaci\u00f3n del personal y desarrollo institucional\u00bb, precis\u00f3 el sitio digital Kominotek.<\/p>\n\n\n\n<p>Esta colaboraci\u00f3n tiene como objetivo consolidar las capacidades operativas de la PNH, en un contexto marcado por muchos desaf\u00edos, teniendo en cuenta que las pandillas controlan el 90 por ciento de Puerto Pr\u00edncipe.<\/p>\n\n\n\n<p>El apoyo del pa\u00eds norte\u00f1o forma parte de una asociaci\u00f3n a largo plazo destinada a fortalecer la eficiencia y la modernizaci\u00f3n de la instituci\u00f3n policial haitiana.<\/p>\n\n\n\n<p>rgh\/joe<\/p>\n\n\n\n<ul class=\"wp-block-list\">\n<li>#<a href=\"https:\/\/www.prensa-latina.cu\/etiqueta\/canada\/\">canada<\/a>\u00a0#<a href=\"https:\/\/www.prensa-latina.cu\/etiqueta\/haiti\/\">Hait\u00ed<\/a>\u00a0#<a href=\"https:\/\/www.prensa-latina.cu\/etiqueta\/policia\/\">policia<\/a><\/li>\n<\/ul>\n","protected":false},"excerpt":{"rendered":"<p>Puerto Pr\u00edncipe,, 17 ago (Prensa Latina) La Polic\u00eda Nacional de Hait\u00ed (PNH) y la Embajada de Canad\u00e1 mantienen hoy su plan de fortalecer el esquema de seguridad en medio del caos implantado por las pandillas. El Director General interino de la PNH, Vladimir Paraison, recibi\u00f3 en la localidad de Tabarre a una delegaci\u00f3n de la [&hellip;]<\/p>\n","protected":false},"author":2,"featured_media":632307,"comment_status":"closed","ping_status":"closed","sticky":false,"template":"","format":"standard","meta":{"footnotes":""},"categories":[112,23],"tags":[],"class_list":["post-632306","post","type-post","status-publish","format-standard","has-post-thumbnail","hentry","category-haiti","category-internacional"],"_links":{"self":[{"href":"https:\/\/diariodominicano.com\/index.php?rest_route=\/wp\/v2\/posts\/632306","targetHints":{"allow":["GET"]}}],"collection":[{"href":"https:\/\/diariodominicano.com\/index.php?rest_route=\/wp\/v2\/posts"}],"about":[{"href":"https:\/\/diariodominicano.com\/index.php?rest_route=\/wp\/v2\/types\/post"}],"author":[{"embeddable":true,"href":"https:\/\/diariodominicano.com\/index.php?rest_route=\/wp\/v2\/users\/2"}],"replies":[{"embeddable":true,"href":"https:\/\/diariodominicano.com\/index.php?rest_route=%2Fwp%2Fv2%2Fcomments&post=632306"}],"version-history":[{"count":1,"href":"https:\/\/diariodominicano.com\/index.php?rest_route=\/wp\/v2\/posts\/632306\/revisions"}],"predecessor-version":[{"id":632308,"href":"https:\/\/diariodominicano.com\/index.php?rest_route=\/wp\/v2\/posts\/632306\/revisions\/632308"}],"wp:featuredmedia":[{"embeddable":true,"href":"https:\/\/diariodominicano.com\/index.php?rest_route=\/wp\/v2\/media\/632307"}],"wp:attachment":[{"href":"https:\/\/diariodominicano.com\/index.php?rest_route=%2Fwp%2Fv2%2Fmedia&parent=632306"}],"wp:term":[{"taxonomy":"category","embeddable":true,"href":"https:\/\/diariodominicano.com\/index.php?rest_route=%2Fwp%2Fv2%2Fcategories&post=632306"},{"taxonomy":"post_tag","embeddable":true,"href":"https:\/\/diariodominicano.com\/index.php?rest_route=%2Fwp%2Fv2%2Ftags&post=632306"}],"curies":[{"name":"wp","href":"https:\/\/api.w.org\/{rel}","templated":true}]}}