{"id":632280,"date":"2025-08-18T01:38:11","date_gmt":"2025-08-18T05:38:11","guid":{"rendered":"https:\/\/diariodominicano.com\/?p=632280"},"modified":"2025-08-18T01:48:41","modified_gmt":"2025-08-18T05:48:41","slug":"periodista-gustavo-guzman-expone-vision-de-transparencia-y-modernizacion-del-colegio-dominicano-de-periodistas","status":"publish","type":"post","link":"https:\/\/diariodominicano.com\/?p=632280","title":{"rendered":"Periodista Gustavo Guzm\u00e1n expone visi\u00f3n de transparencia y modernizaci\u00f3n del Colegio Dominicano de Periodistas"},"content":{"rendered":"\n<p>El periodista Gustavo Guzm\u00e1n explica la  propuesta.<\/p>\n\n\n\n<figure class=\"wp-block-image size-large\"><img loading=\"lazy\" decoding=\"async\" width=\"895\" height=\"1024\" src=\"https:\/\/diariodominicano.com\/wp-content\/uploads\/2025\/08\/GustavoGuzman-895x1024.jpg\" alt=\"\" class=\"wp-image-632282\" srcset=\"https:\/\/diariodominicano.com\/wp-content\/uploads\/2025\/08\/GustavoGuzman-895x1024.jpg 895w, https:\/\/diariodominicano.com\/wp-content\/uploads\/2025\/08\/GustavoGuzman-262x300.jpg 262w, https:\/\/diariodominicano.com\/wp-content\/uploads\/2025\/08\/GustavoGuzman-768x879.jpg 768w, https:\/\/diariodominicano.com\/wp-content\/uploads\/2025\/08\/GustavoGuzman-816x934.jpg 816w, https:\/\/diariodominicano.com\/wp-content\/uploads\/2025\/08\/GustavoGuzman.jpg 1258w\" sizes=\"auto, (max-width: 895px) 100vw, 895px\" \/><\/figure>\n\n\n\n<p>En una conversaci\u00f3n realizada con Onorio Mont\u00e1s, en su&nbsp; programa \u201cDejando Huellas\u201d que transmite por la radiodifusora Quisqueya Fm el candidato a la presidencia por la plancha del \u201cMovimiento Convergencia\u201d del Colegio Dominicano de Periodistas (CDP), Gustavo Guzm\u00e1n, abord\u00f3 con amplitud los retos, avances y desaf\u00edos que enfrenta la instituci\u00f3n. <\/p>\n\n\n\n<p>La conversaci\u00f3n, que se desarroll\u00f3 en un ambiente cordial y participativo, permiti\u00f3 reflexionar sobre la trayectoria hist\u00f3rica del CDP y las acciones necesarias para garantizar su fortalecimiento, el candidato del movimiento que plantea el rescate del CDP est\u00e1 acompa\u00f1ado por un importante grupo de profesionales y acad\u00e9micos de la comunicaci\u00f3n como Jos\u00e9 Miguel Carri\u00f3n, Quiterio Cede\u00f1o, Rafael Peralta Romero, Luis Garc\u00eda y otros destacados colegiados.<\/p>\n\n\n\n<p>Durante el di\u00e1logo, Guzm\u00e1n analiz\u00f3 los avances logrados en a\u00f1os recientes, pero tambi\u00e9n reconoci\u00f3 los grandes retrocesos que han limitado el desarrollo de la entidad. Subray\u00f3 que la transparencia, la modernizaci\u00f3n y el trabajo en unidad son elementos esenciales para relanzar la imagen del Colegio y recuperar la confianza de los profesionales de la comunicaci\u00f3n.<\/p>\n\n\n\n<p>Uno de los puntos centrales fue la revisi\u00f3n de la ley 10-91 que crea el Colegio Dominicano de Periodistas (CDP), promulgada el 7 de mayo de 1991, que crea la normativa que dio origen al colegio, a fin de comprender su evoluci\u00f3n y determinar las \u00e1reas que requieren actualizaci\u00f3n. <\/p>\n\n\n\n<p>Guzm\u00e1n resalt\u00f3 que el relanzamiento de la marca period\u00edstica y el fortalecimiento institucional son pasos imprescindibles para enfrentar los retos de la profesi\u00f3n en un contexto de constantes cambios tecnol\u00f3gicos y sociales.<\/p>\n\n\n\n<p>En cuanto a sus propuestas, el candidato plante\u00f3 la necesidad de mejorar la infraestructura, modernizar el \u00e1rea tecnol\u00f3gica y fomentar un mayor acercamiento entre la directiva y los miembros del gremio. <\/p>\n\n\n\n<p>Asimismo, enfatiz\u00f3 en dignificar la labor period\u00edstica mediante mejores condiciones de trabajo y el respeto absoluto a la \u00e9tica profesional.<\/p>\n\n\n\n<p>La entrevista, que se prolong\u00f3 gracias a la riqueza de los temas tratados, permiti\u00f3 al p\u00fablico conocer en detalle la visi\u00f3n de Guzm\u00e1n. Su enfoque combina la valoraci\u00f3n de la historia del CDP con una agenda de renovaci\u00f3n que busca proyectar al colegio hacia un futuro de mayor solidez, unidad y prestigio para todos sus miembros. <\/p>\n\n\n\n<p>Una de las metas es lograr una mayor integraci\u00f3n de las filiales del exterior e interior a las iniciativas de los diferentes proyectos que necesariamente se debe avocar el colegio de frente a los nuevos tiempos y las nuevas tecnolog\u00edas.<\/p>\n\n\n\n<p>Onorio Mont\u00e1s<\/p>\n\n\n\n<p><a href=\"mailto:dejandohuellasfm@gmail.com\" target=\"_blank\" rel=\"noreferrer noopener\">dejandohuellasfm@gmail.com<\/a><\/p>\n\n\n\n<p>#CDP\u2003\u2003\u2003\u2003\u2002#Gustavo Guzm\u00e1n <\/p>\n","protected":false},"excerpt":{"rendered":"<p>El periodista Gustavo Guzm\u00e1n explica la propuesta. En una conversaci\u00f3n realizada con Onorio Mont\u00e1s, en su&nbsp; programa \u201cDejando Huellas\u201d que transmite por la radiodifusora Quisqueya Fm el candidato a la presidencia por la plancha del \u201cMovimiento Convergencia\u201d del Colegio Dominicano de Periodistas (CDP), Gustavo Guzm\u00e1n, abord\u00f3 con amplitud los retos, avances y desaf\u00edos que enfrenta [&hellip;]<\/p>\n","protected":false},"author":2,"featured_media":632281,"comment_status":"closed","ping_status":"closed","sticky":false,"template":"","format":"standard","meta":{"footnotes":""},"categories":[36,20],"tags":[],"class_list":["post-632280","post","type-post","status-publish","format-standard","has-post-thumbnail","hentry","category-hombresmujeresycosas","category-dominicana-hoy"],"_links":{"self":[{"href":"https:\/\/diariodominicano.com\/index.php?rest_route=\/wp\/v2\/posts\/632280","targetHints":{"allow":["GET"]}}],"collection":[{"href":"https:\/\/diariodominicano.com\/index.php?rest_route=\/wp\/v2\/posts"}],"about":[{"href":"https:\/\/diariodominicano.com\/index.php?rest_route=\/wp\/v2\/types\/post"}],"author":[{"embeddable":true,"href":"https:\/\/diariodominicano.com\/index.php?rest_route=\/wp\/v2\/users\/2"}],"replies":[{"embeddable":true,"href":"https:\/\/diariodominicano.com\/index.php?rest_route=%2Fwp%2Fv2%2Fcomments&post=632280"}],"version-history":[{"count":5,"href":"https:\/\/diariodominicano.com\/index.php?rest_route=\/wp\/v2\/posts\/632280\/revisions"}],"predecessor-version":[{"id":632292,"href":"https:\/\/diariodominicano.com\/index.php?rest_route=\/wp\/v2\/posts\/632280\/revisions\/632292"}],"wp:featuredmedia":[{"embeddable":true,"href":"https:\/\/diariodominicano.com\/index.php?rest_route=\/wp\/v2\/media\/632281"}],"wp:attachment":[{"href":"https:\/\/diariodominicano.com\/index.php?rest_route=%2Fwp%2Fv2%2Fmedia&parent=632280"}],"wp:term":[{"taxonomy":"category","embeddable":true,"href":"https:\/\/diariodominicano.com\/index.php?rest_route=%2Fwp%2Fv2%2Fcategories&post=632280"},{"taxonomy":"post_tag","embeddable":true,"href":"https:\/\/diariodominicano.com\/index.php?rest_route=%2Fwp%2Fv2%2Ftags&post=632280"}],"curies":[{"name":"wp","href":"https:\/\/api.w.org\/{rel}","templated":true}]}}