{"id":632271,"date":"2025-08-18T00:56:54","date_gmt":"2025-08-18T04:56:54","guid":{"rendered":"https:\/\/diariodominicano.com\/?p=632271"},"modified":"2025-08-18T01:24:14","modified_gmt":"2025-08-18T05:24:14","slug":"el-presidente-luis-abinader-anuncia-cambios-en-virtud-del-decreto-461-25","status":"publish","type":"post","link":"https:\/\/diariodominicano.com\/?p=632271","title":{"rendered":"El Presidente Luis Abinader dispone cambios  y designa nuevos funcionarios en virtud del Decreto 461-25"},"content":{"rendered":"\n<p>Presidente Luis Abinader <\/p>\n\n\n\n<figure class=\"wp-block-image size-large\"><img loading=\"lazy\" decoding=\"async\" width=\"1024\" height=\"682\" src=\"https:\/\/diariodominicano.com\/wp-content\/uploads\/2025\/05\/Samuel-Pereyra-feria-inmobiliario-NY-2025-1024x682.jpeg\" alt=\"\" class=\"wp-image-615532\" srcset=\"https:\/\/diariodominicano.com\/wp-content\/uploads\/2025\/05\/Samuel-Pereyra-feria-inmobiliario-NY-2025-1024x682.jpeg 1024w, https:\/\/diariodominicano.com\/wp-content\/uploads\/2025\/05\/Samuel-Pereyra-feria-inmobiliario-NY-2025-300x200.jpeg 300w, https:\/\/diariodominicano.com\/wp-content\/uploads\/2025\/05\/Samuel-Pereyra-feria-inmobiliario-NY-2025-768x512.jpeg 768w, https:\/\/diariodominicano.com\/wp-content\/uploads\/2025\/05\/Samuel-Pereyra-feria-inmobiliario-NY-2025-1536x1023.jpeg 1536w, https:\/\/diariodominicano.com\/wp-content\/uploads\/2025\/05\/Samuel-Pereyra-feria-inmobiliario-NY-2025-816x544.jpeg 816w, https:\/\/diariodominicano.com\/wp-content\/uploads\/2025\/05\/Samuel-Pereyra-feria-inmobiliario-NY-2025.jpeg 1600w\" sizes=\"auto, (max-width: 1024px) 100vw, 1024px\" \/><\/figure>\n\n\n\n<h3 class=\"wp-block-heading\">Los cambios incluyen al  doctor Samuel Pereyra Rojas, designado como nuevo presidente del Consejo de Administraci\u00f3n&nbsp;de la Refiner\u00eda Dominicana de Petr\u00f3leo (Refidomsa).<\/h3>\n\n\n\n<p>&nbsp;El licenciado <strong>F\u00e9lix Antonio Reyna Echavarr\u00eda<\/strong>&nbsp;es el nuevo &nbsp;<strong>director<\/strong>&nbsp;de la Direcci\u00f3n de Estrategia y Comunicaci\u00f3n Gubernamental&nbsp;<strong>(Diecom)<\/strong>.\u2002Es un comunicador con experiencia en estrategia y gesti\u00f3n de medios, se ha desempe\u00f1ado como vocero institucional en diversas dependencias del Estado, donde se ha destacado por su capacidad en&nbsp;<strong>coordinaci\u00f3n de equipos y dise\u00f1o de campa\u00f1as de comunicaci\u00f3n p\u00fablica.<\/strong><\/p>\n\n\n\n<p>17 de Agosto 2025 | <\/p>\n\n\n\n<figure class=\"wp-block-image\"><img decoding=\"async\" src=\"https:\/\/platform-cdn.sharethis.com\/img\/sharethis.svg\" alt=\"sharethis sharing button\"\/><\/figure>\n\n\n\n<p>Diario Dominicano<\/p>\n\n\n\n<p>Santo Domingo, RD.\u2013 El presidente de la Rep\u00fablica,\u00a0<strong>Luis Abinader<\/strong>, emiti\u00f3\u2002el domingo 17 de agosto el\u00a0<a href=\"https:\/\/presidencia.gob.do\/decretos\/461-25\"><strong>Decreto 461-25<\/strong>,<\/a>\u00a0con el que dispuso\u00a0<strong>cambios en su gabinete<\/strong>\u00a0tras el inicio de su nuevo per\u00edodo constitucional. Design\u00f3 al doctor\u00a0<strong>Samuel Pereyra Rojas<\/strong>\u00a0\u00a0<strong>presidente del Consejo de Administraci\u00f3n<\/strong>\u00a0de la Refiner\u00eda Dominicana de Petr\u00f3leo\u00a0<strong>(Refidomsa)<\/strong>.<\/p>\n\n\n\n<p>Rojas Pereyra desde  2020 se desempe\u00f1aba como presidente ejecutivo del Banco de Reservas. Abogado de profesi\u00f3n, egresado de la Pontificia Universidad Cat\u00f3lica Madre y Maestra, con especialidad en Derecho Comercial en la Universidad Panth\u00e9on-Assas de Par\u00eds.<\/p>\n\n\n\n<p>Tambi\u00e9n  ha trabajado en litigios de derecho corporativo, telecomunicaciones e inversi\u00f3n extranjera. Es miembro de asociaciones jur\u00eddicas en Rep\u00fablica Dominicana, Estados Unidos y Francia. Fue director de finanzas de la campa\u00f1a presidencial de Luis Abinader y es miembro fundador del Partido Revolucionario Moderno (PRM).<\/p>\n\n\n\n<figure class=\"wp-block-image size-large\"><img loading=\"lazy\" decoding=\"async\" width=\"683\" height=\"1024\" src=\"https:\/\/diariodominicano.com\/wp-content\/uploads\/2022\/02\/Doctor-Leonardo-Aguilera-2-683x1024.jpg\" alt=\"\" class=\"wp-image-334972\" srcset=\"https:\/\/diariodominicano.com\/wp-content\/uploads\/2022\/02\/Doctor-Leonardo-Aguilera-2-683x1024.jpg 683w, https:\/\/diariodominicano.com\/wp-content\/uploads\/2022\/02\/Doctor-Leonardo-Aguilera-2-200x300.jpg 200w, https:\/\/diariodominicano.com\/wp-content\/uploads\/2022\/02\/Doctor-Leonardo-Aguilera-2-768x1152.jpg 768w, https:\/\/diariodominicano.com\/wp-content\/uploads\/2022\/02\/Doctor-Leonardo-Aguilera-2-1024x1536.jpg 1024w, https:\/\/diariodominicano.com\/wp-content\/uploads\/2022\/02\/Doctor-Leonardo-Aguilera-2-816x1224.jpg 816w, https:\/\/diariodominicano.com\/wp-content\/uploads\/2022\/02\/Doctor-Leonardo-Aguilera-2.jpg 1120w\" sizes=\"auto, (max-width: 683px) 100vw, 683px\" \/><\/figure>\n\n\n\n<p>El presidente Abinader  design\u00f3 al doctor&nbsp;<strong>Leonardo Aguilera Batista<\/strong>&nbsp;como&nbsp;<strong>presidente ejecutivo del Banco de Reservas<\/strong>&nbsp;de la Rep\u00fablica Dominicana. Desde 2020 se desempe\u00f1aba como presidente ejecutivo de la Refiner\u00eda Dominicana de Petr\u00f3leo (Refidomsa). <\/p>\n\n\n\n<p>Aguilera es catedr\u00e1tico, asesor econ\u00f3mico y consultor pol\u00edtico, con m\u00e1s de tres d\u00e9cadas de trayectoria como presidente fundador del Centro Econ\u00f3mico del Cibao (CEC). Ha sido consultor en Rep\u00fablica Dominicana, M\u00e9xico, Hait\u00ed y El Salvador, y miembro de la Asociaci\u00f3n Latinoamericana de Consultores Pol\u00edticos (ALACOP). Es autor de m\u00faltiples obras sobre econom\u00eda y pol\u00edtica, y posee estudios especializados en Econom\u00eda y Pol\u00edtica en la URSS y en la Universidad Aut\u00f3noma de Santo Domingo.<\/p>\n\n\n\n<figure class=\"wp-block-image size-full\"><img loading=\"lazy\" decoding=\"async\" width=\"600\" height=\"415\" src=\"https:\/\/diariodominicano.com\/wp-content\/uploads\/2025\/08\/felix-reyna.webp\" alt=\"\" class=\"wp-image-632276\" srcset=\"https:\/\/diariodominicano.com\/wp-content\/uploads\/2025\/08\/felix-reyna.webp 600w, https:\/\/diariodominicano.com\/wp-content\/uploads\/2025\/08\/felix-reyna-300x208.webp 300w\" sizes=\"auto, (max-width: 600px) 100vw, 600px\" \/><\/figure>\n\n\n\n<p>El decreto tambi\u00e9n designa a &nbsp;<strong>F\u00e9lix Antonio Reyna Echavarr\u00eda<\/strong>&nbsp;como&nbsp;nuevo <strong>director<\/strong>&nbsp;de la Direcci\u00f3n de Estrategia y Comunicaci\u00f3n Gubernamental&nbsp;<strong>(Diecom)<\/strong>. Reyna es un profesional de comunicaci\u00f3n con experiencia en estrategia y gesti\u00f3n de medios. Se ha desempe\u00f1ado como vocero institucional en diversas dependencias del Estado, donde se ha destacado por su capacidad en&nbsp;<strong>coordinaci\u00f3n de equipos y dise\u00f1o de campa\u00f1as de comunicaci\u00f3n p\u00fablica.<\/strong><\/p>\n\n\n\n<p>&nbsp;<strong>Carlos Alberto Caminero S\u00e1nchez<\/strong>,&nbsp;fue nombrado titular de la&nbsp;<strong>Direcci\u00f3n de Prensa del Presidente<\/strong>. Caminero es periodista de larga trayectoria en medios nacionales e internacionales, especializado en&nbsp;<strong>comunicaci\u00f3n pol\u00edtica y cobertura de temas gubernamentales<\/strong>. Ha sido editor y director de secciones de prensa escrita y digital, adem\u00e1s de asesor en proyectos de comunicaci\u00f3n estrat\u00e9gica.<\/p>\n\n\n\n<p>Como&nbsp;<strong>subdirector<\/strong>&nbsp;de la Direcci\u00f3n de Estrategia y Comunicaci\u00f3n Gubernamental (Diecom) fue designado&nbsp;<strong>Abel Jos\u00e9 Guzm\u00e1n Then<\/strong>, periodista y analista pol\u00edtico, quien ha ejercido como editor y columnista en medios de circulaci\u00f3n nacional.  Tiene experiencia en gesti\u00f3n de equipos period\u00edsticos y&nbsp;<strong>an\u00e1lisis de coyuntura pol\u00edtica y social.<\/strong><\/p>\n\n\n\n<p>El nuevo&nbsp;<strong>director ejecutivo<\/strong>&nbsp;del Seguro Nacional de Salud&nbsp;<strong>(SeNaSa)<\/strong>&nbsp;es &nbsp;<strong>Edward Rafael Guzm\u00e1n Padilla<\/strong>, profesional con trayectoria en&nbsp;<strong>administraci\u00f3n p\u00fablica y pol\u00edticas sociales<\/strong>, que ha ocupado funciones directivas en el \u00e1rea de salud, seguridad social y gesti\u00f3n institucional, contribuyendo al fortalecimiento de programas de protecci\u00f3n social.<\/p>\n\n\n\n<p>El ingeniero&nbsp;<strong>On\u00e9ximo Antonio Gonz\u00e1lez<\/strong>&nbsp;fue designado&nbsp;<strong>vicepresidente ejecutivo<\/strong>&nbsp;de la Operadora Metropolitana de Servicios de Autobuses&nbsp;<strong>(OMSA)<\/strong>. Gonz\u00e1lez ha estado vinculado a la&nbsp;<strong>modernizaci\u00f3n del transporte p\u00fablico<\/strong>, con experiencia en gerencia operativa y dise\u00f1o de planes de movilidad urbana.<\/p>\n\n\n\n<p>El Presidente tambi\u00e9n design\u00f3 a la  comunicadora&nbsp;<strong>Kenia Xiomara Guante Valdez,&nbsp;<\/strong> <strong>viceministra de Innovaci\u00f3n, Transparencia y Atenci\u00f3n Ciudadana<\/strong>&nbsp;del Ministerio Administrativo de la Presidencia. Guante es activista y dirigente gremial con experiencia en&nbsp;<strong>gesti\u00f3n de proyectos y fortalecimiento institucional<\/strong>, impulsando iniciativas de participaci\u00f3n ciudadana y defensa de derechos laborales.<\/p>\n\n\n\n<p>Como nuevo&nbsp;<strong>director ejecutivo<\/strong>&nbsp;del Instituto Nacional de Bienestar Estudiantil&nbsp;<strong>(INABIE)<\/strong>&nbsp;fue nombrado&nbsp;<strong>Rafael Adolfo P\u00e9rez de Le\u00f3n<\/strong>, profesional vinculado al sector social, con experiencia en&nbsp;<strong>programas de asistencia y apoyo a comunidades educativas<\/strong>, as\u00ed como en la gesti\u00f3n de programas de alimentaci\u00f3n escolar y servicios estudiantiles.<\/p>\n\n\n\n<p>El  doctor&nbsp;<strong>Virgilio Cedano Cedano<\/strong>&nbsp;fue designado asesor honor\u00edfico del Poder Ejecutivo en materia de&nbsp;<strong>salud y atenci\u00f3n primaria<\/strong>. M\u00e9dico de profesi\u00f3n, cuenta con experiencia en medicina comunitaria y hospitalaria, ha desempe\u00f1ado funciones directivas en instituciones de salud y se le ha reconocido por su trayectoria en&nbsp;<strong>prevenci\u00f3n y atenci\u00f3n primaria<\/strong>.<\/p>\n\n\n\n<p>Un comunicado de prensa de la Direcci\u00f3n de Comunicaciones se\u00f1ala que con  estas designaciones, el presidente Abinader fortalece&nbsp;<strong>\u00e1reas estrat\u00e9gicas<\/strong>&nbsp;de la administraci\u00f3n p\u00fablica vinculadas a la&nbsp;<strong>econom\u00eda, la comunicaci\u00f3n gubernamental, la protecci\u00f3n social, la movilidad y la salud,<\/strong>&nbsp;reafirmando el compromiso del Gobierno de seguir impulsando la&nbsp;<strong>transparencia, la eficiencia y el servicio ciudadano<\/strong>&nbsp;en beneficio del pa\u00eds.<\/p>\n\n\n\n<p>#Abinader\u2003\u2003#<a href=\"https:\/\/presidencia.gob.do\/decretos\/461-25\"><strong>Decreto 461-25<\/strong>,<\/a><\/p>\n","protected":false},"excerpt":{"rendered":"<p>Presidente Luis Abinader Los cambios incluyen al doctor Samuel Pereyra Rojas, designado como nuevo presidente del Consejo de Administraci\u00f3n&nbsp;de la Refiner\u00eda Dominicana de Petr\u00f3leo (Refidomsa). &nbsp;El licenciado F\u00e9lix Antonio Reyna Echavarr\u00eda&nbsp;es el nuevo &nbsp;director&nbsp;de la Direcci\u00f3n de Estrategia y Comunicaci\u00f3n Gubernamental&nbsp;(Diecom).\u2002Es un comunicador con experiencia en estrategia y gesti\u00f3n de medios, se ha desempe\u00f1ado como [&hellip;]<\/p>\n","protected":false},"author":2,"featured_media":620007,"comment_status":"closed","ping_status":"closed","sticky":false,"template":"","format":"standard","meta":{"footnotes":""},"categories":[36,20,27],"tags":[],"class_list":["post-632271","post","type-post","status-publish","format-standard","has-post-thumbnail","hentry","category-hombresmujeresycosas","category-dominicana-hoy","category-portada"],"_links":{"self":[{"href":"https:\/\/diariodominicano.com\/index.php?rest_route=\/wp\/v2\/posts\/632271","targetHints":{"allow":["GET"]}}],"collection":[{"href":"https:\/\/diariodominicano.com\/index.php?rest_route=\/wp\/v2\/posts"}],"about":[{"href":"https:\/\/diariodominicano.com\/index.php?rest_route=\/wp\/v2\/types\/post"}],"author":[{"embeddable":true,"href":"https:\/\/diariodominicano.com\/index.php?rest_route=\/wp\/v2\/users\/2"}],"replies":[{"embeddable":true,"href":"https:\/\/diariodominicano.com\/index.php?rest_route=%2Fwp%2Fv2%2Fcomments&post=632271"}],"version-history":[{"count":5,"href":"https:\/\/diariodominicano.com\/index.php?rest_route=\/wp\/v2\/posts\/632271\/revisions"}],"predecessor-version":[{"id":632279,"href":"https:\/\/diariodominicano.com\/index.php?rest_route=\/wp\/v2\/posts\/632271\/revisions\/632279"}],"wp:featuredmedia":[{"embeddable":true,"href":"https:\/\/diariodominicano.com\/index.php?rest_route=\/wp\/v2\/media\/620007"}],"wp:attachment":[{"href":"https:\/\/diariodominicano.com\/index.php?rest_route=%2Fwp%2Fv2%2Fmedia&parent=632271"}],"wp:term":[{"taxonomy":"category","embeddable":true,"href":"https:\/\/diariodominicano.com\/index.php?rest_route=%2Fwp%2Fv2%2Fcategories&post=632271"},{"taxonomy":"post_tag","embeddable":true,"href":"https:\/\/diariodominicano.com\/index.php?rest_route=%2Fwp%2Fv2%2Ftags&post=632271"}],"curies":[{"name":"wp","href":"https:\/\/api.w.org\/{rel}","templated":true}]}}