{"id":632260,"date":"2025-08-18T00:18:02","date_gmt":"2025-08-18T04:18:02","guid":{"rendered":"https:\/\/diariodominicano.com\/?p=632260"},"modified":"2025-08-18T00:18:07","modified_gmt":"2025-08-18T04:18:07","slug":"lula-recibe-en-brasil-al-presidente-de-ecuador-daniel-noboa","status":"publish","type":"post","link":"https:\/\/diariodominicano.com\/?p=632260","title":{"rendered":"Lula recibe en Brasil al presidente de Ecuador, Daniel Noboa"},"content":{"rendered":"\n<p>Brasilia, 18 ago (Prensa Latina) El presidente de Brasil, Luiz In\u00e1cio Lula da Silva, recibir\u00e1 hoy a su hom\u00f3logo de Ecuador, Daniel Noboa, quien cumplir\u00e1 una breve visita de Estado para dar un nuevo impulso a la relaci\u00f3n bilateral.<\/p>\n\n\n\n<ul class=\"wp-block-list\">\n<li><a href=\"https:\/\/www.prensa-latina.cu\/2025\/08\/18\/\"><time>agosto 18, 2025 | 00:02<\/time><\/a><\/li>\n<\/ul>\n\n\n\n<ul class=\"wp-block-list\">\n<li><a href=\"https:\/\/www.prensa-latina.cu\/2025\/08\/18\/lula-recibe-en-brasil-al-presidente-de-ecuador-daniel-noboa\/#\"><\/a><\/li>\n\n\n\n<li><a href=\"https:\/\/www.prensa-latina.cu\/2025\/08\/18\/lula-recibe-en-brasil-al-presidente-de-ecuador-daniel-noboa\/#\"><\/a><\/li>\n\n\n\n<li><a href=\"https:\/\/www.prensa-latina.cu\/2025\/08\/18\/lula-recibe-en-brasil-al-presidente-de-ecuador-daniel-noboa\/#\"><\/a><\/li>\n\n\n\n<li><a href=\"https:\/\/www.prensa-latina.cu\/2025\/08\/18\/lula-recibe-en-brasil-al-presidente-de-ecuador-daniel-noboa\/#\"><\/a><\/li>\n<\/ul>\n\n\n\n<p>C\u00edrculos oficiales indicaron que, tras la reuni\u00f3n en el Palacio de Planalto, sede del Poder Ejecutivo en esta capital, ambos mandatarios se dirigir\u00e1n al Palacio de Itamaraty, baluarte de la Canciller\u00eda, para un almuerzo.<\/p>\n\n\n\n<p>La reuni\u00f3n estaba programada incluso antes del aumento arancelario impuesto por el presidente estadounidense, Donald Trump, pero se espera que la tarifa aparezca en agenda.<\/p>\n\n\n\n<p>Ecuador tambi\u00e9n enfrent\u00f3 impuestos por parte de Washington, pero a una tasa m\u00e1s baja.<\/p>\n\n\n\n<p>All\u00ed, los productos est\u00e1n sujetos a un gravamen del 15 por ciento, mientras que los brasile\u00f1os del 50.<\/p>\n\n\n\n<p>El Gobierno busca mercados alternativos para las mercanc\u00edas afectadas por la crecida impositiva.<\/p>\n\n\n\n<p>Tambi\u00e9n la intenci\u00f3n es diversificar los socios, evitando la concentraci\u00f3n de las exportaciones en unos pocos pa\u00edses y la vulnerabilidad.<\/p>\n\n\n\n<p>Los principales productos exportados a Ecuador incluyen papel y cart\u00f3n, veh\u00edculos de pasajeros, trigo y centeno sin moler, y calzado.<\/p>\n\n\n\n<p>En el caso de las importaciones nacionales aparecen plomo, residuos y chatarra de metales no ferrosos, pescado, crust\u00e1ceos, moluscos e invertebrados acu\u00e1ticos, productos de confiter\u00eda, y l\u00e1minas, pel\u00edculas, tiras y hojas de pl\u00e1stico.<\/p>\n\n\n\n<p>Los dos pa\u00edses intercambiaron en 2024 m\u00e1s de mil millones de d\u00f3lares y buscan mantener su buen nexo comercial.<\/p>\n\n\n\n<p>M\u00e1s all\u00e1 de este tema, el encuentro entre Lula y Noboa debe servir como oportunidad para que Brasil fortalezca los v\u00ednculos en las \u00e1reas de medio ambiente y desarrollo sostenible, y la integraci\u00f3n regional.<\/p>\n\n\n\n<p>En esta capital, el visitante se reunir\u00e1 adem\u00e1s con el presidente de la C\u00e1mara de Diputados, Hugo Motta.<\/p>\n\n\n\n<p>Noboa es presidente de Ecuador desde 2023 y fue reelegido en abril. Este ser\u00e1 su primer viaje al gigante sudamericano durante su nuevo mandato.<\/p>\n\n\n\n<p>otf\/ocs<\/p>\n\n\n\n<ul class=\"wp-block-list\">\n<li>#<a href=\"https:\/\/www.prensa-latina.cu\/etiqueta\/bilaterales\/\">bilaterales<\/a>\u00a0#<a href=\"https:\/\/www.prensa-latina.cu\/etiqueta\/brasil\/\">brasil<\/a>\u00a0#<a href=\"https:\/\/www.prensa-latina.cu\/etiqueta\/comerciales\/\">comerciales<\/a>\u00a0#<a href=\"https:\/\/www.prensa-latina.cu\/etiqueta\/ecuador\/\">Ecuador<\/a>\u00a0#<a href=\"https:\/\/www.prensa-latina.cu\/etiqueta\/lula\/\">lula<\/a>\u00a0#<a href=\"https:\/\/www.prensa-latina.cu\/etiqueta\/noboa\/\">Noboa<\/a>\u00a0#<a href=\"https:\/\/www.prensa-latina.cu\/etiqueta\/relaciones\/\">relaciones<\/a>\u00a0#<a href=\"https:\/\/www.prensa-latina.cu\/etiqueta\/visita\/\">visita<\/a><\/li>\n<\/ul>\n","protected":false},"excerpt":{"rendered":"<p>Brasilia, 18 ago (Prensa Latina) El presidente de Brasil, Luiz In\u00e1cio Lula da Silva, recibir\u00e1 hoy a su hom\u00f3logo de Ecuador, Daniel Noboa, quien cumplir\u00e1 una breve visita de Estado para dar un nuevo impulso a la relaci\u00f3n bilateral. C\u00edrculos oficiales indicaron que, tras la reuni\u00f3n en el Palacio de Planalto, sede del Poder Ejecutivo [&hellip;]<\/p>\n","protected":false},"author":2,"featured_media":632261,"comment_status":"closed","ping_status":"closed","sticky":false,"template":"","format":"standard","meta":{"footnotes":""},"categories":[23],"tags":[],"class_list":["post-632260","post","type-post","status-publish","format-standard","has-post-thumbnail","hentry","category-internacional"],"_links":{"self":[{"href":"https:\/\/diariodominicano.com\/index.php?rest_route=\/wp\/v2\/posts\/632260","targetHints":{"allow":["GET"]}}],"collection":[{"href":"https:\/\/diariodominicano.com\/index.php?rest_route=\/wp\/v2\/posts"}],"about":[{"href":"https:\/\/diariodominicano.com\/index.php?rest_route=\/wp\/v2\/types\/post"}],"author":[{"embeddable":true,"href":"https:\/\/diariodominicano.com\/index.php?rest_route=\/wp\/v2\/users\/2"}],"replies":[{"embeddable":true,"href":"https:\/\/diariodominicano.com\/index.php?rest_route=%2Fwp%2Fv2%2Fcomments&post=632260"}],"version-history":[{"count":1,"href":"https:\/\/diariodominicano.com\/index.php?rest_route=\/wp\/v2\/posts\/632260\/revisions"}],"predecessor-version":[{"id":632262,"href":"https:\/\/diariodominicano.com\/index.php?rest_route=\/wp\/v2\/posts\/632260\/revisions\/632262"}],"wp:featuredmedia":[{"embeddable":true,"href":"https:\/\/diariodominicano.com\/index.php?rest_route=\/wp\/v2\/media\/632261"}],"wp:attachment":[{"href":"https:\/\/diariodominicano.com\/index.php?rest_route=%2Fwp%2Fv2%2Fmedia&parent=632260"}],"wp:term":[{"taxonomy":"category","embeddable":true,"href":"https:\/\/diariodominicano.com\/index.php?rest_route=%2Fwp%2Fv2%2Fcategories&post=632260"},{"taxonomy":"post_tag","embeddable":true,"href":"https:\/\/diariodominicano.com\/index.php?rest_route=%2Fwp%2Fv2%2Ftags&post=632260"}],"curies":[{"name":"wp","href":"https:\/\/api.w.org\/{rel}","templated":true}]}}