{"id":632257,"date":"2025-08-18T00:11:42","date_gmt":"2025-08-18T04:11:42","guid":{"rendered":"https:\/\/diariodominicano.com\/?p=632257"},"modified":"2025-08-18T00:11:54","modified_gmt":"2025-08-18T04:11:54","slug":"papa-leon-xiv-reafirmo-importancia-de-avanzar-en-negociaciones-de-paz","status":"publish","type":"post","link":"https:\/\/diariodominicano.com\/?p=632257","title":{"rendered":"Papa Le\u00f3n XIV reafirm\u00f3 importancia de avanzar en negociaciones de paz"},"content":{"rendered":"\n<p>Ciudad del Vaticano, 17 ago (Prensa Latina) El papa Le\u00f3n XIV se refiri\u00f3 hoy nuevamente a la importancia de impulsar las negociaciones de paz para poner fin a los enfrentamientos b\u00e9licos y se priorice el bien de los pueblos.<\/p>\n\n\n\n<ul class=\"wp-block-list\">\n<li><a href=\"https:\/\/www.prensa-latina.cu\/2025\/08\/17\/\"><time>agosto 17, 2025 | 09:40<\/time><\/a><\/li>\n<\/ul>\n\n\n\n<ul class=\"wp-block-list\">\n<li><a href=\"https:\/\/www.prensa-latina.cu\/2025\/08\/17\/papa-leon-xiv-reafirmo-importancia-de-avanzar-en-negociaciones-de-paz\/#\"><\/a><\/li>\n\n\n\n<li><a href=\"https:\/\/www.prensa-latina.cu\/2025\/08\/17\/papa-leon-xiv-reafirmo-importancia-de-avanzar-en-negociaciones-de-paz\/#\"><\/a><\/li>\n\n\n\n<li><a href=\"https:\/\/www.prensa-latina.cu\/2025\/08\/17\/papa-leon-xiv-reafirmo-importancia-de-avanzar-en-negociaciones-de-paz\/#\"><\/a><\/li>\n\n\n\n<li><a href=\"https:\/\/www.prensa-latina.cu\/2025\/08\/17\/papa-leon-xiv-reafirmo-importancia-de-avanzar-en-negociaciones-de-paz\/#\"><\/a><\/li>\n<\/ul>\n\n\n\n<p>Una nota divulgada por la oficina de prensa de la Santa Sede destaca que, tras el rezo del \u00c1ngelus, realizado al mediod\u00eda de este domingo, el sumo pont\u00edfice pidi\u00f3 que \u201coremos para que los esfuerzos por poner fin a las guerras y promover la paz tengan \u00e9xito\u201d.<\/p>\n\n\n\n<p>En esa ceremonia, efectuada ante los fieles y peregrinos reunidos en la Plaza de la Libertad, frente al Palacio Apost\u00f3lico de las Villas Pontificias de Castel Gandolfo, el obispo de Roma enfatiz\u00f3 adem\u00e1s la importancia de que, en esas negociaciones, \u201cel bien com\u00fan de los pueblos sea siempre lo primero\u201d.<\/p>\n\n\n\n<p>Un reporte publicado en el sitio digital del diario Vatican News apunta que, al pronunciar esas palabras, Le\u00f3n XIV se refer\u00eda a los procesos en curso para poner fin al conflicto en Ucrania y al que se desarrolla en Medio Oriente, que amenaza escalar, tras anunciar Tel Aviv la decisi\u00f3n sionista de ocupar militarmente la Franja de Gaza.<\/p>\n\n\n\n<p>En particular, seg\u00fan ese medio noticioso, ese llamado del santo padre se dirigi\u00f3 a las negociaciones para alcanzar un alto el fuego y la paz entre Kiev y Mosc\u00fa, que apuntan hacia posibles avances tras la reciente cumbre, del pasado 15 de agosto, entre el presidente de Estados Unidos, Donald Trump, y su hom\u00f3logo ruso, Vladimir Putin.<\/p>\n\n\n\n<p>oda\/ort<\/p>\n\n\n\n<ul class=\"wp-block-list\">\n<li>#<a href=\"https:\/\/www.prensa-latina.cu\/etiqueta\/gaza\/\">gaza<\/a>\u00a0#<a href=\"https:\/\/www.prensa-latina.cu\/etiqueta\/israel\/\">Israel<\/a>\u00a0#<a href=\"https:\/\/www.prensa-latina.cu\/etiqueta\/paz\/\">paz<\/a>\u00a0#<a href=\"https:\/\/www.prensa-latina.cu\/etiqueta\/rusia\/\">Rusia<\/a>\u00a0#<a href=\"https:\/\/www.prensa-latina.cu\/etiqueta\/ucranis\/\">Ucranis<\/a>\u00a0#<a href=\"https:\/\/www.prensa-latina.cu\/etiqueta\/vaticano\/\">vaticano<\/a><\/li>\n<\/ul>\n","protected":false},"excerpt":{"rendered":"<p>Ciudad del Vaticano, 17 ago (Prensa Latina) El papa Le\u00f3n XIV se refiri\u00f3 hoy nuevamente a la importancia de impulsar las negociaciones de paz para poner fin a los enfrentamientos b\u00e9licos y se priorice el bien de los pueblos. Una nota divulgada por la oficina de prensa de la Santa Sede destaca que, tras el [&hellip;]<\/p>\n","protected":false},"author":2,"featured_media":632258,"comment_status":"closed","ping_status":"closed","sticky":false,"template":"","format":"standard","meta":{"footnotes":""},"categories":[36,23,27],"tags":[],"class_list":["post-632257","post","type-post","status-publish","format-standard","has-post-thumbnail","hentry","category-hombresmujeresycosas","category-internacional","category-portada"],"_links":{"self":[{"href":"https:\/\/diariodominicano.com\/index.php?rest_route=\/wp\/v2\/posts\/632257","targetHints":{"allow":["GET"]}}],"collection":[{"href":"https:\/\/diariodominicano.com\/index.php?rest_route=\/wp\/v2\/posts"}],"about":[{"href":"https:\/\/diariodominicano.com\/index.php?rest_route=\/wp\/v2\/types\/post"}],"author":[{"embeddable":true,"href":"https:\/\/diariodominicano.com\/index.php?rest_route=\/wp\/v2\/users\/2"}],"replies":[{"embeddable":true,"href":"https:\/\/diariodominicano.com\/index.php?rest_route=%2Fwp%2Fv2%2Fcomments&post=632257"}],"version-history":[{"count":1,"href":"https:\/\/diariodominicano.com\/index.php?rest_route=\/wp\/v2\/posts\/632257\/revisions"}],"predecessor-version":[{"id":632259,"href":"https:\/\/diariodominicano.com\/index.php?rest_route=\/wp\/v2\/posts\/632257\/revisions\/632259"}],"wp:featuredmedia":[{"embeddable":true,"href":"https:\/\/diariodominicano.com\/index.php?rest_route=\/wp\/v2\/media\/632258"}],"wp:attachment":[{"href":"https:\/\/diariodominicano.com\/index.php?rest_route=%2Fwp%2Fv2%2Fmedia&parent=632257"}],"wp:term":[{"taxonomy":"category","embeddable":true,"href":"https:\/\/diariodominicano.com\/index.php?rest_route=%2Fwp%2Fv2%2Fcategories&post=632257"},{"taxonomy":"post_tag","embeddable":true,"href":"https:\/\/diariodominicano.com\/index.php?rest_route=%2Fwp%2Fv2%2Ftags&post=632257"}],"curies":[{"name":"wp","href":"https:\/\/api.w.org\/{rel}","templated":true}]}}