{"id":632107,"date":"2025-08-17T01:22:09","date_gmt":"2025-08-17T05:22:09","guid":{"rendered":"https:\/\/diariodominicano.com\/?p=632107"},"modified":"2025-08-17T01:22:19","modified_gmt":"2025-08-17T05:22:19","slug":"mas-de-143-mil-abonados-estan-sin-electricidad-en-puerto-rico","status":"publish","type":"post","link":"https:\/\/diariodominicano.com\/?p=632107","title":{"rendered":"M\u00e1s de 143 mil abonados est\u00e1n sin electricidad en Puerto Rico"},"content":{"rendered":"\n<p>San Juan, 16 ago (Prensa Latina) M\u00e1s de 143 mil abonados de LUMA Energy se encuentran hoy sin electricidad a causa de aver\u00edas que no fueron precisadas, mientras Puerto Rico est\u00e1 bajo alerta de tormenta severa por el hurac\u00e1n Erin.<\/p>\n\n\n\n<ul class=\"wp-block-list\">\n<li><a href=\"https:\/\/www.prensa-latina.cu\/2025\/08\/16\/\"><time>agosto 16, 2025 | 23:23<\/time><\/a><\/li>\n<\/ul>\n\n\n\n<ul class=\"wp-block-list\">\n<li><a href=\"https:\/\/www.prensa-latina.cu\/2025\/08\/16\/mas-de-143-mil-abonados-estan-sin-electricidad-en-puerto-rico\/#\"><\/a><\/li>\n\n\n\n<li><a href=\"https:\/\/www.prensa-latina.cu\/2025\/08\/16\/mas-de-143-mil-abonados-estan-sin-electricidad-en-puerto-rico\/#\"><\/a><\/li>\n\n\n\n<li><a href=\"https:\/\/www.prensa-latina.cu\/2025\/08\/16\/mas-de-143-mil-abonados-estan-sin-electricidad-en-puerto-rico\/#\"><\/a><\/li>\n\n\n\n<li><a href=\"https:\/\/www.prensa-latina.cu\/2025\/08\/16\/mas-de-143-mil-abonados-estan-sin-electricidad-en-puerto-rico\/#\"><\/a><\/li>\n<\/ul>\n\n\n\n<p>Originalmente la empresa privatizadora norteamericana dijo que m\u00e1s de 100 mil clientes se hallaban sin servicio el\u00e9ctrico debido a \u201cuna falla\u201d por una aver\u00eda en el contiguo municipio de Guaynabo.<\/p>\n\n\n\n<p>La tendencia, seg\u00fan la propia LUMA Energy, estaba en incremento por lo que a las 20:35 hora local los perjudicados ascend\u00edan a 143 mil 974 abonados, al sumar diversas \u00e1reas de esta isla del Caribe.<\/p>\n\n\n\n<p>Las poblaciones m\u00e1s afectadas pertenecen al \u00e1rea metropolitana, como Bayam\u00f3n, con 65 mil 640 afectados, San Juan, con 48 mil 879, y Carolina, con ocho mil 209, adem\u00e1s de Caguas, con 17 mil 136 perjudicados.<\/p>\n\n\n\n<p>LUMA asegur\u00f3 que se encuentra vigilando de cerca el paso del hurac\u00e1n Erin, aunque los pron\u00f3sticos indican que el sistema clim\u00e1tico no tendr\u00e1 un impacto directo sobre Puerto Rico, m\u00e1s all\u00e1 de lluvias.<\/p>\n\n\n\n<p>Mientras, el\u202fServicio Nacional de Meteorolog\u00eda de Estados Unidos en San Juan emiti\u00f3 una advertencia de tormenta severa e inundaciones para varios municipios y la costa noreste de Puerto Rico que est\u00e1 vigente hasta las 24:00 hora local.<\/p>\n\n\n\n<p>Las alertas surgen debido al hurac\u00e1n Erin, que se intensific\u00f3 hasta alcanzar la categor\u00eda 5, la m\u00e1s alta de la escala Saffir\u2011Simpson, luego baj\u00f3 a la 3.<\/p>\n\n\n\n<p>Erin, el primer hurac\u00e1n de la temporada atl\u00e1ntica de 2025, se encuentra al noreste del Caribe y se espera que no toque tierra, aunque sus bandas externas generan lluvias intensas y riesgo de inundaciones repentinas en Puerto Rico.<\/p>\n\n\n\n<p>lam\/nrm<\/p>\n\n\n\n<ul class=\"wp-block-list\">\n<li>#<a href=\"https:\/\/www.prensa-latina.cu\/etiqueta\/apagones\/\">apagones<\/a>\u00a0#<a href=\"https:\/\/www.prensa-latina.cu\/etiqueta\/lumaenergy\/\">lumaenergy<\/a>\u00a0#<a href=\"https:\/\/www.prensa-latina.cu\/etiqueta\/puertorico\/\">puertorico<\/a><\/li>\n<\/ul>\n","protected":false},"excerpt":{"rendered":"<p>San Juan, 16 ago (Prensa Latina) M\u00e1s de 143 mil abonados de LUMA Energy se encuentran hoy sin electricidad a causa de aver\u00edas que no fueron precisadas, mientras Puerto Rico est\u00e1 bajo alerta de tormenta severa por el hurac\u00e1n Erin. Originalmente la empresa privatizadora norteamericana dijo que m\u00e1s de 100 mil clientes se hallaban sin [&hellip;]<\/p>\n","protected":false},"author":2,"featured_media":632108,"comment_status":"closed","ping_status":"closed","sticky":false,"template":"","format":"standard","meta":{"footnotes":""},"categories":[23,27],"tags":[],"class_list":["post-632107","post","type-post","status-publish","format-standard","has-post-thumbnail","hentry","category-internacional","category-portada"],"_links":{"self":[{"href":"https:\/\/diariodominicano.com\/index.php?rest_route=\/wp\/v2\/posts\/632107","targetHints":{"allow":["GET"]}}],"collection":[{"href":"https:\/\/diariodominicano.com\/index.php?rest_route=\/wp\/v2\/posts"}],"about":[{"href":"https:\/\/diariodominicano.com\/index.php?rest_route=\/wp\/v2\/types\/post"}],"author":[{"embeddable":true,"href":"https:\/\/diariodominicano.com\/index.php?rest_route=\/wp\/v2\/users\/2"}],"replies":[{"embeddable":true,"href":"https:\/\/diariodominicano.com\/index.php?rest_route=%2Fwp%2Fv2%2Fcomments&post=632107"}],"version-history":[{"count":1,"href":"https:\/\/diariodominicano.com\/index.php?rest_route=\/wp\/v2\/posts\/632107\/revisions"}],"predecessor-version":[{"id":632109,"href":"https:\/\/diariodominicano.com\/index.php?rest_route=\/wp\/v2\/posts\/632107\/revisions\/632109"}],"wp:featuredmedia":[{"embeddable":true,"href":"https:\/\/diariodominicano.com\/index.php?rest_route=\/wp\/v2\/media\/632108"}],"wp:attachment":[{"href":"https:\/\/diariodominicano.com\/index.php?rest_route=%2Fwp%2Fv2%2Fmedia&parent=632107"}],"wp:term":[{"taxonomy":"category","embeddable":true,"href":"https:\/\/diariodominicano.com\/index.php?rest_route=%2Fwp%2Fv2%2Fcategories&post=632107"},{"taxonomy":"post_tag","embeddable":true,"href":"https:\/\/diariodominicano.com\/index.php?rest_route=%2Fwp%2Fv2%2Ftags&post=632107"}],"curies":[{"name":"wp","href":"https:\/\/api.w.org\/{rel}","templated":true}]}}