{"id":632104,"date":"2025-08-17T01:18:52","date_gmt":"2025-08-17T05:18:52","guid":{"rendered":"https:\/\/diariodominicano.com\/?p=632104"},"modified":"2025-08-17T01:18:57","modified_gmt":"2025-08-17T05:18:57","slug":"israel-intensifica-ataques-contra-la-franja-de-gaza","status":"publish","type":"post","link":"https:\/\/diariodominicano.com\/?p=632104","title":{"rendered":"Israel intensifica ataques contra la Franja de Gaza"},"content":{"rendered":"\n<p>Ramala, 16 ago (Prensa Latina) Nueve palestinos murieron y numerosos resultaron heridos hoy en una nueva ola de ataques israel\u00edes contra la Franja de Gaza, en medio de un incremento de las incursiones castrenses como paso previo a una gran ofensiva.<\/p>\n\n\n\n<ul class=\"wp-block-list\">\n<li><a href=\"https:\/\/www.prensa-latina.cu\/2025\/08\/16\/\"><time>agosto 16, 2025 | 04:50<\/time><\/a><\/li>\n<\/ul>\n\n\n\n<ul class=\"wp-block-list\">\n<li><a href=\"https:\/\/www.prensa-latina.cu\/2025\/08\/16\/israel-intensifica-ataques-contra-la-franja-de-gaza\/#\"><\/a><\/li>\n\n\n\n<li><a href=\"https:\/\/www.prensa-latina.cu\/2025\/08\/16\/israel-intensifica-ataques-contra-la-franja-de-gaza\/#\"><\/a><\/li>\n\n\n\n<li><a href=\"https:\/\/www.prensa-latina.cu\/2025\/08\/16\/israel-intensifica-ataques-contra-la-franja-de-gaza\/#\"><\/a><\/li>\n\n\n\n<li><a href=\"https:\/\/www.prensa-latina.cu\/2025\/08\/16\/israel-intensifica-ataques-contra-la-franja-de-gaza\/#\"><\/a><\/li>\n<\/ul>\n\n\n\n<p>Fuentes m\u00e9dicas reportaron que seis personas perdieron la vida, incluidos cuatro ni\u00f1os, y numerosas sufrieron lesiones esta ma\u00f1ana tras un bombardeo de la aviaci\u00f3n contra una vivienda ubicada en el campamento de refugiados de Al-Bureij.<\/p>\n\n\n\n<p>La agencia oficial de noticias Wafa inform\u00f3 que un matrimonio falleci\u00f3 en un incidente similar contra una tienda de campa\u00f1a que albergaba a personas desplazadas en la zona de Mawasi al-Qarara.<\/p>\n\n\n\n<p>Wafa precis\u00f3 que un pescador muri\u00f3 y otro fue herido cuando una embarcaci\u00f3n de guerra israel\u00ed abri\u00f3 fuego con ametralladoras contra un barco pesquero frente a la costa del enclave costero.<\/p>\n\n\n\n<p>Por su parte, la televisora Al Jazeera denunci\u00f3 \u201cincesantes bombardeos israel\u00edes\u201d en las \u00faltimas horas contra diversas a\u00e9reas en Gaza mientras el Ej\u00e9rcito se alista para una gran ofensiva militar.<\/p>\n\n\n\n<p>Precisamente, en declaraciones a ese medio noticioso, el vocero de la Defensa Civil en el territorio, Mahmoud Basal, denunci\u00f3 que los militares abren fuego sistem\u00e1ticamente contra los equipos de socorro que intentan llegar a los heridos.<\/p>\n\n\n\n<p>Mientras, un corresponsal de la cadena inform\u00f3 que las Fuerzas Armadas desplegaron \u201cartiller\u00eda pesada, drones y aviones de combate\u201d contra la norte\u00f1a ciudad de Gaza, donde cuatro barrios sufrieron \u201cbombardeos implacables que sacudieron el suelo\u201d.<\/p>\n\n\n\n<p>El objetivo es el desmantelamiento de la vida civil para evitar que las personas regresen, subray\u00f3 el periodista.<\/p>\n\n\n\n<p>La pasada semana el gabinete de seguridad israel\u00ed aprob\u00f3 un plan presentado por Netanyahu para reocupar Gaza, que incluir\u00e1 la movilizaci\u00f3n de entre 80 mil y 100 mil reservistas, pese al rechazo internacional.<\/p>\n\n\n\n<p>mem\/rob<\/p>\n\n\n\n<ul class=\"wp-block-list\">\n<li>#<a href=\"https:\/\/www.prensa-latina.cu\/etiqueta\/ataques\/\">ataques<\/a>\u00a0#<a href=\"https:\/\/www.prensa-latina.cu\/etiqueta\/gaza\/\">gaza<\/a>\u00a0#<a href=\"https:\/\/www.prensa-latina.cu\/etiqueta\/israel\/\">Israel<\/a>\u00a0#<a href=\"https:\/\/www.prensa-latina.cu\/etiqueta\/palestina\/\">PALESTINA<\/a><\/li>\n<\/ul>\n","protected":false},"excerpt":{"rendered":"<p>Ramala, 16 ago (Prensa Latina) Nueve palestinos murieron y numerosos resultaron heridos hoy en una nueva ola de ataques israel\u00edes contra la Franja de Gaza, en medio de un incremento de las incursiones castrenses como paso previo a una gran ofensiva. Fuentes m\u00e9dicas reportaron que seis personas perdieron la vida, incluidos cuatro ni\u00f1os, y numerosas [&hellip;]<\/p>\n","protected":false},"author":2,"featured_media":632105,"comment_status":"closed","ping_status":"closed","sticky":false,"template":"","format":"standard","meta":{"footnotes":""},"categories":[23],"tags":[],"class_list":["post-632104","post","type-post","status-publish","format-standard","has-post-thumbnail","hentry","category-internacional"],"_links":{"self":[{"href":"https:\/\/diariodominicano.com\/index.php?rest_route=\/wp\/v2\/posts\/632104","targetHints":{"allow":["GET"]}}],"collection":[{"href":"https:\/\/diariodominicano.com\/index.php?rest_route=\/wp\/v2\/posts"}],"about":[{"href":"https:\/\/diariodominicano.com\/index.php?rest_route=\/wp\/v2\/types\/post"}],"author":[{"embeddable":true,"href":"https:\/\/diariodominicano.com\/index.php?rest_route=\/wp\/v2\/users\/2"}],"replies":[{"embeddable":true,"href":"https:\/\/diariodominicano.com\/index.php?rest_route=%2Fwp%2Fv2%2Fcomments&post=632104"}],"version-history":[{"count":1,"href":"https:\/\/diariodominicano.com\/index.php?rest_route=\/wp\/v2\/posts\/632104\/revisions"}],"predecessor-version":[{"id":632106,"href":"https:\/\/diariodominicano.com\/index.php?rest_route=\/wp\/v2\/posts\/632104\/revisions\/632106"}],"wp:featuredmedia":[{"embeddable":true,"href":"https:\/\/diariodominicano.com\/index.php?rest_route=\/wp\/v2\/media\/632105"}],"wp:attachment":[{"href":"https:\/\/diariodominicano.com\/index.php?rest_route=%2Fwp%2Fv2%2Fmedia&parent=632104"}],"wp:term":[{"taxonomy":"category","embeddable":true,"href":"https:\/\/diariodominicano.com\/index.php?rest_route=%2Fwp%2Fv2%2Fcategories&post=632104"},{"taxonomy":"post_tag","embeddable":true,"href":"https:\/\/diariodominicano.com\/index.php?rest_route=%2Fwp%2Fv2%2Ftags&post=632104"}],"curies":[{"name":"wp","href":"https:\/\/api.w.org\/{rel}","templated":true}]}}