{"id":632083,"date":"2025-08-17T00:35:46","date_gmt":"2025-08-17T04:35:46","guid":{"rendered":"https:\/\/diariodominicano.com\/?p=632083"},"modified":"2025-08-17T00:35:53","modified_gmt":"2025-08-17T04:35:53","slug":"miles-marchan-en-nueva-york-contra-genocidio-en-gaza-foto-post","status":"publish","type":"post","link":"https:\/\/diariodominicano.com\/?p=632083","title":{"rendered":"Miles marchan en Nueva York contra genocidio en Gaza (+Foto +Post)"},"content":{"rendered":"\n<p>Washington, 16 ago (Prensa Latina) Miles de personas se unieron hoy en la ciudad estadounidense de Nueva York a la Marcha Masiva por la Humanidad para exigir el fin del genocidio israel\u00ed y la hambruna en Gaza.<\/p>\n\n\n\n<ul class=\"wp-block-list\">\n<li><a href=\"https:\/\/www.prensa-latina.cu\/2025\/08\/16\/\"><time>agosto 16, 2025 | 17:33<\/time><\/a><\/li>\n<\/ul>\n\n\n\n<ul class=\"wp-block-list\">\n<li><a href=\"https:\/\/www.prensa-latina.cu\/2025\/08\/16\/miles-marchan-en-nueva-york-contra-genocidio-en-gaza\/#\"><\/a><\/li>\n\n\n\n<li><a href=\"https:\/\/www.prensa-latina.cu\/2025\/08\/16\/miles-marchan-en-nueva-york-contra-genocidio-en-gaza\/#\"><\/a><\/li>\n\n\n\n<li><a href=\"https:\/\/www.prensa-latina.cu\/2025\/08\/16\/miles-marchan-en-nueva-york-contra-genocidio-en-gaza\/#\"><\/a><\/li>\n\n\n\n<li><a href=\"https:\/\/www.prensa-latina.cu\/2025\/08\/16\/miles-marchan-en-nueva-york-contra-genocidio-en-gaza\/#\"><\/a><\/li>\n<\/ul>\n\n\n\n<p>La protesta incluy\u00f3 a activistas, miembros de diferentes organizaciones sociales, periodistas que condenaron el asesinato de sus colegas en Gaza; as\u00ed como artistas e incluso ni\u00f1os que se unieron para apoyar a asediado enclave y oponerse a los cr\u00edmenes de Israel contra la poblaci\u00f3n palestina.<\/p>\n\n\n\n<p>Mahmoud Khalil, un exestudiante palestino graduado en la neoyorquina Universidad de Columbia que estuvo bajo custodia del Servicio de Inmigraci\u00f3n y Control de Aduanas (ICE), pese a ser un residente legal en Estados Unidos, fue uno de los oradores.<\/p>\n\n\n\n<p>https:\/\/platform.twitter.com\/embed\/Tweet.html?creatorScreenName=PrensaLatina_cu&#038;dnt=false&#038;embedId=twitter-widget-0&#038;features=eyJ0ZndfdGltZWxpbmVfbGlzdCI6eyJidWNrZXQiOltdLCJ2ZXJzaW9uIjpudWxsfSwidGZ3X2ZvbGxvd2VyX2NvdW50X3N1bnNldCI6eyJidWNrZXQiOnRydWUsInZlcnNpb24iOm51bGx9LCJ0ZndfdHdlZXRfZWRpdF9iYWNrZW5kIjp7ImJ1Y2tldCI6Im9uIiwidmVyc2lvbiI6bnVsbH0sInRmd19yZWZzcmNfc2Vzc2lvbiI6eyJidWNrZXQiOiJvbiIsInZlcnNpb24iOm51bGx9LCJ0ZndfZm9zbnJfc29mdF9pbnRlcnZlbnRpb25zX2VuYWJsZWQiOnsiYnVja2V0Ijoib24iLCJ2ZXJzaW9uIjpudWxsfSwidGZ3X21peGVkX21lZGlhXzE1ODk3Ijp7ImJ1Y2tldCI6InRyZWF0bWVudCIsInZlcnNpb24iOm51bGx9LCJ0ZndfZXhwZXJpbWVudHNfY29va2llX2V4cGlyYXRpb24iOnsiYnVja2V0IjoxMjA5NjAwLCJ2ZXJzaW9uIjpudWxsfSwidGZ3X3Nob3dfYmlyZHdhdGNoX3Bpdm90c19lbmFibGVkIjp7ImJ1Y2tldCI6Im9uIiwidmVyc2lvbiI6bnVsbH0sInRmd19kdXBsaWNhdGVfc2NyaWJlc190b19zZXR0aW5ncyI6eyJidWNrZXQiOiJvbiIsInZlcnNpb24iOm51bGx9LCJ0ZndfdXNlX3Byb2ZpbGVfaW1hZ2Vfc2hhcGVfZW5hYmxlZCI6eyJidWNrZXQiOiJvbiIsInZlcnNpb24iOm51bGx9LCJ0ZndfdmlkZW9faGxzX2R5bmFtaWNfbWFuaWZlc3RzXzE1MDgyIjp7ImJ1Y2tldCI6InRydWVfYml0cmF0ZSIsInZlcnNpb24iOm51bGx9LCJ0ZndfbGVnYWN5X3RpbWVsaW5lX3N1bnNldCI6eyJidWNrZXQiOnRydWUsInZlcnNpb24iOm51bGx9LCJ0ZndfdHdlZXRfZWRpdF9mcm9udGVuZCI6eyJidWNrZXQiOiJvbiIsInZlcnNpb24iOm51bGx9fQ%3D%3D&#038;frame=false&#038;hideCard=false&#038;hideThread=false&#038;id=1956806541480177870&#038;lang=es&#038;origin=https%3A%2F%2Fwww.prensa-latina.cu%2F2025%2F08%2F16%2Fmiles-marchan-en-nueva-york-contra-genocidio-en-gaza%2F&#038;sessionId=f5754320bb83c376e14857dda39bd73dfec0f0c0&#038;siteScreenName=PrensaLatina_cu&#038;theme=light&#038;widgetsVersion=2615f7e52b7e0%3A1702314776716&#038;width=550px<\/p>\n\n\n\n<p>El joven activista, a quien arrestaron en medio de la ola de redadas migratorias en el pa\u00eds, se pregunt\u00f3: \u00ab\u00bfEn qu\u00e9 mundo es normal bombardear hospitales hasta convertirlos en polvo mientras los pacientes se desangran en el suelo?\u00bb<\/p>\n\n\n\n<p>Sin embargo -advirti\u00f3- Israel insiste en que es normal y el mundo lo ha imitado. \u00abLa muerte palestina se ha convertido en cifras\u00bb, sentenci\u00f3.<\/p>\n\n\n\n<p>En Nueva York habl\u00f3 tambi\u00e9n el sindicalista Chris Smalls, quien relat\u00f3 su participaci\u00f3n en la Flotilla de la Libertad y su encarcelamiento por parte de Israel.<\/p>\n\n\n\n<p>Por su parte, en Washington DC, la capital del pa\u00eds, centenares de personas se pronunciaron contra la toma del control federal del Departamento de Polic\u00eda Metropolitana y el despliegue de la Guardia Nacional la polic\u00eda en la capital.<\/p>\n\n\n\n<figure class=\"wp-block-image\"><img decoding=\"async\" src=\"https:\/\/www.prensa-latina.cu\/wp-content\/uploads\/2025\/08\/protesta-1.jpg\" alt=\"\" class=\"wp-image-1616881\"\/><\/figure>\n\n\n\n<p>El presidente Donald Trump anunci\u00f3 el lunes pasado la medida con la excusa de \u00abrescatar la capital de nuestra naci\u00f3n del crimen, el derramamiento de sangre, el caos y la miseria\u00bb, pese a que la delincuencia en Washington DC disminuy\u00f3 un 35 por ciento el pasado a\u00f1o con respecto a 2023, su nivel m\u00e1s bajo en tres d\u00e9cadas, de acuerdo con datos de las autoridades.<\/p>\n\n\n\n<p>Bajo la Ley de Autonom\u00eda Local, Trump puede tomar el control temporal del departamento de polic\u00eda del distrito si determina que existen \u00abcondiciones especiales de emergencia\u00bb, por eso declar\u00f3 una emergencia de seguridad p\u00fablica.<\/p>\n\n\n\n<p>mem\/dfm<\/p>\n\n\n\n<ul class=\"wp-block-list\">\n<li>#<a href=\"https:\/\/www.prensa-latina.cu\/etiqueta\/palestina\/\">PALESTINA<\/a>\u00a0#<a href=\"https:\/\/www.prensa-latina.cu\/etiqueta\/protestas\/\">protestas<\/a><\/li>\n<\/ul>\n","protected":false},"excerpt":{"rendered":"<p>Washington, 16 ago (Prensa Latina) Miles de personas se unieron hoy en la ciudad estadounidense de Nueva York a la Marcha Masiva por la Humanidad para exigir el fin del genocidio israel\u00ed y la hambruna en Gaza. La protesta incluy\u00f3 a activistas, miembros de diferentes organizaciones sociales, periodistas que condenaron el asesinato de sus colegas [&hellip;]<\/p>\n","protected":false},"author":2,"featured_media":632084,"comment_status":"closed","ping_status":"closed","sticky":false,"template":"","format":"standard","meta":{"footnotes":""},"categories":[36,23],"tags":[],"class_list":["post-632083","post","type-post","status-publish","format-standard","has-post-thumbnail","hentry","category-hombresmujeresycosas","category-internacional"],"_links":{"self":[{"href":"https:\/\/diariodominicano.com\/index.php?rest_route=\/wp\/v2\/posts\/632083","targetHints":{"allow":["GET"]}}],"collection":[{"href":"https:\/\/diariodominicano.com\/index.php?rest_route=\/wp\/v2\/posts"}],"about":[{"href":"https:\/\/diariodominicano.com\/index.php?rest_route=\/wp\/v2\/types\/post"}],"author":[{"embeddable":true,"href":"https:\/\/diariodominicano.com\/index.php?rest_route=\/wp\/v2\/users\/2"}],"replies":[{"embeddable":true,"href":"https:\/\/diariodominicano.com\/index.php?rest_route=%2Fwp%2Fv2%2Fcomments&post=632083"}],"version-history":[{"count":1,"href":"https:\/\/diariodominicano.com\/index.php?rest_route=\/wp\/v2\/posts\/632083\/revisions"}],"predecessor-version":[{"id":632085,"href":"https:\/\/diariodominicano.com\/index.php?rest_route=\/wp\/v2\/posts\/632083\/revisions\/632085"}],"wp:featuredmedia":[{"embeddable":true,"href":"https:\/\/diariodominicano.com\/index.php?rest_route=\/wp\/v2\/media\/632084"}],"wp:attachment":[{"href":"https:\/\/diariodominicano.com\/index.php?rest_route=%2Fwp%2Fv2%2Fmedia&parent=632083"}],"wp:term":[{"taxonomy":"category","embeddable":true,"href":"https:\/\/diariodominicano.com\/index.php?rest_route=%2Fwp%2Fv2%2Fcategories&post=632083"},{"taxonomy":"post_tag","embeddable":true,"href":"https:\/\/diariodominicano.com\/index.php?rest_route=%2Fwp%2Fv2%2Ftags&post=632083"}],"curies":[{"name":"wp","href":"https:\/\/api.w.org\/{rel}","templated":true}]}}