{"id":632066,"date":"2025-08-17T00:15:11","date_gmt":"2025-08-17T04:15:11","guid":{"rendered":"https:\/\/diariodominicano.com\/?p=632066"},"modified":"2025-08-17T00:23:17","modified_gmt":"2025-08-17T04:23:17","slug":"convergencia-lanza-su-propuesta-para-transformar-y-dignificar-el-cdp","status":"publish","type":"post","link":"https:\/\/diariodominicano.com\/?p=632066","title":{"rendered":"Convergencia lanza su propuesta para transformar y dignificar el CDP"},"content":{"rendered":"\n<p>Luis Garcia, Gustavo Guzman, Rafael Peralta Romero y Descorides de la Rosa.<\/p>\n\n\n\n<figure class=\"wp-block-image size-large\"><img loading=\"lazy\" decoding=\"async\" width=\"1024\" height=\"682\" src=\"https:\/\/diariodominicano.com\/wp-content\/uploads\/2025\/08\/Gustavo-Guzman-yPlancha-77-1024x682.jpeg\" alt=\"\" class=\"wp-image-632069\" srcset=\"https:\/\/diariodominicano.com\/wp-content\/uploads\/2025\/08\/Gustavo-Guzman-yPlancha-77-1024x682.jpeg 1024w, https:\/\/diariodominicano.com\/wp-content\/uploads\/2025\/08\/Gustavo-Guzman-yPlancha-77-300x200.jpeg 300w, https:\/\/diariodominicano.com\/wp-content\/uploads\/2025\/08\/Gustavo-Guzman-yPlancha-77-768x512.jpeg 768w, https:\/\/diariodominicano.com\/wp-content\/uploads\/2025\/08\/Gustavo-Guzman-yPlancha-77-816x544.jpeg 816w, https:\/\/diariodominicano.com\/wp-content\/uploads\/2025\/08\/Gustavo-Guzman-yPlancha-77.jpeg 1280w\" sizes=\"auto, (max-width: 1024px) 100vw, 1024px\" \/><\/figure>\n\n\n\n<p>Reafirmar compromiso con la institucionalidad y la \u00e9tica gremial<\/p>\n\n\n\n<p>Santo Domingo, RD. Con miras a las elecciones que definir\u00e1n el rumbo del Colegio Dominicano de Periodistas (CDP), el Movimiento Period\u00edstico Convergencia present\u00f3 a los hombres y mujeres que conforman su plancha, enarbolando la unidad, la \u00e9tica y el compromiso con la profesi\u00f3n.<\/p>\n\n\n\n<p>Encabezada por el periodista Gustavo Guzm\u00e1n, aspirante a la presidencia del CDP, la plancha est\u00e1 integrada por Luis Garc\u00eda, candidato a presidir el Consejo de Administraci\u00f3n del IPPP; Rafael Peralta Romero, aspirante a presidir el Tribunal Disciplinario; y Descorides de la Rosa, candidato a la Secretar\u00eda General de la seccional del Distrito Nacional, junto a m\u00e1s de una veintena de colegas que completan la propuesta.<\/p>\n\n\n\n<figure class=\"wp-block-image size-large\"><img loading=\"lazy\" decoding=\"async\" width=\"1024\" height=\"683\" src=\"https:\/\/diariodominicano.com\/wp-content\/uploads\/2025\/08\/Plancha-1024x683.jpeg\" alt=\"\" class=\"wp-image-632071\" srcset=\"https:\/\/diariodominicano.com\/wp-content\/uploads\/2025\/08\/Plancha-1024x683.jpeg 1024w, https:\/\/diariodominicano.com\/wp-content\/uploads\/2025\/08\/Plancha-300x200.jpeg 300w, https:\/\/diariodominicano.com\/wp-content\/uploads\/2025\/08\/Plancha-768x512.jpeg 768w, https:\/\/diariodominicano.com\/wp-content\/uploads\/2025\/08\/Plancha-1536x1024.jpeg 1536w, https:\/\/diariodominicano.com\/wp-content\/uploads\/2025\/08\/Plancha-2048x1365.jpeg 2048w, https:\/\/diariodominicano.com\/wp-content\/uploads\/2025\/08\/Plancha-816x544.jpeg 816w\" sizes=\"auto, (max-width: 1024px) 100vw, 1024px\" \/><\/figure>\n\n\n\n<p>La misma combina capacidad, experiencia y honestidad con el prop\u00f3sito de lograr un gremio m\u00e1s fuerte, moderno y cercano a sus miembros.<\/p>\n\n\n\n<p>Durante el acto, Guzm\u00e1n afirm\u00f3 que el CDP requiere profundas transformaciones para convertirse en una instituci\u00f3n representativa, fortalecida e integrada a la sociedad.<\/p>\n\n\n\n<figure class=\"wp-block-image size-large\"><img loading=\"lazy\" decoding=\"async\" width=\"1024\" height=\"682\" src=\"https:\/\/diariodominicano.com\/wp-content\/uploads\/2025\/08\/Plancha-2-1024x682.jpeg\" alt=\"\" class=\"wp-image-632074\" srcset=\"https:\/\/diariodominicano.com\/wp-content\/uploads\/2025\/08\/Plancha-2-1024x682.jpeg 1024w, https:\/\/diariodominicano.com\/wp-content\/uploads\/2025\/08\/Plancha-2-300x200.jpeg 300w, https:\/\/diariodominicano.com\/wp-content\/uploads\/2025\/08\/Plancha-2-768x512.jpeg 768w, https:\/\/diariodominicano.com\/wp-content\/uploads\/2025\/08\/Plancha-2-816x544.jpeg 816w, https:\/\/diariodominicano.com\/wp-content\/uploads\/2025\/08\/Plancha-2.jpeg 1280w\" sizes=\"auto, (max-width: 1024px) 100vw, 1024px\" \/><\/figure>\n\n\n\n<p>\u201cQueremos que el CDP sea un verdadero respaldo, que cada periodista se sienta protegido social y laboralmente, y que nuestra profesi\u00f3n recupere el prestigio que siempre ha merecido\u201d, expres\u00f3.<\/p>\n\n\n\n<p>Destac\u00f3 que la unidad no es un eslogan vac\u00edo, sino la base para enfrentar los grandes retos, y reiter\u00f3 que la \u00fanica alianza del Movimiento Convergencia es con la \u00e9tica, la decencia y la profesionalizaci\u00f3n.<\/p>\n\n\n\n<p>Mientras, Luis Garc\u00eda subray\u00f3 la importancia de elevar la calidad de vida de los miembros del CDP, mediante la implementaci\u00f3n de programas de apoyo social efectivos.<\/p>\n\n\n\n<p>En tanto, el profesor Rafael Peralta Romero se\u00f1al\u00f3 como prioridad hacer funcional el Tribunal Disciplinario para garantizar la aplicaci\u00f3n de las normas \u00e9ticas y resolver conflictos con transparencia.<\/p>\n\n\n\n<p>A su vez, Descomides de la Rosa advirti\u00f3 que el Colegio no puede seguir atrapado por intereses personales o grupales.<\/p>\n\n\n\n<p>\u201cEs momento de un liderazgo firme, dialogante y orientado al bien com\u00fan\u201d, manifest\u00f3.<\/p>\n\n\n\n<p><strong>Ejes de la propuesta<\/strong><\/p>\n\n\n\n<p>Modernizaci\u00f3n institucional del CDP. Implementaci\u00f3n de un sistema de seguridad social con servicios m\u00e9dicos y odontol\u00f3gicos. Campa\u00f1a para atraer y respaldar a los j\u00f3venes periodistas. Fortalecimiento del Tribunal Disciplinario como garante de la \u00e9tica profesional.<\/p>\n\n\n\n<p>El Movimiento reafirm\u00f3 su compromiso con una gesti\u00f3n participativa, transparente y orientada al bienestar de los periodistas, con la meta de lograr un CDP moderno, respetado, unido y preparado para los nuevos desaf\u00edos del periodismo.<\/p>\n\n\n\n<p>Las palabras de bienvenida estuvieron a cargo del coordinador del movimiento, Pedro Belliard, quien resalt\u00f3 la calidad y el compromiso de los integrantes de la plancha.<\/p>\n\n\n\n<p>El acto que se realiz\u00f3 en la Plaza Jardines de Gazcue, cont\u00f3 con la presencia de reconocidos periodistas, colegas y allegados, entre ellos el expresidente del CDP y veterano dirigente gremial \u00d3scar L\u00f3pez Reyes, quien manifest\u00f3 su respaldo a la propuesta de Convergencia.<\/p>\n\n\n\n<p>16 de agosto de 2025<\/p>\n\n\n\n<p>Coordinaci\u00f3n de Prensa<\/p>\n","protected":false},"excerpt":{"rendered":"<p>Luis Garcia, Gustavo Guzman, Rafael Peralta Romero y Descorides de la Rosa. Reafirmar compromiso con la institucionalidad y la \u00e9tica gremial Santo Domingo, RD. Con miras a las elecciones que definir\u00e1n el rumbo del Colegio Dominicano de Periodistas (CDP), el Movimiento Period\u00edstico Convergencia present\u00f3 a los hombres y mujeres que conforman su plancha, enarbolando la [&hellip;]<\/p>\n","protected":false},"author":2,"featured_media":632067,"comment_status":"closed","ping_status":"closed","sticky":false,"template":"","format":"standard","meta":{"footnotes":""},"categories":[36,20,27],"tags":[],"class_list":["post-632066","post","type-post","status-publish","format-standard","has-post-thumbnail","hentry","category-hombresmujeresycosas","category-dominicana-hoy","category-portada"],"_links":{"self":[{"href":"https:\/\/diariodominicano.com\/index.php?rest_route=\/wp\/v2\/posts\/632066","targetHints":{"allow":["GET"]}}],"collection":[{"href":"https:\/\/diariodominicano.com\/index.php?rest_route=\/wp\/v2\/posts"}],"about":[{"href":"https:\/\/diariodominicano.com\/index.php?rest_route=\/wp\/v2\/types\/post"}],"author":[{"embeddable":true,"href":"https:\/\/diariodominicano.com\/index.php?rest_route=\/wp\/v2\/users\/2"}],"replies":[{"embeddable":true,"href":"https:\/\/diariodominicano.com\/index.php?rest_route=%2Fwp%2Fv2%2Fcomments&post=632066"}],"version-history":[{"count":3,"href":"https:\/\/diariodominicano.com\/index.php?rest_route=\/wp\/v2\/posts\/632066\/revisions"}],"predecessor-version":[{"id":632075,"href":"https:\/\/diariodominicano.com\/index.php?rest_route=\/wp\/v2\/posts\/632066\/revisions\/632075"}],"wp:featuredmedia":[{"embeddable":true,"href":"https:\/\/diariodominicano.com\/index.php?rest_route=\/wp\/v2\/media\/632067"}],"wp:attachment":[{"href":"https:\/\/diariodominicano.com\/index.php?rest_route=%2Fwp%2Fv2%2Fmedia&parent=632066"}],"wp:term":[{"taxonomy":"category","embeddable":true,"href":"https:\/\/diariodominicano.com\/index.php?rest_route=%2Fwp%2Fv2%2Fcategories&post=632066"},{"taxonomy":"post_tag","embeddable":true,"href":"https:\/\/diariodominicano.com\/index.php?rest_route=%2Fwp%2Fv2%2Ftags&post=632066"}],"curies":[{"name":"wp","href":"https:\/\/api.w.org\/{rel}","templated":true}]}}