{"id":632062,"date":"2025-08-17T00:07:42","date_gmt":"2025-08-17T04:07:42","guid":{"rendered":"https:\/\/diariodominicano.com\/?p=632062"},"modified":"2025-08-17T00:07:48","modified_gmt":"2025-08-17T04:07:48","slug":"putin-considero-visita-a-alaska-oportuna-y-muy-util","status":"publish","type":"post","link":"https:\/\/diariodominicano.com\/?p=632062","title":{"rendered":"Putin consider\u00f3 visita a Alaska oportuna y muy \u00fatil"},"content":{"rendered":"\n<p>Mosc\u00fa, 16 ago (Prensa Latina) El presidente Vladimir Putin, declar\u00f3 hoy en una reuni\u00f3n en esta capital para abordar los resultados de la cumbre ruso-estadounidense, que su visita a Alaska fue oportuna y muy \u00fatil.<\/p>\n\n\n\n<ul class=\"wp-block-list\">\n<li><a href=\"https:\/\/www.prensa-latina.cu\/2025\/08\/16\/\"><time>agosto 16, 2025 | 14:57<\/time><\/a><\/li>\n<\/ul>\n\n\n\n<ul class=\"wp-block-list\">\n<li><a href=\"https:\/\/www.prensa-latina.cu\/2025\/08\/16\/putin-considero-visita-a-alaska-oportuna-y-muy-util\/#\"><\/a><\/li>\n\n\n\n<li><a href=\"https:\/\/www.prensa-latina.cu\/2025\/08\/16\/putin-considero-visita-a-alaska-oportuna-y-muy-util\/#\"><\/a><\/li>\n\n\n\n<li><a href=\"https:\/\/www.prensa-latina.cu\/2025\/08\/16\/putin-considero-visita-a-alaska-oportuna-y-muy-util\/#\"><\/a><\/li>\n\n\n\n<li><a href=\"https:\/\/www.prensa-latina.cu\/2025\/08\/16\/putin-considero-visita-a-alaska-oportuna-y-muy-util\/#\"><\/a><\/li>\n<\/ul>\n\n\n\n<p>\u00abQuiero se\u00f1alar de inmediato que la visita fue oportuna y muy \u00fatil\u00bb, dijo Putin y se\u00f1al\u00f3 que en Alaska hubo la oportunidad de exponer con calma y detalle la posici\u00f3n de Rusia\u201d, seg\u00fan destac\u00f3 este s\u00e1bado la oficina de prensa del Kremlin.<\/p>\n\n\n\n<p>El mandatario refiri\u00f3 igualmente que hac\u00eda mucho tiempo que no se manten\u00edan negociaciones directas de ese tipo a tal nivel.<\/p>\n\n\n\n<p>Las conversaciones entre Putin y su hom\u00f3logo estadounidense, Donald Trump, que tuvieron lugar la v\u00edspera en Alaska duraron m\u00e1s de dos horas y media, tras lo cual, los l\u00edderes de ambos pa\u00edses ofrecieron una rueda de prensa conjunta.<\/p>\n\n\n\n<p>A la reuni\u00f3n asistieron por la parte rusa el ministro de Asuntos Exteriores ruso, Sergu\u00e9i Lavrov, y el asesor presidencial, Yuri Ushakov. Estados Unidos estuvo representado por el secretario de Estado, Marco Rubio, y el representante especial del l\u00edder estadounidense, Steven Witkoff.<\/p>\n\n\n\n<p>Tras las conversaciones, Putin afirm\u00f3 que la situaci\u00f3n en torno a Ucrania fue uno de los temas centrales de discusi\u00f3n en Alaska, y tambi\u00e9n se\u00f1al\u00f3 que Trump y \u00e9l hab\u00edan establecido buenos contactos comerciales y de confianza.<\/p>\n\n\n\n<p>En su opini\u00f3n, siguiendo por esa v\u00eda, era posible poner fin al conflicto en Ucrania. Trump, por su parte, afirm\u00f3 que no hab\u00eda coincidencia con Rusia en varios puntos relacionados con Ucrania, pero que las partes ten\u00edan grandes posibilidades de llegar a un acuerdo.<\/p>\n\n\n\n<p>mem\/gfa<\/p>\n\n\n\n<ul class=\"wp-block-list\">\n<li>#<a href=\"https:\/\/www.prensa-latina.cu\/etiqueta\/alaska\/\">alaska<\/a>\u00a0#<a href=\"https:\/\/www.prensa-latina.cu\/etiqueta\/considero\/\">consider\u00f3<\/a>\u00a0#<a href=\"https:\/\/www.prensa-latina.cu\/etiqueta\/oportuna\/\">oportuna<\/a>\u00a0#<a href=\"https:\/\/www.prensa-latina.cu\/etiqueta\/putin\/\">Putin<\/a>\u00a0#<a href=\"https:\/\/www.prensa-latina.cu\/etiqueta\/rusia\/\">Rusia<\/a>\u00a0#<a href=\"https:\/\/www.prensa-latina.cu\/etiqueta\/visita\/\">visita<\/a><\/li>\n<\/ul>\n","protected":false},"excerpt":{"rendered":"<p>Mosc\u00fa, 16 ago (Prensa Latina) El presidente Vladimir Putin, declar\u00f3 hoy en una reuni\u00f3n en esta capital para abordar los resultados de la cumbre ruso-estadounidense, que su visita a Alaska fue oportuna y muy \u00fatil. \u00abQuiero se\u00f1alar de inmediato que la visita fue oportuna y muy \u00fatil\u00bb, dijo Putin y se\u00f1al\u00f3 que en Alaska hubo [&hellip;]<\/p>\n","protected":false},"author":2,"featured_media":632063,"comment_status":"closed","ping_status":"closed","sticky":false,"template":"","format":"standard","meta":{"footnotes":""},"categories":[36,23],"tags":[],"class_list":["post-632062","post","type-post","status-publish","format-standard","has-post-thumbnail","hentry","category-hombresmujeresycosas","category-internacional"],"_links":{"self":[{"href":"https:\/\/diariodominicano.com\/index.php?rest_route=\/wp\/v2\/posts\/632062","targetHints":{"allow":["GET"]}}],"collection":[{"href":"https:\/\/diariodominicano.com\/index.php?rest_route=\/wp\/v2\/posts"}],"about":[{"href":"https:\/\/diariodominicano.com\/index.php?rest_route=\/wp\/v2\/types\/post"}],"author":[{"embeddable":true,"href":"https:\/\/diariodominicano.com\/index.php?rest_route=\/wp\/v2\/users\/2"}],"replies":[{"embeddable":true,"href":"https:\/\/diariodominicano.com\/index.php?rest_route=%2Fwp%2Fv2%2Fcomments&post=632062"}],"version-history":[{"count":1,"href":"https:\/\/diariodominicano.com\/index.php?rest_route=\/wp\/v2\/posts\/632062\/revisions"}],"predecessor-version":[{"id":632064,"href":"https:\/\/diariodominicano.com\/index.php?rest_route=\/wp\/v2\/posts\/632062\/revisions\/632064"}],"wp:featuredmedia":[{"embeddable":true,"href":"https:\/\/diariodominicano.com\/index.php?rest_route=\/wp\/v2\/media\/632063"}],"wp:attachment":[{"href":"https:\/\/diariodominicano.com\/index.php?rest_route=%2Fwp%2Fv2%2Fmedia&parent=632062"}],"wp:term":[{"taxonomy":"category","embeddable":true,"href":"https:\/\/diariodominicano.com\/index.php?rest_route=%2Fwp%2Fv2%2Fcategories&post=632062"},{"taxonomy":"post_tag","embeddable":true,"href":"https:\/\/diariodominicano.com\/index.php?rest_route=%2Fwp%2Fv2%2Ftags&post=632062"}],"curies":[{"name":"wp","href":"https:\/\/api.w.org\/{rel}","templated":true}]}}