{"id":631996,"date":"2025-08-16T12:02:11","date_gmt":"2025-08-16T16:02:11","guid":{"rendered":"https:\/\/diariodominicano.com\/?p=631996"},"modified":"2025-08-16T12:02:16","modified_gmt":"2025-08-16T16:02:16","slug":"putin-expreso-a-trump-condiciones-de-rusia-para-fin-del-ucraniano","status":"publish","type":"post","link":"https:\/\/diariodominicano.com\/?p=631996","title":{"rendered":"Putin expres\u00f3 a Trump condiciones de Rusia para fin del ucraniano"},"content":{"rendered":"\n<p>Mosc\u00fa, 16 ago (Prensa Latina) El presidente ruso, Vladimir Putin, explic\u00f3 a su par estadounidense, Donald Trump, las condiciones de Mosc\u00fa para poner fin al conflicto ucraniano, se\u00f1al\u00f3 hoy el vicepresidente del Consejo de Seguridad el pa\u00eds eslavo, Dmitri Medv\u00e9dev.<\/p>\n\n\n\n<ul class=\"wp-block-list\">\n<li><a href=\"https:\/\/www.prensa-latina.cu\/2025\/08\/16\/\"><time>agosto 16, 2025 | 05:11<\/time><\/a><\/li>\n<\/ul>\n\n\n\n<ul class=\"wp-block-list\">\n<li><a href=\"https:\/\/www.prensa-latina.cu\/2025\/08\/16\/putin-expreso-a-trump-condiciones-de-rusia-para-fin-del-ucraniano\/#\"><\/a><\/li>\n\n\n\n<li><a href=\"https:\/\/www.prensa-latina.cu\/2025\/08\/16\/putin-expreso-a-trump-condiciones-de-rusia-para-fin-del-ucraniano\/#\"><\/a><\/li>\n\n\n\n<li><a href=\"https:\/\/www.prensa-latina.cu\/2025\/08\/16\/putin-expreso-a-trump-condiciones-de-rusia-para-fin-del-ucraniano\/#\"><\/a><\/li>\n\n\n\n<li><a href=\"https:\/\/www.prensa-latina.cu\/2025\/08\/16\/putin-expreso-a-trump-condiciones-de-rusia-para-fin-del-ucraniano\/#\"><\/a><\/li>\n<\/ul>\n\n\n\n<p>\u00abEl mandatario ruso explic\u00f3 personalmente y con lujo de detalles al presidente estadounidense nuestras condiciones para poner fin al conflicto en Ucrania durante su hist\u00f3rico encentro en Alaska\u201d, escribi\u00f3 Medv\u00e9dev en su canal de Telegram.<\/p>\n\n\n\n<p>Seg\u00fan el tambi\u00e9n expresidente de Rusia, \u00ablo principal es que ambas partes coincidieron en que Kiev y Bruselas son responsables de lograr resultados futuros en las negociaciones para poner fin de las acciones militares\u00bb.<\/p>\n\n\n\n<p>\u00abTras una conversaci\u00f3n de casi tres horas, el morador de la Casa Blanca se neg\u00f3 a aumentar la presi\u00f3n sobre Rusia. Al menos, por el momento\u00bb, subray\u00f3 Medv\u00e9dev.<\/p>\n\n\n\n<p>El funcionario ruso destac\u00f3 adem\u00e1s que la cumbre entre Putin y Trump prueba la posibilidad de unas negociaciones \u00absin condiciones previas\u00bb y simult\u00e1neamente con la continuaci\u00f3n de la operaci\u00f3n especial en Ucrania.<\/p>\n\n\n\n<p>mem\/gfa<\/p>\n\n\n\n<ul class=\"wp-block-list\">\n<li>#<a href=\"https:\/\/www.prensa-latina.cu\/etiqueta\/condiciones\/\">condiciones<\/a>\u00a0#<a href=\"https:\/\/www.prensa-latina.cu\/etiqueta\/conflicto\/\">conflicto<\/a>\u00a0#<a href=\"https:\/\/www.prensa-latina.cu\/etiqueta\/fin\/\">fin<\/a>\u00a0#<a href=\"https:\/\/www.prensa-latina.cu\/etiqueta\/putoin\/\">Putoin<\/a>\u00a0#<a href=\"https:\/\/www.prensa-latina.cu\/etiqueta\/rusia\/\">Rusia<\/a>\u00a0#<a href=\"https:\/\/www.prensa-latina.cu\/etiqueta\/trump\/\">trump<\/a>\u00a0#<a href=\"https:\/\/www.prensa-latina.cu\/etiqueta\/ucraniano\/\">ucraniano<\/a><\/li>\n<\/ul>\n","protected":false},"excerpt":{"rendered":"<p>Mosc\u00fa, 16 ago (Prensa Latina) El presidente ruso, Vladimir Putin, explic\u00f3 a su par estadounidense, Donald Trump, las condiciones de Mosc\u00fa para poner fin al conflicto ucraniano, se\u00f1al\u00f3 hoy el vicepresidente del Consejo de Seguridad el pa\u00eds eslavo, Dmitri Medv\u00e9dev. \u00abEl mandatario ruso explic\u00f3 personalmente y con lujo de detalles al presidente estadounidense nuestras condiciones [&hellip;]<\/p>\n","protected":false},"author":2,"featured_media":631997,"comment_status":"closed","ping_status":"closed","sticky":false,"template":"","format":"standard","meta":{"footnotes":""},"categories":[23],"tags":[],"class_list":["post-631996","post","type-post","status-publish","format-standard","has-post-thumbnail","hentry","category-internacional"],"_links":{"self":[{"href":"https:\/\/diariodominicano.com\/index.php?rest_route=\/wp\/v2\/posts\/631996","targetHints":{"allow":["GET"]}}],"collection":[{"href":"https:\/\/diariodominicano.com\/index.php?rest_route=\/wp\/v2\/posts"}],"about":[{"href":"https:\/\/diariodominicano.com\/index.php?rest_route=\/wp\/v2\/types\/post"}],"author":[{"embeddable":true,"href":"https:\/\/diariodominicano.com\/index.php?rest_route=\/wp\/v2\/users\/2"}],"replies":[{"embeddable":true,"href":"https:\/\/diariodominicano.com\/index.php?rest_route=%2Fwp%2Fv2%2Fcomments&post=631996"}],"version-history":[{"count":1,"href":"https:\/\/diariodominicano.com\/index.php?rest_route=\/wp\/v2\/posts\/631996\/revisions"}],"predecessor-version":[{"id":631998,"href":"https:\/\/diariodominicano.com\/index.php?rest_route=\/wp\/v2\/posts\/631996\/revisions\/631998"}],"wp:featuredmedia":[{"embeddable":true,"href":"https:\/\/diariodominicano.com\/index.php?rest_route=\/wp\/v2\/media\/631997"}],"wp:attachment":[{"href":"https:\/\/diariodominicano.com\/index.php?rest_route=%2Fwp%2Fv2%2Fmedia&parent=631996"}],"wp:term":[{"taxonomy":"category","embeddable":true,"href":"https:\/\/diariodominicano.com\/index.php?rest_route=%2Fwp%2Fv2%2Fcategories&post=631996"},{"taxonomy":"post_tag","embeddable":true,"href":"https:\/\/diariodominicano.com\/index.php?rest_route=%2Fwp%2Fv2%2Ftags&post=631996"}],"curies":[{"name":"wp","href":"https:\/\/api.w.org\/{rel}","templated":true}]}}