{"id":631986,"date":"2025-08-16T11:56:56","date_gmt":"2025-08-16T15:56:56","guid":{"rendered":"https:\/\/diariodominicano.com\/?p=631986"},"modified":"2025-08-16T11:57:01","modified_gmt":"2025-08-16T15:57:01","slug":"destaca-canciller-quehacer-para-proteger-al-pueblo-de-cuba","status":"publish","type":"post","link":"https:\/\/diariodominicano.com\/?p=631986","title":{"rendered":"Destaca canciller quehacer para proteger al pueblo de Cuba"},"content":{"rendered":"\n<p>La Habana, 16 ago (Prensa Latina) El ministro de Relaciones Exteriores, Bruno Rodr\u00edguez, destac\u00f3 hoy las gestiones y acciones del Gobierno de Cuba para elevar la calidad de vida y proteger a los ciudadanos en condiciones de vulnerabilidad.<\/p>\n\n\n\n<ul class=\"wp-block-list\">\n<li><a href=\"https:\/\/www.prensa-latina.cu\/2025\/08\/16\/\"><time>agosto 16, 2025 | 11:38<\/time><\/a><\/li>\n<\/ul>\n\n\n\n<ul class=\"wp-block-list\">\n<li><a href=\"https:\/\/www.prensa-latina.cu\/2025\/08\/16\/destaca-canciller-quehacer-para-proteger-al-pueblo-de-cuba\/#\"><\/a><\/li>\n\n\n\n<li><a href=\"https:\/\/www.prensa-latina.cu\/2025\/08\/16\/destaca-canciller-quehacer-para-proteger-al-pueblo-de-cuba\/#\"><\/a><\/li>\n\n\n\n<li><a href=\"https:\/\/www.prensa-latina.cu\/2025\/08\/16\/destaca-canciller-quehacer-para-proteger-al-pueblo-de-cuba\/#\"><\/a><\/li>\n\n\n\n<li><a href=\"https:\/\/www.prensa-latina.cu\/2025\/08\/16\/destaca-canciller-quehacer-para-proteger-al-pueblo-de-cuba\/#\"><\/a><\/li>\n<\/ul>\n\n\n\n<p>Rodr\u00edguez cit\u00f3 estad\u00edsticas presentadas en el Parlamento de la naci\u00f3n antillana, en un mensaje publicado en su cuenta de la red social X.<\/p>\n\n\n\n<p>\u00abDe acuerdo con resultados presentados en la Asamblea Nacional (Parlamento)\u00bb, el gobierno \u00abtrabaja en la transformaci\u00f3n social de mil 252 comunidades\u00bb, asegur\u00f3.<\/p>\n\n\n\n<p>Asimismo, refiri\u00f3 qu\u00e9 \u00abse atienden 182 mil 506 familias en situaci\u00f3n de vulnerabilidad\u00bb.<\/p>\n\n\n\n<p>\u00abS\u00e9 sigue el principio de nuestra Revoluci\u00f3n de no dejar a nadie atr\u00e1s\u00bb, subray\u00f3 el Canciller.<\/p>\n\n\n\n<p>rc\/raj<\/p>\n\n\n\n<ul class=\"wp-block-list\">\n<li>#<a href=\"https:\/\/www.prensa-latina.cu\/etiqueta\/cuba\/\">cuba<\/a><\/li>\n<\/ul>\n","protected":false},"excerpt":{"rendered":"<p>La Habana, 16 ago (Prensa Latina) El ministro de Relaciones Exteriores, Bruno Rodr\u00edguez, destac\u00f3 hoy las gestiones y acciones del Gobierno de Cuba para elevar la calidad de vida y proteger a los ciudadanos en condiciones de vulnerabilidad. Rodr\u00edguez cit\u00f3 estad\u00edsticas presentadas en el Parlamento de la naci\u00f3n antillana, en un mensaje publicado en su [&hellip;]<\/p>\n","protected":false},"author":2,"featured_media":631991,"comment_status":"closed","ping_status":"closed","sticky":false,"template":"","format":"standard","meta":{"footnotes":""},"categories":[23],"tags":[],"class_list":["post-631986","post","type-post","status-publish","format-standard","has-post-thumbnail","hentry","category-internacional"],"_links":{"self":[{"href":"https:\/\/diariodominicano.com\/index.php?rest_route=\/wp\/v2\/posts\/631986","targetHints":{"allow":["GET"]}}],"collection":[{"href":"https:\/\/diariodominicano.com\/index.php?rest_route=\/wp\/v2\/posts"}],"about":[{"href":"https:\/\/diariodominicano.com\/index.php?rest_route=\/wp\/v2\/types\/post"}],"author":[{"embeddable":true,"href":"https:\/\/diariodominicano.com\/index.php?rest_route=\/wp\/v2\/users\/2"}],"replies":[{"embeddable":true,"href":"https:\/\/diariodominicano.com\/index.php?rest_route=%2Fwp%2Fv2%2Fcomments&post=631986"}],"version-history":[{"count":1,"href":"https:\/\/diariodominicano.com\/index.php?rest_route=\/wp\/v2\/posts\/631986\/revisions"}],"predecessor-version":[{"id":631992,"href":"https:\/\/diariodominicano.com\/index.php?rest_route=\/wp\/v2\/posts\/631986\/revisions\/631992"}],"wp:featuredmedia":[{"embeddable":true,"href":"https:\/\/diariodominicano.com\/index.php?rest_route=\/wp\/v2\/media\/631991"}],"wp:attachment":[{"href":"https:\/\/diariodominicano.com\/index.php?rest_route=%2Fwp%2Fv2%2Fmedia&parent=631986"}],"wp:term":[{"taxonomy":"category","embeddable":true,"href":"https:\/\/diariodominicano.com\/index.php?rest_route=%2Fwp%2Fv2%2Fcategories&post=631986"},{"taxonomy":"post_tag","embeddable":true,"href":"https:\/\/diariodominicano.com\/index.php?rest_route=%2Fwp%2Fv2%2Ftags&post=631986"}],"curies":[{"name":"wp","href":"https:\/\/api.w.org\/{rel}","templated":true}]}}