{"id":631980,"date":"2025-08-16T12:10:15","date_gmt":"2025-08-16T16:10:15","guid":{"rendered":"https:\/\/diariodominicano.com\/?p=631980"},"modified":"2025-08-16T12:28:06","modified_gmt":"2025-08-16T16:28:06","slug":"senado-de-la-republica-juramenta-bufete-directivo-para-el-periodo-legislativo-2025-2026","status":"publish","type":"post","link":"https:\/\/diariodominicano.com\/?p=631980","title":{"rendered":"Senado de la Rep\u00fablica juramenta Bufete Directivo para el periodo legislativo 2025-2026"},"content":{"rendered":"\n<p>El presidente del Senado, Ricardo de los Santos, reafirm\u00f3 su compromiso con la sociedad dominicana de llevar a cabo un congreso con una alta productividad legislativa en beneficio del pa\u00eds.<\/p>\n\n\n\n<p>Santo Domingo. El Senado de la Rep\u00fablica dej\u00f3 juramentado su Bufete Directivo para el per\u00edodo legislativo 2025-2026, y dio apertura a los trabajos de la Segunda Legislatura Ordinaria del a\u00f1o, al conmemorarse hoy, 16 de agosto, el 162 aniversario de la Restauraci\u00f3n de la Rep\u00fablica.<\/p>\n\n\n\n<p>El nuevo Bufete Directivo del Senado est\u00e1 integrado por los senadores Ricardo de los Santos, presidente; Pedro Catrain, vicepresidente; y las senadoras L\u00eda Ynocencia D\u00edaz de D\u00edaz y Arcelis Villanueva, como secretarias.<\/p>\n\n\n\n<figure class=\"wp-block-gallery has-nested-images columns-default is-cropped wp-block-gallery-1 is-layout-flex wp-block-gallery-is-layout-flex\">\n<figure class=\"wp-block-image size-large\"><img loading=\"lazy\" decoding=\"async\" width=\"1024\" height=\"681\" data-id=\"632001\" src=\"https:\/\/diariodominicano.com\/wp-content\/uploads\/2025\/08\/Senado-de-la-Republica-juramenta-Bufete-Directivo-para-el-periodo-legislativo-2025-2026-1-1024x681.jpeg\" alt=\"\" class=\"wp-image-632001\" srcset=\"https:\/\/diariodominicano.com\/wp-content\/uploads\/2025\/08\/Senado-de-la-Republica-juramenta-Bufete-Directivo-para-el-periodo-legislativo-2025-2026-1-1024x681.jpeg 1024w, https:\/\/diariodominicano.com\/wp-content\/uploads\/2025\/08\/Senado-de-la-Republica-juramenta-Bufete-Directivo-para-el-periodo-legislativo-2025-2026-1-300x200.jpeg 300w, https:\/\/diariodominicano.com\/wp-content\/uploads\/2025\/08\/Senado-de-la-Republica-juramenta-Bufete-Directivo-para-el-periodo-legislativo-2025-2026-1-768x511.jpeg 768w, https:\/\/diariodominicano.com\/wp-content\/uploads\/2025\/08\/Senado-de-la-Republica-juramenta-Bufete-Directivo-para-el-periodo-legislativo-2025-2026-1-1536x1022.jpeg 1536w, https:\/\/diariodominicano.com\/wp-content\/uploads\/2025\/08\/Senado-de-la-Republica-juramenta-Bufete-Directivo-para-el-periodo-legislativo-2025-2026-1-2048x1362.jpeg 2048w, https:\/\/diariodominicano.com\/wp-content\/uploads\/2025\/08\/Senado-de-la-Republica-juramenta-Bufete-Directivo-para-el-periodo-legislativo-2025-2026-1-816x543.jpeg 816w\" sizes=\"auto, (max-width: 1024px) 100vw, 1024px\" \/><\/figure>\n<\/figure>\n\n\n\n<p>Ricardo de los Santos, presidente de la C\u00e1mara Alta y senador de la provincia S\u00e1nchez Ram\u00edrez, afirm\u00f3 que este Congreso tiene el gran reto de mantener el mismo nivel de productividad que se mantuvo durante el a\u00f1o legislativo que finaliza.<\/p>\n\n\n\n<p>Destac\u00f3 la concordia que predomina en el Congreso, a pesar de que son dos c\u00e1maras legislativas distintas, \u201cJuntos laboramos en armon\u00eda, tanto as\u00ed, que en esta legislatura se aprobaron 117 proyectos de leyes, de los cuales 60 fueron promulgados. De este total, solo diez, son de la autor\u00eda del Poder Ejecutivo, lo que reafirma el intenso trabajo realizado por los legisladores durante este a\u00f1o\u201d.<\/p>\n\n\n\n<figure class=\"wp-block-gallery has-nested-images columns-default is-cropped wp-block-gallery-2 is-layout-flex wp-block-gallery-is-layout-flex\">\n<figure class=\"wp-block-image size-large\"><img loading=\"lazy\" decoding=\"async\" width=\"1024\" height=\"682\" data-id=\"632002\" src=\"https:\/\/diariodominicano.com\/wp-content\/uploads\/2025\/08\/Senado-de-la-Republica-juramenta-Bufete-Directivo-para-el-periodo-legislativo-2025-2026-1-1-1024x682.jpeg\" alt=\"\" class=\"wp-image-632002\" srcset=\"https:\/\/diariodominicano.com\/wp-content\/uploads\/2025\/08\/Senado-de-la-Republica-juramenta-Bufete-Directivo-para-el-periodo-legislativo-2025-2026-1-1-1024x682.jpeg 1024w, https:\/\/diariodominicano.com\/wp-content\/uploads\/2025\/08\/Senado-de-la-Republica-juramenta-Bufete-Directivo-para-el-periodo-legislativo-2025-2026-1-1-300x200.jpeg 300w, https:\/\/diariodominicano.com\/wp-content\/uploads\/2025\/08\/Senado-de-la-Republica-juramenta-Bufete-Directivo-para-el-periodo-legislativo-2025-2026-1-1-768x512.jpeg 768w, https:\/\/diariodominicano.com\/wp-content\/uploads\/2025\/08\/Senado-de-la-Republica-juramenta-Bufete-Directivo-para-el-periodo-legislativo-2025-2026-1-1-1536x1023.jpeg 1536w, https:\/\/diariodominicano.com\/wp-content\/uploads\/2025\/08\/Senado-de-la-Republica-juramenta-Bufete-Directivo-para-el-periodo-legislativo-2025-2026-1-1-816x544.jpeg 816w, https:\/\/diariodominicano.com\/wp-content\/uploads\/2025\/08\/Senado-de-la-Republica-juramenta-Bufete-Directivo-para-el-periodo-legislativo-2025-2026-1-1.jpeg 1600w\" sizes=\"auto, (max-width: 1024px) 100vw, 1024px\" \/><\/figure>\n<\/figure>\n\n\n\n<p>En su discurso De los Santos se\u00f1al\u00f3 \u201cHoy que celebramos el 162 aniversario de la Restauraci\u00f3n de la Rep\u00fablica, debemos cumplir con el sagrado compromiso de mantener la herencia que nos dejaron esos grandes hombres de fortalecer y mantener por encima de todas las cosas, la soberan\u00eda nacional\u201d.<\/p>\n\n\n\n<figure class=\"wp-block-gallery has-nested-images columns-default is-cropped wp-block-gallery-3 is-layout-flex wp-block-gallery-is-layout-flex\">\n<figure class=\"wp-block-image size-large\"><img loading=\"lazy\" decoding=\"async\" width=\"1024\" height=\"682\" data-id=\"632003\" src=\"https:\/\/diariodominicano.com\/wp-content\/uploads\/2025\/08\/Senado-de-la-Republica-juramenta-Bufete-Directivo-para-el-periodo-legislativo-2025-2026-2-1024x682.jpeg\" alt=\"\" class=\"wp-image-632003\" srcset=\"https:\/\/diariodominicano.com\/wp-content\/uploads\/2025\/08\/Senado-de-la-Republica-juramenta-Bufete-Directivo-para-el-periodo-legislativo-2025-2026-2-1024x682.jpeg 1024w, https:\/\/diariodominicano.com\/wp-content\/uploads\/2025\/08\/Senado-de-la-Republica-juramenta-Bufete-Directivo-para-el-periodo-legislativo-2025-2026-2-300x200.jpeg 300w, https:\/\/diariodominicano.com\/wp-content\/uploads\/2025\/08\/Senado-de-la-Republica-juramenta-Bufete-Directivo-para-el-periodo-legislativo-2025-2026-2-768x512.jpeg 768w, https:\/\/diariodominicano.com\/wp-content\/uploads\/2025\/08\/Senado-de-la-Republica-juramenta-Bufete-Directivo-para-el-periodo-legislativo-2025-2026-2-1536x1023.jpeg 1536w, https:\/\/diariodominicano.com\/wp-content\/uploads\/2025\/08\/Senado-de-la-Republica-juramenta-Bufete-Directivo-para-el-periodo-legislativo-2025-2026-2-816x544.jpeg 816w, https:\/\/diariodominicano.com\/wp-content\/uploads\/2025\/08\/Senado-de-la-Republica-juramenta-Bufete-Directivo-para-el-periodo-legislativo-2025-2026-2.jpeg 1600w\" sizes=\"auto, (max-width: 1024px) 100vw, 1024px\" \/><\/figure>\n<\/figure>\n\n\n\n<p>Agradeci\u00f3 a Dios, a su familia, al Partido Revolucionario Moderno, a todos los senadores que lo acompa\u00f1an en sus labores legislativas y a los residentes de su provincia S\u00e1nchez Ram\u00edrez.<\/p>\n\n\n\n<p>El nuevo bufete directivo tom\u00f3 juramento de sus nuevas funciones en un acto solemne celebrado en el Sal\u00f3n del Hemiciclo del ente legislativo, en cumplimiento de los art\u00edculos 89 y 90 de la Constituci\u00f3n de la Rep\u00fablica, y a lo estipulado por el Reglamento del Senado.<\/p>\n\n\n\n<p>Los partidos pol\u00edticos con representaci\u00f3n en el Senado presentaron a sus respectivos portavoces. Por el Partido Revolucionario Moderno (PRM), el vocero es el senador Mois\u00e9s Ayala; por la Fuerza del Pueblo (FP), Eduard Alexis Espiritusanto; y por el Partido Reformista Social Cristiano (PRSC), el senador Ram\u00f3n Rogelio Genao.<\/p>\n\n\n\n<p>Luego de la juramentaci\u00f3n, el presidente del Senado invit\u00f3 a escuchar las 21 salvas y el Himno Nacional, en ocasi\u00f3n del inicio de la Segunda Legislatura Ordinaria del a\u00f1o 2025. Asimismo, design\u00f3 una Comisi\u00f3n Especial integrada por los senadores Aracelis Villanueva, Pedro Tineo y Mois\u00e9s Ayala para depositar una ofrenda floral en el Altar de la Patria, en ocasi\u00f3n del 162 aniversario de la Restauraci\u00f3n de la Rep\u00fablica.<\/p>\n\n\n\n<p>El presidente de la C\u00e1mara Alta, Ricardo de los Santos, convoc\u00f3 a sesi\u00f3n para el pr\u00f3ximo martes 19, a las 200 de la tarde.<\/p>\n\n\n\n<p>Senado<\/p>\n","protected":false},"excerpt":{"rendered":"<p>El presidente del Senado, Ricardo de los Santos, reafirm\u00f3 su compromiso con la sociedad dominicana de llevar a cabo un congreso con una alta productividad legislativa en beneficio del pa\u00eds. Santo Domingo. El Senado de la Rep\u00fablica dej\u00f3 juramentado su Bufete Directivo para el per\u00edodo legislativo 2025-2026, y dio apertura a los trabajos de la [&hellip;]<\/p>\n","protected":false},"author":7,"featured_media":632000,"comment_status":"closed","ping_status":"closed","sticky":true,"template":"","format":"standard","meta":{"footnotes":""},"categories":[20,27],"tags":[2359],"class_list":["post-631980","post","type-post","status-publish","format-standard","has-post-thumbnail","hentry","category-dominicana-hoy","category-portada","tag-senado"],"_links":{"self":[{"href":"https:\/\/diariodominicano.com\/index.php?rest_route=\/wp\/v2\/posts\/631980","targetHints":{"allow":["GET"]}}],"collection":[{"href":"https:\/\/diariodominicano.com\/index.php?rest_route=\/wp\/v2\/posts"}],"about":[{"href":"https:\/\/diariodominicano.com\/index.php?rest_route=\/wp\/v2\/types\/post"}],"author":[{"embeddable":true,"href":"https:\/\/diariodominicano.com\/index.php?rest_route=\/wp\/v2\/users\/7"}],"replies":[{"embeddable":true,"href":"https:\/\/diariodominicano.com\/index.php?rest_route=%2Fwp%2Fv2%2Fcomments&post=631980"}],"version-history":[{"count":1,"href":"https:\/\/diariodominicano.com\/index.php?rest_route=\/wp\/v2\/posts\/631980\/revisions"}],"predecessor-version":[{"id":632009,"href":"https:\/\/diariodominicano.com\/index.php?rest_route=\/wp\/v2\/posts\/631980\/revisions\/632009"}],"wp:featuredmedia":[{"embeddable":true,"href":"https:\/\/diariodominicano.com\/index.php?rest_route=\/wp\/v2\/media\/632000"}],"wp:attachment":[{"href":"https:\/\/diariodominicano.com\/index.php?rest_route=%2Fwp%2Fv2%2Fmedia&parent=631980"}],"wp:term":[{"taxonomy":"category","embeddable":true,"href":"https:\/\/diariodominicano.com\/index.php?rest_route=%2Fwp%2Fv2%2Fcategories&post=631980"},{"taxonomy":"post_tag","embeddable":true,"href":"https:\/\/diariodominicano.com\/index.php?rest_route=%2Fwp%2Fv2%2Ftags&post=631980"}],"curies":[{"name":"wp","href":"https:\/\/api.w.org\/{rel}","templated":true}]}}