{"id":631949,"date":"2025-08-16T11:30:53","date_gmt":"2025-08-16T15:30:53","guid":{"rendered":"https:\/\/diariodominicano.com\/?p=631949"},"modified":"2025-08-16T11:30:59","modified_gmt":"2025-08-16T15:30:59","slug":"presidente-chino-nombra-nuevos-embajadores-4","status":"publish","type":"post","link":"https:\/\/diariodominicano.com\/?p=631949","title":{"rendered":"Presidente chino nombra nuevos embajadores"},"content":{"rendered":"\n<p><em>spanish.news.cn<\/em>|<em>&nbsp;2025-08-15 19:56:30<\/em>|<\/p>\n\n\n\n<p>BEIJING, 15 ago (Xinhua) &#8212; El presidente chino, Xi Jinping, ha nombrado a nuevos embajadores de acuerdo con las decisiones del Comit\u00e9 Permanente de la Asamblea Popular Nacional, el m\u00e1ximo \u00f3rgano legislativo de China, inform\u00f3 hoy viernes un comunicado oficial.<\/p>\n\n\n\n<p>Xu Yong fue nombrado embajador en Camer\u00fan, en sustituci\u00f3n de Wang Yingwu.<\/p>\n\n\n\n<p>Sun Yong fue nombrado embajador en Guinea, en sustituci\u00f3n de Huang Wei.<\/p>\n\n\n\n<p>Zhang Yang fue nombrado embajador en Cabo Verde, en sustituci\u00f3n de Xu Jie.<\/p>\n\n\n\n<p>Huang Zheng fue nombrado embajador en las Comoras, en sustituci\u00f3n de Guo Zhijun.<\/p>\n\n\n\n<p>Guo Zhijun fue nombrado embajador en Tayikist\u00e1n, en sustituci\u00f3n de Ji Shumin.<\/p>\n\n\n\n<p>Ji Shumin fue nombrado embajador en Turkmenist\u00e1n, en sustituci\u00f3n de Qian Naicheng.<\/p>\n\n\n\n<p>Zhao Deyong fue nombrado embajador en Burkina Faso, en sustituci\u00f3n de Lu Shan.<\/p>\n\n\n\n<p>Wang Jinfeng fue nombrado embajador en Jamaica, en sustituci\u00f3n de Chen Daojiang.<\/p>\n\n\n\n<p>Zheng Bingkai fue nombrado embajador en Barbados, en sustituci\u00f3n de Yan Xiusheng.<\/p>\n\n\n\n<p>Zhang Jianwei fue nombrado embajador en Tailandia, en sustituci\u00f3n de Han Zhiqiang.<\/p>\n\n\n\n<p><a href=\"https:\/\/www.facebook.com\/sharer\/sharer.php?u=https:\/\/spanish.xinhuanet.com\/20250815\/881c3191548949cd8ab4bbb327ae8963\/c.html\" target=\"_blank\" rel=\"noreferrer noopener\"><\/a>&nbsp;<a href=\"https:\/\/twitter.com\/intent\/tweet?text=%0A%20%20%20%20%20%20%20%20%20%20%20%20%20%20%20%20%20%20%20%20Presidente%20chino%20nombra%20nuevos%20embajadores%0A%20%20%20%20%20%20%20%20%20%20%20%20%20%20%20%20&amp;url=https:\/\/spanish.xinhuanet.com\/20250815\/881c3191548949cd8ab4bbb327ae8963\/c.html\" target=\"_blank\" rel=\"noreferrer noopener\"><\/a>&nbsp;<a target=\"_blank\" href=\"https:\/\/service.weibo.com\/share\/share.php?title=%0A%20%20%20%20%20%20%20%20%20%20%20%20%20%20%20%20%20%20%20%20Presidente%20chino%20nombra%20nuevos%20embajadores%0A%20%20%20%20%20%20%20%20%20%20%20%20%20%20%20%20&amp;url=https:\/\/spanish.xinhuanet.com\/20250815\/881c3191548949cd8ab4bbb327ae8963\/c.html\" rel=\"noreferrer noopener\"><\/a>&nbsp;<a><\/a><\/p>\n\n\n\n<figure class=\"wp-block-image\"><img decoding=\"async\" src=\"https:\/\/imgs.news.cn\/res\/xhwimg\/spanish\/20170522\/img\/jc-xfa.png\" alt=\"\"\/><\/figure>\n\n\n\n<figure class=\"wp-block-table\"><table><tbody><tr><td><\/td><\/tr><\/tbody><\/table><\/figure>\n","protected":false},"excerpt":{"rendered":"<p>spanish.news.cn|&nbsp;2025-08-15 19:56:30| BEIJING, 15 ago (Xinhua) &#8212; El presidente chino, Xi Jinping, ha nombrado a nuevos embajadores de acuerdo con las decisiones del Comit\u00e9 Permanente de la Asamblea Popular Nacional, el m\u00e1ximo \u00f3rgano legislativo de China, inform\u00f3 hoy viernes un comunicado oficial. Xu Yong fue nombrado embajador en Camer\u00fan, en sustituci\u00f3n de Wang Yingwu. Sun [&hellip;]<\/p>\n","protected":false},"author":2,"featured_media":590386,"comment_status":"closed","ping_status":"closed","sticky":false,"template":"","format":"standard","meta":{"footnotes":""},"categories":[36,23],"tags":[],"class_list":["post-631949","post","type-post","status-publish","format-standard","has-post-thumbnail","hentry","category-hombresmujeresycosas","category-internacional"],"_links":{"self":[{"href":"https:\/\/diariodominicano.com\/index.php?rest_route=\/wp\/v2\/posts\/631949","targetHints":{"allow":["GET"]}}],"collection":[{"href":"https:\/\/diariodominicano.com\/index.php?rest_route=\/wp\/v2\/posts"}],"about":[{"href":"https:\/\/diariodominicano.com\/index.php?rest_route=\/wp\/v2\/types\/post"}],"author":[{"embeddable":true,"href":"https:\/\/diariodominicano.com\/index.php?rest_route=\/wp\/v2\/users\/2"}],"replies":[{"embeddable":true,"href":"https:\/\/diariodominicano.com\/index.php?rest_route=%2Fwp%2Fv2%2Fcomments&post=631949"}],"version-history":[{"count":1,"href":"https:\/\/diariodominicano.com\/index.php?rest_route=\/wp\/v2\/posts\/631949\/revisions"}],"predecessor-version":[{"id":631950,"href":"https:\/\/diariodominicano.com\/index.php?rest_route=\/wp\/v2\/posts\/631949\/revisions\/631950"}],"wp:featuredmedia":[{"embeddable":true,"href":"https:\/\/diariodominicano.com\/index.php?rest_route=\/wp\/v2\/media\/590386"}],"wp:attachment":[{"href":"https:\/\/diariodominicano.com\/index.php?rest_route=%2Fwp%2Fv2%2Fmedia&parent=631949"}],"wp:term":[{"taxonomy":"category","embeddable":true,"href":"https:\/\/diariodominicano.com\/index.php?rest_route=%2Fwp%2Fv2%2Fcategories&post=631949"},{"taxonomy":"post_tag","embeddable":true,"href":"https:\/\/diariodominicano.com\/index.php?rest_route=%2Fwp%2Fv2%2Ftags&post=631949"}],"curies":[{"name":"wp","href":"https:\/\/api.w.org\/{rel}","templated":true}]}}