{"id":631885,"date":"2025-08-16T00:31:34","date_gmt":"2025-08-16T04:31:34","guid":{"rendered":"https:\/\/diariodominicano.com\/?p=631885"},"modified":"2025-08-16T00:31:44","modified_gmt":"2025-08-16T04:31:44","slug":"cumbre-trump-putin-productiva-pero-sin-alto-el-fuego-en-ucrania-fotos","status":"publish","type":"post","link":"https:\/\/diariodominicano.com\/?p=631885","title":{"rendered":"Cumbre Trump-Putin productiva, pero sin alto el fuego en Ucrania (+Fotos)"},"content":{"rendered":"\n<p>Anchorage, EEUU, 15 ago (Prensa Latina) La esperada cumbre en Alaska entre los presidentes Donald Trump y Vladimir Putin concluy\u00f3 hoy sin un acuerdo de alto el fuego en Ucrania, pero con la sensaci\u00f3n de un posible deshielo entre Estados Unidos y Rusia.<\/p>\n\n\n\n<ul class=\"wp-block-list\">\n<li><a href=\"https:\/\/www.prensa-latina.cu\/2025\/08\/15\/\"><time>agosto 15, 2025 | 21:03<\/time><\/a><\/li>\n<\/ul>\n\n\n\n<ul class=\"wp-block-list\">\n<li><a href=\"https:\/\/www.prensa-latina.cu\/2025\/08\/15\/cumbre-trump-putin-productiva-pero-sin-alto-el-fuego-en-ucrania\/#\"><\/a><\/li>\n\n\n\n<li><a href=\"https:\/\/www.prensa-latina.cu\/2025\/08\/15\/cumbre-trump-putin-productiva-pero-sin-alto-el-fuego-en-ucrania\/#\"><\/a><\/li>\n\n\n\n<li><a href=\"https:\/\/www.prensa-latina.cu\/2025\/08\/15\/cumbre-trump-putin-productiva-pero-sin-alto-el-fuego-en-ucrania\/#\"><\/a><\/li>\n\n\n\n<li><a href=\"https:\/\/www.prensa-latina.cu\/2025\/08\/15\/cumbre-trump-putin-productiva-pero-sin-alto-el-fuego-en-ucrania\/#\"><\/a><\/li>\n<\/ul>\n\n\n\n<p>Al t\u00e9rmino de la reuni\u00f3n celebrada en la Base Conjunta Elmendorf-Richardson, en Anchorage, la ciudad m\u00e1s grande de Alaska, los dos mandatarios hicieron una declaraci\u00f3n sin espacio a preguntas de la prensa.<\/p>\n\n\n\n<figure class=\"wp-block-image\"><img decoding=\"async\" src=\"https:\/\/www.prensa-latina.cu\/wp-content\/uploads\/2025\/08\/Cumbre2.jpg\" alt=\"cumbre-trump-putin-productiva-pero-sin-alto-el-fuego-en-ucrania\" class=\"wp-image-1616560\"\/><\/figure>\n\n\n\n<p>Trump cedi\u00f3 la palabra a Putin, quien destac\u00f3 la cercan\u00eda geogr\u00e1fica entre los dos pa\u00edses y otros elementos asociados a la historia de Alaska que tienen puntos de contacto entre Rusia y Estados Unidos.<\/p>\n\n\n\n<p>El gobernante ruso agradeci\u00f3 a su par estadounidense y elogi\u00f3 el encuentro de este viernes como un punto de partida no solo para la soluci\u00f3n del tema de Rusia y Ucrania.<\/p>\n\n\n\n<p>Dijo que las relaciones ruso-estadounidenses cayeron a su punto m\u00e1s bajo desde la Guerra Fr\u00eda y llam\u00f3 a pasar de la confrontaci\u00f3n al di\u00e1logo, a pasar la p\u00e1gina.<\/p>\n\n\n\n<p>Putin record\u00f3 que su \u00faltimo contacto presencial con un presidente de Estados Unidos ocurri\u00f3 \u201cdurante la otra administraci\u00f3n (de Joe Biden)\u201d y entonces -coment\u00f3- trat\u00f3 de convencer a su colega de que las cosas no deb\u00edan llegar \u201ca un punto sin retorno\u201d.<\/p>\n\n\n\n<p>Trump y yo hemos forjado una relaci\u00f3n positiva, a\u00f1adi\u00f3 al expresar que tiene \u201ctodas las razones para pensar que si seguimos por esta senda\u201d podr\u00eda llegar pronto el fin de la guerra en Ucrania.<\/p>\n\n\n\n<p>Al t\u00e9rmino de su declaraci\u00f3n, por escrito, en la que tanto uno como otro se mostr\u00f3 distendido, tom\u00f3 la palabra Trump, que fue \u201cmuy productiva\u201d la reuni\u00f3n y prometi\u00f3 hablar enseguida con el presidente de Ucrania, Vladimir Zelenski, y otros l\u00edderes europeos.<\/p>\n\n\n\n<p>\u201cSiempre he tenido una relaci\u00f3n fant\u00e1stica con el presidente Putin\u201d, afirm\u00f3 un Trump que parec\u00eda haber dejado atr\u00e1s el cap\u00edtulo reciente de amenazas de consecuencias graves a Rusia si no hab\u00eda acuerdo de alto el fuego en la cumbre y adem\u00e1s de ataques verbales al interlocutor que este 15 de agosto se sent\u00f3 a su lado.<\/p>\n\n\n\n<p>El presidente Trump mencion\u00f3 \u201cmuchos puntos de convergencia\u201d y que hubo \u201cgrandes progresos, pero se\u00f1al\u00f3 que \u201cno hay acuerdo hasta que se alcance un acuerdo\u201d; sin embargo, Putin se refiri\u00f3 a \u201cun acuerdo\u201d.<\/p>\n\n\n\n<p>Gracias a Putin volveremos a hablar muy pronto y probablemente volveremos a vernos pronto (se escuch\u00f3 al presidente ruso decir \u2018en Mosc\u00fa\u2019).<\/p>\n\n\n\n<p>Sentados, Trump, a la derecha y Putin a la izquierda, con un fondo azul en el que se lee \u2018Alaska 2025\u2019 y un cartel que dec\u00eda \u2018Buscando la paz\u2019 (o En busca de la paz), arranc\u00f3 la reuni\u00f3n que en la \u00faltima semana mantuvo elevada las apuestas, aunque en un momento la Casa Blanca lleg\u00f3 a moderar sus expectativas.<\/p>\n\n\n\n<p>Trump y Putin dialogaron frente a frente por \u00faltima vez en junio de 2019 en Osaka, Jap\u00f3n, durante su primer mandato, pero han mantenido varias conversaciones telef\u00f3nicas desde que el republicano regres\u00f3 el 20 de enero a la Casa Blanca.<\/p>\n\n\n\n<figure class=\"wp-block-image\"><img decoding=\"async\" src=\"https:\/\/www.prensa-latina.cu\/wp-content\/uploads\/2025\/08\/Cumbre3.jpg\" alt=\"cumbre-trump-putin-productiva-pero-sin-alto-el-fuego-en-ucrania\" class=\"wp-image-1616561\"\/><\/figure>\n\n\n\n<p>El jefe del Kremlin viaj\u00f3 a Estados Unidos en 2015 para asistir a la Asamblea General de la ONU en Nueva York.<\/p>\n\n\n\n<p>Ahora, antes de dejar Alaska, deposit\u00f3 flores en las tumbas de los soldados sovi\u00e9ticos en el Cementerio Conmemorativo de Fort Richardson.<\/p>\n\n\n\n<p>oda\/dfm<\/p>\n\n\n\n<ul class=\"wp-block-list\">\n<li>#<a href=\"https:\/\/www.prensa-latina.cu\/etiqueta\/rusia\/\">Rusia<\/a><\/li>\n<\/ul>\n","protected":false},"excerpt":{"rendered":"<p>Anchorage, EEUU, 15 ago (Prensa Latina) La esperada cumbre en Alaska entre los presidentes Donald Trump y Vladimir Putin concluy\u00f3 hoy sin un acuerdo de alto el fuego en Ucrania, pero con la sensaci\u00f3n de un posible deshielo entre Estados Unidos y Rusia. Al t\u00e9rmino de la reuni\u00f3n celebrada en la Base Conjunta Elmendorf-Richardson, en [&hellip;]<\/p>\n","protected":false},"author":2,"featured_media":631886,"comment_status":"closed","ping_status":"closed","sticky":false,"template":"","format":"standard","meta":{"footnotes":""},"categories":[23,27],"tags":[],"class_list":["post-631885","post","type-post","status-publish","format-standard","has-post-thumbnail","hentry","category-internacional","category-portada"],"_links":{"self":[{"href":"https:\/\/diariodominicano.com\/index.php?rest_route=\/wp\/v2\/posts\/631885","targetHints":{"allow":["GET"]}}],"collection":[{"href":"https:\/\/diariodominicano.com\/index.php?rest_route=\/wp\/v2\/posts"}],"about":[{"href":"https:\/\/diariodominicano.com\/index.php?rest_route=\/wp\/v2\/types\/post"}],"author":[{"embeddable":true,"href":"https:\/\/diariodominicano.com\/index.php?rest_route=\/wp\/v2\/users\/2"}],"replies":[{"embeddable":true,"href":"https:\/\/diariodominicano.com\/index.php?rest_route=%2Fwp%2Fv2%2Fcomments&post=631885"}],"version-history":[{"count":1,"href":"https:\/\/diariodominicano.com\/index.php?rest_route=\/wp\/v2\/posts\/631885\/revisions"}],"predecessor-version":[{"id":631887,"href":"https:\/\/diariodominicano.com\/index.php?rest_route=\/wp\/v2\/posts\/631885\/revisions\/631887"}],"wp:featuredmedia":[{"embeddable":true,"href":"https:\/\/diariodominicano.com\/index.php?rest_route=\/wp\/v2\/media\/631886"}],"wp:attachment":[{"href":"https:\/\/diariodominicano.com\/index.php?rest_route=%2Fwp%2Fv2%2Fmedia&parent=631885"}],"wp:term":[{"taxonomy":"category","embeddable":true,"href":"https:\/\/diariodominicano.com\/index.php?rest_route=%2Fwp%2Fv2%2Fcategories&post=631885"},{"taxonomy":"post_tag","embeddable":true,"href":"https:\/\/diariodominicano.com\/index.php?rest_route=%2Fwp%2Fv2%2Ftags&post=631885"}],"curies":[{"name":"wp","href":"https:\/\/api.w.org\/{rel}","templated":true}]}}