{"id":631874,"date":"2025-08-16T00:17:39","date_gmt":"2025-08-16T04:17:39","guid":{"rendered":"https:\/\/diariodominicano.com\/?p=631874"},"modified":"2025-08-16T00:17:45","modified_gmt":"2025-08-16T04:17:45","slug":"presidenta-de-mexico-califico-de-historica-reunion-en-guatemala","status":"publish","type":"post","link":"https:\/\/diariodominicano.com\/?p=631874","title":{"rendered":"Presidenta de M\u00e9xico calific\u00f3 de hist\u00f3rica reuni\u00f3n en Guatemala"},"content":{"rendered":"\n<p>Ciudad de Guatemala, 15 ago (Prensa Latina) La presidenta de M\u00e9xico, Claudia Sheinbaum, calific\u00f3 hoy de hist\u00f3rica la reuni\u00f3n de trabajo sostenida con su par de Guatemala, Bernardo Ar\u00e9valo, en la cual abordaron importantes temas bilaterales.<\/p>\n\n\n\n<ul class=\"wp-block-list\">\n<li><a href=\"https:\/\/www.prensa-latina.cu\/2025\/08\/15\/\"><time>agosto 15, 2025 | 15:41<\/time><\/a><\/li>\n<\/ul>\n\n\n\n<ul class=\"wp-block-list\">\n<li><a href=\"https:\/\/www.prensa-latina.cu\/2025\/08\/15\/presidenta-de-mexico-califico-de-historica-reunion-en-guatemala\/#\"><\/a><\/li>\n\n\n\n<li><a href=\"https:\/\/www.prensa-latina.cu\/2025\/08\/15\/presidenta-de-mexico-califico-de-historica-reunion-en-guatemala\/#\"><\/a><\/li>\n\n\n\n<li><a href=\"https:\/\/www.prensa-latina.cu\/2025\/08\/15\/presidenta-de-mexico-califico-de-historica-reunion-en-guatemala\/#\"><\/a><\/li>\n\n\n\n<li><a href=\"https:\/\/www.prensa-latina.cu\/2025\/08\/15\/presidenta-de-mexico-califico-de-historica-reunion-en-guatemala\/#\"><\/a><\/li>\n<\/ul>\n\n\n\n<p>En conferencia de prensa desde el municipio de Flores, departamento de Pet\u00e9n, al t\u00e9rmino de hora y media de di\u00e1logo, la mandataria explic\u00f3 que lleg\u00f3 como una hermana de causa, \u201cconvencida de que nuestras naciones caminan por sendas paralelas\u201d.<\/p>\n\n\n\n<p>Junto al jefe de Estado chap\u00edn, consider\u00f3 que son administraciones cercanas al pueblo, decididas a erradicar la corrupci\u00f3n, a proteger los derechos humanos y a defender la dignidad de quienes m\u00e1s lo necesitan.<\/p>\n\n\n\n<p>Reconoci\u00f3 y aplaudi\u00f3 el compromiso de Ar\u00e9valo con la transparencia, su valent\u00eda para enfrentar los retos que impone la historia y su empe\u00f1o en gobernar con la mirada puesta en el pueblo y no en los privilegios.<\/p>\n\n\n\n<p>En usted, subray\u00f3 Sheinbaum, Guatemala tiene un l\u00edder que honra la democracia y que abre caminos de esperanza. Sabemos que el poder no vale nada si no se pone al servicio de la gente, remarc\u00f3.<\/p>\n\n\n\n<p>Somos gobiernos que escuchan, que caminan con la gente, que defienden a las y los trabajadores, a las comunidades ind\u00edgenas, a las mujeres, a la ni\u00f1ez, a quienes han vivido demasiado tiempo en el olvido, describi\u00f3.<\/p>\n\n\n\n<p>Nuestra relaci\u00f3n bilateral es un ejemplo de lo que se puede lograr cuando hay voluntad pol\u00edtica, respeto mutuo y amor por el pueblo, expuso la presidenta.<\/p>\n\n\n\n<p>M\u00e9xico y Guatemala no s\u00f3lo comparten una frontera, tambi\u00e9n familias, costumbres, mercados, caminos, r\u00edos y sue\u00f1os, record\u00f3.<\/p>\n\n\n\n<p>Lo que ocurre de un lado repercute en el otro y por eso nuestra cooperaci\u00f3n no es una opci\u00f3n sino un deber fraterno, reflexion\u00f3.<\/p>\n\n\n\n<p>En esta visita reafirmamos compromisos concretos en seguridad para que nuestras fronteras sean espacios de paz donde se proteja a las personas y se combate el crimen que atenta contra su bienestar, insisti\u00f3 la mandataria.<\/p>\n\n\n\n<p>Mencion\u00f3 el tema de infraestructura ferroviaria, con el impulso de proyectos que conecten las econom\u00edas y fortalezcan el comercio, el turismo y la integraci\u00f3n regional.<\/p>\n\n\n\n<p>Incluy\u00f3 la energ\u00eda, con soluciones limpias y sustentables que permitan crecer sin comprometer el futuro de las futuras generaciones.<\/p>\n\n\n\n<p>Adem\u00e1s, el medio ambiente, \u201cunidos en la defensa de la riqueza natural que compartimos desde los bosques y selvas hasta r\u00edos y lagos\u201d.<\/p>\n\n\n\n<p>Sum\u00f3 la cooperaci\u00f3n para el desarrollo de las frontera com\u00fan y de ambos pa\u00edses, \u201cque nos har\u00e1 m\u00e1s pr\u00f3speros con polos de desarrollo para el bienestar\u201d.<\/p>\n\n\n\n<p>Sheinbaum trajo a colaci\u00f3n al poeta uruguayo Mario Benedetti, porque como este dijo \u201cel sur tambi\u00e9n existe\u201d.<\/p>\n\n\n\n<p>M\u00e9xico y Guatemala demostramos la voluntad de que dos naciones hermanas, con gobiernos comprometidos con la justicia y sus pueblos, pueden avanzar juntas hacia un futuro m\u00e1s digno, m\u00e1s equitativo y m\u00e1s libre, concluy\u00f3 la pol\u00edtica, cient\u00edfica y acad\u00e9mica mexicana.<\/p>\n\n\n\n<p>lam\/znc<\/p>\n\n\n\n<ul class=\"wp-block-list\">\n<li>#<a href=\"https:\/\/www.prensa-latina.cu\/etiqueta\/gobierno\/\">gobierno<\/a>\u00a0#<a href=\"https:\/\/www.prensa-latina.cu\/etiqueta\/guatemala\/\">Guatemala<\/a>\u00a0#<a href=\"https:\/\/www.prensa-latina.cu\/etiqueta\/presidenta\/\">presidenta<\/a><\/li>\n<\/ul>\n","protected":false},"excerpt":{"rendered":"<p>Ciudad de Guatemala, 15 ago (Prensa Latina) La presidenta de M\u00e9xico, Claudia Sheinbaum, calific\u00f3 hoy de hist\u00f3rica la reuni\u00f3n de trabajo sostenida con su par de Guatemala, Bernardo Ar\u00e9valo, en la cual abordaron importantes temas bilaterales. En conferencia de prensa desde el municipio de Flores, departamento de Pet\u00e9n, al t\u00e9rmino de hora y media de [&hellip;]<\/p>\n","protected":false},"author":2,"featured_media":631875,"comment_status":"closed","ping_status":"closed","sticky":false,"template":"","format":"standard","meta":{"footnotes":""},"categories":[36,23],"tags":[],"class_list":["post-631874","post","type-post","status-publish","format-standard","has-post-thumbnail","hentry","category-hombresmujeresycosas","category-internacional"],"_links":{"self":[{"href":"https:\/\/diariodominicano.com\/index.php?rest_route=\/wp\/v2\/posts\/631874","targetHints":{"allow":["GET"]}}],"collection":[{"href":"https:\/\/diariodominicano.com\/index.php?rest_route=\/wp\/v2\/posts"}],"about":[{"href":"https:\/\/diariodominicano.com\/index.php?rest_route=\/wp\/v2\/types\/post"}],"author":[{"embeddable":true,"href":"https:\/\/diariodominicano.com\/index.php?rest_route=\/wp\/v2\/users\/2"}],"replies":[{"embeddable":true,"href":"https:\/\/diariodominicano.com\/index.php?rest_route=%2Fwp%2Fv2%2Fcomments&post=631874"}],"version-history":[{"count":1,"href":"https:\/\/diariodominicano.com\/index.php?rest_route=\/wp\/v2\/posts\/631874\/revisions"}],"predecessor-version":[{"id":631876,"href":"https:\/\/diariodominicano.com\/index.php?rest_route=\/wp\/v2\/posts\/631874\/revisions\/631876"}],"wp:featuredmedia":[{"embeddable":true,"href":"https:\/\/diariodominicano.com\/index.php?rest_route=\/wp\/v2\/media\/631875"}],"wp:attachment":[{"href":"https:\/\/diariodominicano.com\/index.php?rest_route=%2Fwp%2Fv2%2Fmedia&parent=631874"}],"wp:term":[{"taxonomy":"category","embeddable":true,"href":"https:\/\/diariodominicano.com\/index.php?rest_route=%2Fwp%2Fv2%2Fcategories&post=631874"},{"taxonomy":"post_tag","embeddable":true,"href":"https:\/\/diariodominicano.com\/index.php?rest_route=%2Fwp%2Fv2%2Ftags&post=631874"}],"curies":[{"name":"wp","href":"https:\/\/api.w.org\/{rel}","templated":true}]}}