{"id":631743,"date":"2025-08-15T03:10:32","date_gmt":"2025-08-15T07:10:32","guid":{"rendered":"https:\/\/diariodominicano.com\/?p=631743"},"modified":"2025-08-15T14:46:31","modified_gmt":"2025-08-15T18:46:31","slug":"leonel-fernandez-llama-a-fortalecer-el-ministerio-de-educacion-superior-para-garantizar-universidades-de-calidad","status":"publish","type":"post","link":"https:\/\/diariodominicano.com\/?p=631743","title":{"rendered":"Leonel Fern\u00e1ndez llama a fortalecer el Ministerio de Educaci\u00f3n Superior para garantizar universidades de calidad"},"content":{"rendered":"\n<p>En conferencia en Santiago el expresidente expuso los retos y oportunidades que la revoluci\u00f3n tecnol\u00f3gica plantea para la academia dominicana._<\/p>\n\n\n\n<figure class=\"wp-block-gallery has-nested-images columns-default is-cropped wp-block-gallery-1 is-layout-flex wp-block-gallery-is-layout-flex\">\n<figure class=\"wp-block-image size-large\"><img loading=\"lazy\" decoding=\"async\" width=\"994\" height=\"663\" data-id=\"631817\" src=\"https:\/\/diariodominicano.com\/wp-content\/uploads\/2025\/08\/Leonel-Fernandez-llama-a-fortalecer-Ministerio-de-Educacion-Superior-para-garantizar-universidades-de-calidad.jpeg\" alt=\"\" class=\"wp-image-631817\" srcset=\"https:\/\/diariodominicano.com\/wp-content\/uploads\/2025\/08\/Leonel-Fernandez-llama-a-fortalecer-Ministerio-de-Educacion-Superior-para-garantizar-universidades-de-calidad.jpeg 994w, https:\/\/diariodominicano.com\/wp-content\/uploads\/2025\/08\/Leonel-Fernandez-llama-a-fortalecer-Ministerio-de-Educacion-Superior-para-garantizar-universidades-de-calidad-300x200.jpeg 300w, https:\/\/diariodominicano.com\/wp-content\/uploads\/2025\/08\/Leonel-Fernandez-llama-a-fortalecer-Ministerio-de-Educacion-Superior-para-garantizar-universidades-de-calidad-768x512.jpeg 768w, https:\/\/diariodominicano.com\/wp-content\/uploads\/2025\/08\/Leonel-Fernandez-llama-a-fortalecer-Ministerio-de-Educacion-Superior-para-garantizar-universidades-de-calidad-816x544.jpeg 816w\" sizes=\"auto, (max-width: 994px) 100vw, 994px\" \/><\/figure>\n<\/figure>\n\n\n\n<p>Santiago, Rep\u00fablica Dominicana.\u2013 En el marco de la celebraci\u00f3n del 40 aniversario de la fundaci\u00f3n del recinto Santiago de la Universidad Aut\u00f3noma de Santo Domingo (UASD), el expresidente de la Rep\u00fablica Dominicana, Leonel Fern\u00e1ndez, dict\u00f3 este mi\u00e9rcoles una conferencia magistral titulada \u201cEducaci\u00f3n Superior e Inteligencia Artificial\u201d, donde analiz\u00f3 los desaf\u00edos y oportunidades que la revoluci\u00f3n tecnol\u00f3gica plantea para la academia y la sociedad.<\/p>\n\n\n\n<figure class=\"wp-block-gallery has-nested-images columns-default is-cropped wp-block-gallery-2 is-layout-flex wp-block-gallery-is-layout-flex\">\n<figure class=\"wp-block-image size-large\"><img loading=\"lazy\" decoding=\"async\" width=\"994\" height=\"663\" data-id=\"631818\" src=\"https:\/\/diariodominicano.com\/wp-content\/uploads\/2025\/08\/Leonel-Fernandez-llama-a-fortalecer-el-Ministerio-de-Educacion-Superior-para-garantizar-universidades-de-calidad.jpg\" alt=\"\" class=\"wp-image-631818\" srcset=\"https:\/\/diariodominicano.com\/wp-content\/uploads\/2025\/08\/Leonel-Fernandez-llama-a-fortalecer-el-Ministerio-de-Educacion-Superior-para-garantizar-universidades-de-calidad.jpg 994w, https:\/\/diariodominicano.com\/wp-content\/uploads\/2025\/08\/Leonel-Fernandez-llama-a-fortalecer-el-Ministerio-de-Educacion-Superior-para-garantizar-universidades-de-calidad-300x200.jpg 300w, https:\/\/diariodominicano.com\/wp-content\/uploads\/2025\/08\/Leonel-Fernandez-llama-a-fortalecer-el-Ministerio-de-Educacion-Superior-para-garantizar-universidades-de-calidad-768x512.jpg 768w, https:\/\/diariodominicano.com\/wp-content\/uploads\/2025\/08\/Leonel-Fernandez-llama-a-fortalecer-el-Ministerio-de-Educacion-Superior-para-garantizar-universidades-de-calidad-816x544.jpg 816w\" sizes=\"auto, (max-width: 994px) 100vw, 994px\" \/><\/figure>\n<\/figure>\n\n\n\n<p>La nueva Ciudad Universitaria de Santiago fue construida e inaugurada por Leonel Fern\u00e1ndez en el a\u00f1o 2005, hace 20 a\u00f1os. Se levant\u00f3 en un \u00e1rea de 370.000 metros cuadrados y cuenta con cuatro edificios de aulas; un edificio para laboratorios de qu\u00edmica, f\u00edsica, ingenier\u00eda, arquitectura y artes gr\u00e1ficas; as\u00ed como instalaciones de servicios, un edificio administrativo y una amplia biblioteca con un gran auditorio.<\/p>\n\n\n\n<figure class=\"wp-block-gallery has-nested-images columns-default is-cropped wp-block-gallery-3 is-layout-flex wp-block-gallery-is-layout-flex\">\n<figure class=\"wp-block-image size-large\"><img loading=\"lazy\" decoding=\"async\" width=\"1024\" height=\"766\" data-id=\"631820\" src=\"https:\/\/diariodominicano.com\/wp-content\/uploads\/2025\/08\/Leonel-Fernandez-llama-a-fortalecer-el-Ministerio-de-Educacion-Superior-para-garantizar-universidades-de-calidad-1-1024x766.jpeg\" alt=\"\" class=\"wp-image-631820\" srcset=\"https:\/\/diariodominicano.com\/wp-content\/uploads\/2025\/08\/Leonel-Fernandez-llama-a-fortalecer-el-Ministerio-de-Educacion-Superior-para-garantizar-universidades-de-calidad-1-1024x766.jpeg 1024w, https:\/\/diariodominicano.com\/wp-content\/uploads\/2025\/08\/Leonel-Fernandez-llama-a-fortalecer-el-Ministerio-de-Educacion-Superior-para-garantizar-universidades-de-calidad-1-300x225.jpeg 300w, https:\/\/diariodominicano.com\/wp-content\/uploads\/2025\/08\/Leonel-Fernandez-llama-a-fortalecer-el-Ministerio-de-Educacion-Superior-para-garantizar-universidades-de-calidad-1-768x575.jpeg 768w, https:\/\/diariodominicano.com\/wp-content\/uploads\/2025\/08\/Leonel-Fernandez-llama-a-fortalecer-el-Ministerio-de-Educacion-Superior-para-garantizar-universidades-de-calidad-1-816x611.jpeg 816w, https:\/\/diariodominicano.com\/wp-content\/uploads\/2025\/08\/Leonel-Fernandez-llama-a-fortalecer-el-Ministerio-de-Educacion-Superior-para-garantizar-universidades-de-calidad-1.jpeg 1089w\" sizes=\"auto, (max-width: 1024px) 100vw, 1024px\" \/><\/figure>\n<\/figure>\n\n\n\n<p>Fern\u00e1ndez inici\u00f3 su exposici\u00f3n con una reflexi\u00f3n sobre la evoluci\u00f3n de la inteligencia artificial (IA), desde sus primeras concepciones en 1956 hasta su desarrollo actual con sistemas generativos como ChatGPT, Gemini y Deepseek, capaces de producir textos, im\u00e1genes, videos y sonidos. Tambi\u00e9n abord\u00f3 aplicaciones concretas en sectores como la salud, agricultura, transporte y entretenimiento, destacando el papel de asistentes virtuales y tecnolog\u00edas de streaming.<\/p>\n\n\n\n<p>En su intervenci\u00f3n, el exmandatario y l\u00edder del partido Fuerza del Pueblo repas\u00f3 la historia de la educaci\u00f3n superior, desde las universidades medievales hasta los campus virtuales del siglo XXI. Dijo  que las instituciones acad\u00e9micas enfrentan el reto de adaptarse a la sociedad del conocimiento, las tecnolog\u00edas inmersivas y la inteligencia artificial.<\/p>\n\n\n\n<p>Entre los ejes centrales de su disertaci\u00f3n, Fern\u00e1ndez expuso:<\/p>\n\n\n\n<p>&#8211; Competencias educativas del siglo XXI: pensamiento cr\u00edtico, creatividad, innovaci\u00f3n, resiliencia, ciudadan\u00eda digital y manejo de la informaci\u00f3n.<\/p>\n\n\n\n<p>&#8211; Aplicaciones de la IA en la docencia: aprendizaje personalizado, tutor\u00eda virtual, creaci\u00f3n de contenidos y soporte a la investigaci\u00f3n.<\/p>\n\n\n\n<p>&#8211; Tecnolog\u00edas emergentes: realidad virtual, realidad aumentada y anal\u00edtica de datos aplicadas a la educaci\u00f3n.<\/p>\n\n\n\n<p>&#8211; \u00c9tica y regulaci\u00f3n de la IA: protecci\u00f3n de datos, transparencia, supervisi\u00f3n humana, equidad y sostenibilidad.<\/p>\n\n\n\n<p>&#8211; Perspectivas para la educaci\u00f3n superior en la Rep\u00fablica Dominicana: reestructuraci\u00f3n curricular, fortalecimiento del campus virtual, modernizaci\u00f3n tecnol\u00f3gica y promoci\u00f3n de la excelencia acad\u00e9mica.<\/p>\n\n\n\n<p>En el cierre de su intervenci\u00f3n, Fern\u00e1ndez subray\u00f3 que para garantizar universidades modernas y de calidad es fundamental fortalecer el Ministerio de Educaci\u00f3n Superior, Ciencia y Tecnolog\u00eda, en lugar de debilitarlo, ya que de ello depende la capacidad del pa\u00eds para formar profesionales competitivos en un mundo impulsado por la innovaci\u00f3n. Con informaci\u00f3n de la\u2002Secretar\u00eda de Comunicaciones de\u2002Fuerza del Pueblo.<\/p>\n\n\n\n<p>#LeonelFern\u00e1ndez\u2003\u2003\u2003\u2003\u2002#Educaci\u00f3n Superior <\/p>\n","protected":false},"excerpt":{"rendered":"<p>En conferencia en Santiago el expresidente expuso los retos y oportunidades que la revoluci\u00f3n tecnol\u00f3gica plantea para la academia dominicana._ Santiago, Rep\u00fablica Dominicana.\u2013 En el marco de la celebraci\u00f3n del 40 aniversario de la fundaci\u00f3n del recinto Santiago de la Universidad Aut\u00f3noma de Santo Domingo (UASD), el expresidente de la Rep\u00fablica Dominicana, Leonel Fern\u00e1ndez, dict\u00f3 [&hellip;]<\/p>\n","protected":false},"author":2,"featured_media":631819,"comment_status":"closed","ping_status":"closed","sticky":false,"template":"","format":"standard","meta":{"footnotes":""},"categories":[36,20,22,27],"tags":[],"class_list":["post-631743","post","type-post","status-publish","format-standard","has-post-thumbnail","hentry","category-hombresmujeresycosas","category-dominicana-hoy","category-politica","category-portada"],"_links":{"self":[{"href":"https:\/\/diariodominicano.com\/index.php?rest_route=\/wp\/v2\/posts\/631743","targetHints":{"allow":["GET"]}}],"collection":[{"href":"https:\/\/diariodominicano.com\/index.php?rest_route=\/wp\/v2\/posts"}],"about":[{"href":"https:\/\/diariodominicano.com\/index.php?rest_route=\/wp\/v2\/types\/post"}],"author":[{"embeddable":true,"href":"https:\/\/diariodominicano.com\/index.php?rest_route=\/wp\/v2\/users\/2"}],"replies":[{"embeddable":true,"href":"https:\/\/diariodominicano.com\/index.php?rest_route=%2Fwp%2Fv2%2Fcomments&post=631743"}],"version-history":[{"count":5,"href":"https:\/\/diariodominicano.com\/index.php?rest_route=\/wp\/v2\/posts\/631743\/revisions"}],"predecessor-version":[{"id":631822,"href":"https:\/\/diariodominicano.com\/index.php?rest_route=\/wp\/v2\/posts\/631743\/revisions\/631822"}],"wp:featuredmedia":[{"embeddable":true,"href":"https:\/\/diariodominicano.com\/index.php?rest_route=\/wp\/v2\/media\/631819"}],"wp:attachment":[{"href":"https:\/\/diariodominicano.com\/index.php?rest_route=%2Fwp%2Fv2%2Fmedia&parent=631743"}],"wp:term":[{"taxonomy":"category","embeddable":true,"href":"https:\/\/diariodominicano.com\/index.php?rest_route=%2Fwp%2Fv2%2Fcategories&post=631743"},{"taxonomy":"post_tag","embeddable":true,"href":"https:\/\/diariodominicano.com\/index.php?rest_route=%2Fwp%2Fv2%2Ftags&post=631743"}],"curies":[{"name":"wp","href":"https:\/\/api.w.org\/{rel}","templated":true}]}}