{"id":631741,"date":"2025-08-15T02:45:51","date_gmt":"2025-08-15T06:45:51","guid":{"rendered":"https:\/\/diariodominicano.com\/?p=631741"},"modified":"2025-08-15T02:45:56","modified_gmt":"2025-08-15T06:45:56","slug":"presidenta-sheinbaum-destaca-reduccion-de-pobreza-en-mexico-como-logro-de-la-cuarta-transformacion","status":"publish","type":"post","link":"https:\/\/diariodominicano.com\/?p=631741","title":{"rendered":"Presidenta Sheinbaum destaca reducci\u00f3n de pobreza en M\u00e9xico como \u00ablogro de la Cuarta Transformaci\u00f3n\u00bb"},"content":{"rendered":"\n<p><em>spanish.news.cn<\/em>|<em>&nbsp;2025-08-15 03:56:15<\/em>|<\/p>\n\n\n\n<p>M\u00c9XICO, 14 ago (Xinhua) &#8212; La presidenta de M\u00e9xico, Claudia Sheinbaum, afirm\u00f3 este jueves que la reducci\u00f3n de la pobreza en M\u00e9xico es un \u00ablogro de la Cuarta Transformaci\u00f3n\u00bb, modelo que se caracteriza como un \u00abproyecto humanista\u00bb.<\/p>\n\n\n\n<p>En su habitual rueda de prensa diaria desde Palacio Nacional en la Ciudad de M\u00e9xico, la mandataria mexicana asegur\u00f3 que la reducci\u00f3n de la pobreza en M\u00e9xico de 2022 a 2024 es una \u00abhaza\u00f1a\u00bb que adem\u00e1s marca un hecho \u00abhist\u00f3rico\u00bb para el pa\u00eds.<\/p>\n\n\n\n<p>El Instituto Nacional de Estad\u00edstica y Geograf\u00eda (Inegi) report\u00f3 la v\u00edspera que la poblaci\u00f3n mexicana en situaci\u00f3n de \u00abpobreza multidimensional\u00bb se redujo a 38,5 millones en 2024, desde los 46,8 millones que prevalec\u00edan en 2022.<\/p>\n\n\n\n<p>De esta manera, la poblaci\u00f3n en situaci\u00f3n de pobreza represent\u00f3 el 29,6 por ciento, lo que significa que tres de cada 10 personas no ten\u00edan garantizado el ejercicio de al menos uno de sus derechos sociales, como educaci\u00f3n, salud, seguridad social, vivienda y alimentaci\u00f3n.<\/p>\n\n\n\n<p>\u00abEs algo extraordinario e hist\u00f3rico la reducci\u00f3n (de la pobreza) en el sexenio del presidente (Andr\u00e9s Manuel) L\u00f3pez Obrador (2018-2024), pero particularmente de 2022 a 2024, en tan solo dos a\u00f1os. Es una muestra de que el proyecto de la Cuarta Transformaci\u00f3n funciona y est\u00e1 dedicado a quien menos tiene. Que &#8216;por el bien de todos, primeros los pobres&#8217; no solamente es una consigna, sino una realidad en M\u00e9xico\u00bb, afirm\u00f3 Sheinbaum.<\/p>\n\n\n\n<p>A pesar de la disminuci\u00f3n, la mandataria se\u00f1al\u00f3 que el solo hecho de que 30 por ciento de la poblaci\u00f3n en M\u00e9xico viva en pobreza es un indicador de que el Gobierno tiene que \u00abseguir avanzando\u00bb.<\/p>\n\n\n\n<p><a href=\"https:\/\/www.facebook.com\/sharer\/sharer.php?u=https:\/\/spanish.xinhuanet.com\/20250815\/9eef1a1cd31e4fbfb57d980e50b1ed07\/c.html\" target=\"_blank\" rel=\"noreferrer noopener\"><\/a>&nbsp;<a href=\"https:\/\/twitter.com\/intent\/tweet?text=Presidenta%20Sheinbaum%20destaca%20reducci%C3%B3n%20de%20pobreza%20en%20M%C3%A9xico%20como%20%22logro%20de%20la%20Cuarta%20Transformaci%C3%B3n%22&amp;url=https:\/\/spanish.xinhuanet.com\/20250815\/9eef1a1cd31e4fbfb57d980e50b1ed07\/c.html\" target=\"_blank\" rel=\"noreferrer noopener\"><\/a>&nbsp;<a target=\"_blank\" href=\"https:\/\/service.weibo.com\/share\/share.php?title=Presidenta%20Sheinbaum%20destaca%20reducci%C3%B3n%20de%20pobreza%20en%20M%C3%A9xico%20como%20%22logro%20de%20la%20Cuarta%20Transformaci%C3%B3n%22&amp;url=https:\/\/spanish.xinhuanet.com\/20250815\/9eef1a1cd31e4fbfb57d980e50b1ed07\/c.html\" rel=\"noreferrer noopener\"><\/a>&nbsp;<a><\/a><\/p>\n\n\n\n<figure class=\"wp-block-image\"><img decoding=\"async\" src=\"https:\/\/imgs.news.cn\/res\/xhwimg\/spanish\/20170522\/img\/jc-xfa.png\" alt=\"\"\/><\/figure>\n","protected":false},"excerpt":{"rendered":"<p>spanish.news.cn|&nbsp;2025-08-15 03:56:15| M\u00c9XICO, 14 ago (Xinhua) &#8212; La presidenta de M\u00e9xico, Claudia Sheinbaum, afirm\u00f3 este jueves que la reducci\u00f3n de la pobreza en M\u00e9xico es un \u00ablogro de la Cuarta Transformaci\u00f3n\u00bb, modelo que se caracteriza como un \u00abproyecto humanista\u00bb. En su habitual rueda de prensa diaria desde Palacio Nacional en la Ciudad de M\u00e9xico, la [&hellip;]<\/p>\n","protected":false},"author":2,"featured_media":628952,"comment_status":"closed","ping_status":"closed","sticky":false,"template":"","format":"standard","meta":{"footnotes":""},"categories":[23],"tags":[],"class_list":["post-631741","post","type-post","status-publish","format-standard","has-post-thumbnail","hentry","category-internacional"],"_links":{"self":[{"href":"https:\/\/diariodominicano.com\/index.php?rest_route=\/wp\/v2\/posts\/631741","targetHints":{"allow":["GET"]}}],"collection":[{"href":"https:\/\/diariodominicano.com\/index.php?rest_route=\/wp\/v2\/posts"}],"about":[{"href":"https:\/\/diariodominicano.com\/index.php?rest_route=\/wp\/v2\/types\/post"}],"author":[{"embeddable":true,"href":"https:\/\/diariodominicano.com\/index.php?rest_route=\/wp\/v2\/users\/2"}],"replies":[{"embeddable":true,"href":"https:\/\/diariodominicano.com\/index.php?rest_route=%2Fwp%2Fv2%2Fcomments&post=631741"}],"version-history":[{"count":1,"href":"https:\/\/diariodominicano.com\/index.php?rest_route=\/wp\/v2\/posts\/631741\/revisions"}],"predecessor-version":[{"id":631742,"href":"https:\/\/diariodominicano.com\/index.php?rest_route=\/wp\/v2\/posts\/631741\/revisions\/631742"}],"wp:featuredmedia":[{"embeddable":true,"href":"https:\/\/diariodominicano.com\/index.php?rest_route=\/wp\/v2\/media\/628952"}],"wp:attachment":[{"href":"https:\/\/diariodominicano.com\/index.php?rest_route=%2Fwp%2Fv2%2Fmedia&parent=631741"}],"wp:term":[{"taxonomy":"category","embeddable":true,"href":"https:\/\/diariodominicano.com\/index.php?rest_route=%2Fwp%2Fv2%2Fcategories&post=631741"},{"taxonomy":"post_tag","embeddable":true,"href":"https:\/\/diariodominicano.com\/index.php?rest_route=%2Fwp%2Fv2%2Ftags&post=631741"}],"curies":[{"name":"wp","href":"https:\/\/api.w.org\/{rel}","templated":true}]}}