{"id":631666,"date":"2025-08-15T00:39:58","date_gmt":"2025-08-15T04:39:58","guid":{"rendered":"https:\/\/diariodominicano.com\/?p=631666"},"modified":"2025-08-15T00:41:19","modified_gmt":"2025-08-15T04:41:19","slug":"lendof-galardonado-en-the-best-of-dr-2025-por-segundo-ano-consecutivo","status":"publish","type":"post","link":"https:\/\/diariodominicano.com\/?p=631666","title":{"rendered":"Lendof, galardonado en The Best of DR 2025 por segundo a\u00f1o consecutivo"},"content":{"rendered":"\n<p><em>Reconocido por revista Mercado como mejor referente en la<\/em><\/p>\n\n\n\n<p><em>categor\u00eda Dise\u00f1ador de Eventos y Experiencias \u2013 Servicios<\/em><\/p>\n\n\n\n<p>Diario Dominicano<\/p>\n\n\n\n<p><strong>Santo Domingo, Rep\u00fablica Dominicana \u2013 14 de agosto de 2025<\/strong> \u2013 Wladimir Lendof, quien por m\u00e1s de dos d\u00e9cadas ha liderado con visi\u00f3n estrat\u00e9gica y creatividad la firma <strong>Lendof<\/strong>, recibe por segundo a\u00f1o consecutivo el galard\u00f3n <strong>\u201cThe Best of DR\u201d<\/strong> en la categor\u00eda <em>Dise\u00f1ador de Eventos y Experiencias \u2013 Servicios<\/em>. Este reconocimiento, otorgado por <em>Revista Mercado<\/em>, exalta la trayectoria de una firma emblem\u00e1tica que combina innovaci\u00f3n, tecnolog\u00eda y precisi\u00f3n para crear experiencias de calidad mundial, redefiniendo el est\u00e1ndar de la industria en la Rep\u00fablica Dominicana y en la regi\u00f3n.<\/p>\n\n\n\n<p>Elegida por las m\u00e1s prestigiosas marcas de lujo, corporaciones l\u00edderes, grandes empresas y marcas preminentes, Lendof se ha ganado la confianza de sus clientes para la ejecuci\u00f3n de sus eventos m\u00e1s significativos: lanzamientos de alto perfil, grandes openings, aniversarios institucionales y encuentros empresariales que demandan excelencia sin concesiones. M\u00e1s all\u00e1 de una producci\u00f3n impecable, la firma garantiza la conexi\u00f3n con p\u00fablicos objetivos y segmentos de inter\u00e9s estrat\u00e9gicos, generando un impacto que trasciende el evento mismo.<\/p>\n\n\n\n<p><em>\u201cEste galard\u00f3n reafirma nuestra pasi\u00f3n por crear experiencias de alto impacto que no solo sorprenden, sino que generan resultados tangibles para nuestros clientes. Apuntamos siempre a la innovaci\u00f3n, a la integraci\u00f3n de tecnolog\u00eda de vanguardia y al cuidado de cada detalle. Es un honor recibirlo nuevamente y compartirlo con un equipo multigeneracional, en el que la energ\u00eda y creatividad de j\u00f3venes talentos se complementa con la experiencia y visi\u00f3n estrat\u00e9gica de profesionales consolidados. Juntos, nos impulsamos a dar siempre la milla extra, inspirados por la confianza de nuestros clientes\u201d<\/em>, expres\u00f3 <strong>Wladimir Lendof<\/strong>, presidente de Lendof.<\/p>\n\n\n\n<p><strong>Sobre Lendof<\/strong><br><strong>Lendof es un referente regional en la concepci\u00f3n, dise\u00f1o y producci\u00f3n de experiencias que conectan marcas y audiencias de forma estrat\u00e9gica y aut\u00e9ntica. Su equipo joven y din\u00e1mico, guiado por la experiencia, visi\u00f3n y capacidad de gesti\u00f3n creativa de su fundador, aporta talento, energ\u00eda y excelencia a cada proyecto. Con un portafolio que abarca desde eventos de alto nivel hasta proyectos integrales de comunicaci\u00f3n, la firma se distingue por su creatividad, precisi\u00f3n y alcance, logrando siempre resultados que dejan huella.<\/strong><\/p>\n\n\n\n<p>Lendof &amp; Asociados<\/p>\n\n\n\n<p><a href=\"mailto:lendofasoc2@gmail.com\" target=\"_blank\" rel=\"noreferrer noopener\">lendofasoc2@gmail.com<\/a><\/p>\n\n\n\n<p>#Wladimir Lendof<\/p>\n","protected":false},"excerpt":{"rendered":"<p>Reconocido por revista Mercado como mejor referente en la categor\u00eda Dise\u00f1ador de Eventos y Experiencias \u2013 Servicios Diario Dominicano Santo Domingo, Rep\u00fablica Dominicana \u2013 14 de agosto de 2025 \u2013 Wladimir Lendof, quien por m\u00e1s de dos d\u00e9cadas ha liderado con visi\u00f3n estrat\u00e9gica y creatividad la firma Lendof, recibe por segundo a\u00f1o consecutivo el galard\u00f3n [&hellip;]<\/p>\n","protected":false},"author":2,"featured_media":631667,"comment_status":"closed","ping_status":"closed","sticky":false,"template":"","format":"standard","meta":{"footnotes":""},"categories":[36],"tags":[],"class_list":["post-631666","post","type-post","status-publish","format-standard","has-post-thumbnail","hentry","category-hombresmujeresycosas"],"_links":{"self":[{"href":"https:\/\/diariodominicano.com\/index.php?rest_route=\/wp\/v2\/posts\/631666","targetHints":{"allow":["GET"]}}],"collection":[{"href":"https:\/\/diariodominicano.com\/index.php?rest_route=\/wp\/v2\/posts"}],"about":[{"href":"https:\/\/diariodominicano.com\/index.php?rest_route=\/wp\/v2\/types\/post"}],"author":[{"embeddable":true,"href":"https:\/\/diariodominicano.com\/index.php?rest_route=\/wp\/v2\/users\/2"}],"replies":[{"embeddable":true,"href":"https:\/\/diariodominicano.com\/index.php?rest_route=%2Fwp%2Fv2%2Fcomments&post=631666"}],"version-history":[{"count":2,"href":"https:\/\/diariodominicano.com\/index.php?rest_route=\/wp\/v2\/posts\/631666\/revisions"}],"predecessor-version":[{"id":631669,"href":"https:\/\/diariodominicano.com\/index.php?rest_route=\/wp\/v2\/posts\/631666\/revisions\/631669"}],"wp:featuredmedia":[{"embeddable":true,"href":"https:\/\/diariodominicano.com\/index.php?rest_route=\/wp\/v2\/media\/631667"}],"wp:attachment":[{"href":"https:\/\/diariodominicano.com\/index.php?rest_route=%2Fwp%2Fv2%2Fmedia&parent=631666"}],"wp:term":[{"taxonomy":"category","embeddable":true,"href":"https:\/\/diariodominicano.com\/index.php?rest_route=%2Fwp%2Fv2%2Fcategories&post=631666"},{"taxonomy":"post_tag","embeddable":true,"href":"https:\/\/diariodominicano.com\/index.php?rest_route=%2Fwp%2Fv2%2Ftags&post=631666"}],"curies":[{"name":"wp","href":"https:\/\/api.w.org\/{rel}","templated":true}]}}