{"id":631660,"date":"2025-08-15T00:28:18","date_gmt":"2025-08-15T04:28:18","guid":{"rendered":"https:\/\/diariodominicano.com\/?p=631660"},"modified":"2025-08-15T00:28:23","modified_gmt":"2025-08-15T04:28:23","slug":"presidente-de-bolivia-nombra-nuevo-alto-mando-de-fuerzas-armadas","status":"publish","type":"post","link":"https:\/\/diariodominicano.com\/?p=631660","title":{"rendered":"Presidente de Bolivia nombra nuevo Alto Mando de Fuerzas Armadas"},"content":{"rendered":"\n<p>La Paz, 14 ago (Prensa Latina) El presidente boliviano, Luis Arce, nombr\u00f3 y posesion\u00f3 hoy al nuevo Alto Mando de las Fuerzas Armadas y les record\u00f3 su juramento constitucional de mantener la paz y la gobernabilidad del Ejecutivo elegido en las urnas.<\/p>\n\n\n\n<ul class=\"wp-block-list\">\n<li><a href=\"https:\/\/www.prensa-latina.cu\/2025\/08\/14\/\"><time>agosto 14, 2025 | 21:41<\/time><\/a><\/li>\n<\/ul>\n\n\n\n<ul class=\"wp-block-list\">\n<li><a href=\"https:\/\/www.prensa-latina.cu\/2025\/08\/14\/presidente-de-bolivia-nombra-nuevo-alto-mando-de-fuerzas-armadas\/#\"><\/a><\/li>\n\n\n\n<li><a href=\"https:\/\/www.prensa-latina.cu\/2025\/08\/14\/presidente-de-bolivia-nombra-nuevo-alto-mando-de-fuerzas-armadas\/#\"><\/a><\/li>\n\n\n\n<li><a href=\"https:\/\/www.prensa-latina.cu\/2025\/08\/14\/presidente-de-bolivia-nombra-nuevo-alto-mando-de-fuerzas-armadas\/#\"><\/a><\/li>\n\n\n\n<li><a href=\"https:\/\/www.prensa-latina.cu\/2025\/08\/14\/presidente-de-bolivia-nombra-nuevo-alto-mando-de-fuerzas-armadas\/#\"><\/a><\/li>\n<\/ul>\n\n\n\n<p>A 72 horas de las elecciones generales, en la noche de este jueves, durante una ceremonia en la Casa Grande del Pueblo (sede gubernamental), el mandatario tom\u00f3 juramento al contralmirante Gustavo Primitivo Anibarro Escobar como comandante de las Fuerzas Armadas.<\/p>\n\n\n\n<p>El general de brigada Sherman Mario Sempertegui Tames asumi\u00f3 como jefe del Estado Mayor; mientras que el general de Brigada Roberto Pablo Delgadillo V\u00e1zquez ocupa desde ahora la jefatura del Ej\u00e9rcito.<\/p>\n\n\n\n<p>Al frente de la Fuerza A\u00e9rea Boliviana qued\u00f3 el general de Brigada Marco Antonio Choquehuanca Mar\u00edn y el contralmirante Freddy Pozo Rodr\u00edguez encabeza desde este jueves la Armada Boliviana.<\/p>\n\n\n\n<p>\u201cLos distinguidos generales que hoy son posesionados tienen una misi\u00f3n, adem\u00e1s del mandato constitucional de la preservaci\u00f3n de la democracia y el respeto a la Constituci\u00f3n Pol\u00edtica del Estado, es el de mantener la paz y la gobernabilidad del Estado (\u2026)\u201d, asegur\u00f3 el dignatario.<\/p>\n\n\n\n<p>Insisti\u00f3 en que las nuevas autoridades, fundamentalmente, deben garantizar \u201cla estabilidad de todos los gobiernos legalmente y democr\u00e1ticamente constituidos\u201d.<\/p>\n\n\n\n<p>Arce advirti\u00f3 a los nuevos mandos que \u201cignorar estos valores supremos constitucionales\u201d ser\u00eda una gran falta al pueblo boliviano.<\/p>\n\n\n\n<p>\u201cNunca vamos a compartir y no lo hemos hecho, ni lo vamos a hacer, de levantar las armas del Ej\u00e9rcito, de las Fuerzas Armadas en general, contra nuestra poblaci\u00f3n (\u2026)\u201d, insisti\u00f3 el jefe de Estado.<\/p>\n\n\n\n<p>Remarc\u00f3 en referencia a los comicios generales del pr\u00f3ximo domingo que \u201chay que respetar el proceso democr\u00e1tico, tenemos diferencias y las diferencias se las deben arreglar en las urnas, democr\u00e1ticamente\u201d.<\/p>\n\n\n\n<p>Arce convoc\u00f3 a la poblaci\u00f3n a reflexionar y acudir a las urnas, y ratific\u00f3 su compromiso de llevar adelante una transici\u00f3n democr\u00e1tica y ordenada para entregar el mando del pa\u00eds a las nuevas autoridades que reciban el apoyo de la poblaci\u00f3n.<\/p>\n\n\n\n<p>De su lado, al agradecer el nombramiento, el nuevo comandante de las Fuerzas Armadas, el contralmirante Anibarro, garantiz\u00f3 el respecto a los preceptos constitucionales de preservar \u201cel mandato constitucional, la paz, la unidad nacional y la estabilidad de las instituciones democr\u00e1ticas del Estado\u201d.<\/p>\n\n\n\n<p>Reafirm\u00f3, asimismo, el compromiso con la defensa de la soberan\u00eda de la patria, el desarrollo integral del pa\u00eds y la indeclinable decisi\u00f3n de reivindicaci\u00f3n mar\u00edtima.<\/p>\n\n\n\n<p>\u201cRequiero el compromiso del acatamiento a las \u00f3rdenes superiores a los miembros de la instituci\u00f3n castrense, las cuales contribuir\u00e1n en acciones conducentes a las pol\u00edticas institucionales conforme a las normas establecidas\u201d, concluy\u00f3 el contralmirante.<\/p>\n\n\n\n<p>ro\/jpm<\/p>\n\n\n\n<ul class=\"wp-block-list\">\n<li>#<a href=\"https:\/\/www.prensa-latina.cu\/etiqueta\/bolivia\/\">bolivia<\/a>\u00a0#<a href=\"https:\/\/www.prensa-latina.cu\/etiqueta\/nombramiento-y-toma-de-posesion-de-alto-mando-de-fuerzas-armadas\/\">nombramiento y toma de posesi\u00f3n de Alto Mando de Fuerzas Armadas<\/a><\/li>\n<\/ul>\n","protected":false},"excerpt":{"rendered":"<p>La Paz, 14 ago (Prensa Latina) El presidente boliviano, Luis Arce, nombr\u00f3 y posesion\u00f3 hoy al nuevo Alto Mando de las Fuerzas Armadas y les record\u00f3 su juramento constitucional de mantener la paz y la gobernabilidad del Ejecutivo elegido en las urnas. A 72 horas de las elecciones generales, en la noche de este jueves, [&hellip;]<\/p>\n","protected":false},"author":2,"featured_media":631661,"comment_status":"closed","ping_status":"closed","sticky":false,"template":"","format":"standard","meta":{"footnotes":""},"categories":[23],"tags":[],"class_list":["post-631660","post","type-post","status-publish","format-standard","has-post-thumbnail","hentry","category-internacional"],"_links":{"self":[{"href":"https:\/\/diariodominicano.com\/index.php?rest_route=\/wp\/v2\/posts\/631660","targetHints":{"allow":["GET"]}}],"collection":[{"href":"https:\/\/diariodominicano.com\/index.php?rest_route=\/wp\/v2\/posts"}],"about":[{"href":"https:\/\/diariodominicano.com\/index.php?rest_route=\/wp\/v2\/types\/post"}],"author":[{"embeddable":true,"href":"https:\/\/diariodominicano.com\/index.php?rest_route=\/wp\/v2\/users\/2"}],"replies":[{"embeddable":true,"href":"https:\/\/diariodominicano.com\/index.php?rest_route=%2Fwp%2Fv2%2Fcomments&post=631660"}],"version-history":[{"count":1,"href":"https:\/\/diariodominicano.com\/index.php?rest_route=\/wp\/v2\/posts\/631660\/revisions"}],"predecessor-version":[{"id":631662,"href":"https:\/\/diariodominicano.com\/index.php?rest_route=\/wp\/v2\/posts\/631660\/revisions\/631662"}],"wp:featuredmedia":[{"embeddable":true,"href":"https:\/\/diariodominicano.com\/index.php?rest_route=\/wp\/v2\/media\/631661"}],"wp:attachment":[{"href":"https:\/\/diariodominicano.com\/index.php?rest_route=%2Fwp%2Fv2%2Fmedia&parent=631660"}],"wp:term":[{"taxonomy":"category","embeddable":true,"href":"https:\/\/diariodominicano.com\/index.php?rest_route=%2Fwp%2Fv2%2Fcategories&post=631660"},{"taxonomy":"post_tag","embeddable":true,"href":"https:\/\/diariodominicano.com\/index.php?rest_route=%2Fwp%2Fv2%2Ftags&post=631660"}],"curies":[{"name":"wp","href":"https:\/\/api.w.org\/{rel}","templated":true}]}}