{"id":631641,"date":"2025-08-14T18:52:23","date_gmt":"2025-08-14T22:52:23","guid":{"rendered":"https:\/\/diariodominicano.com\/?p=631641"},"modified":"2025-08-14T18:55:10","modified_gmt":"2025-08-14T22:55:10","slug":"imponen-coercion-a-hombre-que-destruyo-y-sustrajo-piezas-de-torre-de-transmision-electrica-en-puerto-plata","status":"publish","type":"post","link":"https:\/\/diariodominicano.com\/?p=631641","title":{"rendered":"Imponen coerci\u00f3n a hombre que destruy\u00f3 y sustrajo piezas de torre de transmisi\u00f3n el\u00e9ctrica en Puerto Plata"},"content":{"rendered":"\n<p><strong>SANTO DOMINGO (Rep\u00fablica Dominicana).- Tras evaluar las evidencias aportadas por el Ministerio P\u00fablico, un tribunal de Puerto Plata le impuso medidas de coerci\u00f3n a un hombre imputado de destruir y sustraer piezas de una torre de transmisi\u00f3n el\u00e9ctrica de alta tensi\u00f3n perteneciente a la Empresa de Transmisi\u00f3n El\u00e9ctrica Dominicana (ETED).<\/strong><\/p>\n\n\n\n<p><strong>La Oficina Judicial de Servicios de Atenci\u00f3n Permanente de Puerto Plata le impuso al imputado Yuniol Rafael Polanco Mercado una garant\u00eda econ\u00f3mica de RD$50 mil, presentaci\u00f3n peri\u00f3dica e impedimento de salida del pa\u00eds.<\/strong><\/p>\n\n\n\n<p><strong>De acuerdo con la investigaci\u00f3n, realizada por la fiscal Rosal\u00eda Vargas, el hecho ocurri\u00f3 el pasado 22 de junio de 2025, cuando los servicios de vigilancia de la ETED detectaron movimientos sospechosos en la torre n\u00famero 89 de la l\u00ednea 138Kv, tramo Puerto Plata I &#8211; Playa Dorada &#8211; R\u00edo San Juan, ubicada en la zona Mu\u00f1oz de esta ciudad.<\/strong><\/p>\n\n\n\n<p><strong>Al llegar al lugar, el personal de seguridad militar constat\u00f3 la presencia de una retroexcavadora y otros equipos realizando una ampliaci\u00f3n de camino, observando que la torre hab\u00eda sido derribada y que sus piezas y componentes, incluyendo angulares, tornillos y elementos estructurales hab\u00edan sido sustra\u00eddos.<\/strong><\/p>\n\n\n\n<p><strong>El imputado aleg\u00f3 ser propietario de los terrenos, sin embargo, la investigaci\u00f3n costos que dichos componentes fueron retirados mediantes el uso de herramientas y t\u00e9cnicas especializadas, lo que evidencia la planificaci\u00f3n y concertaci\u00f3n para la comisi\u00f3n del hecho.<\/strong><\/p>\n\n\n\n<p><strong>La torre formaba parte de una obra declarada de utilidad p\u00fablica mediante los decretos del Poder Ejecutivo 106-19 y 107-19, siendo parte esencial del sistema el\u00e9ctrico nacional, y contaba con cableado de alta tensi\u00f3n e internet de fibra para comunicaciones internacionales. Su destrucci\u00f3n constituye un atentado contra la seguridad nacional y contra bienes del Estado dominicano.<\/strong><\/p>\n\n\n\n<p><strong>Los fiscales Jes\u00fas Ernesto Valenzuela y Rosal\u00eda Vargas representaron el Ministerio P\u00fablico en la audiencia donde el juez Romaldy Marcelino Henr\u00edquez impuso las medidas de coerci\u00f3n.<\/strong><\/p>\n\n\n\n<p><strong>El caso recibi\u00f3 la calificaci\u00f3n jur\u00eddica provisional de robo agravado, tipificado en el art\u00edculo 379 del C\u00f3digo Penal dominicano, as\u00ed como violaci\u00f3n a los art\u00edculos 124, p\u00e1rrafo I, numeral 1, y 125-9, numeral 6, de la Ley General de Electricidad N\u00fam 125-01 , modificada por la Ley 186-07, que sancionan el atentado al sistema el\u00e9ctrico nacional.<\/strong><\/p>\n\n\n\n<p><strong>Direcci\u00f3n General de Comunicaci\u00f3n, Prensa y RRPP<\/strong><\/p>\n\n\n\n<p><strong>Ministerio P\u00fablico RD<\/strong><\/p>\n\n\n\n<p>Comunicaciones PGR <a href=\"mailto:comunicaciones@pgr.gob.do\">comunicaciones@pgr.gob.do<\/a><\/p>\n","protected":false},"excerpt":{"rendered":"<p>SANTO DOMINGO (Rep\u00fablica Dominicana).- Tras evaluar las evidencias aportadas por el Ministerio P\u00fablico, un tribunal de Puerto Plata le impuso medidas de coerci\u00f3n a un hombre imputado de destruir y sustraer piezas de una torre de transmisi\u00f3n el\u00e9ctrica de alta tensi\u00f3n perteneciente a la Empresa de Transmisi\u00f3n El\u00e9ctrica Dominicana (ETED). La Oficina Judicial de Servicios [&hellip;]<\/p>\n","protected":false},"author":7,"featured_media":495896,"comment_status":"closed","ping_status":"closed","sticky":false,"template":"","format":"standard","meta":{"footnotes":""},"categories":[24],"tags":[171],"class_list":["post-631641","post","type-post","status-publish","format-standard","has-post-thumbnail","hentry","category-justicia-y-derecho","tag-ministerio-publico"],"_links":{"self":[{"href":"https:\/\/diariodominicano.com\/index.php?rest_route=\/wp\/v2\/posts\/631641","targetHints":{"allow":["GET"]}}],"collection":[{"href":"https:\/\/diariodominicano.com\/index.php?rest_route=\/wp\/v2\/posts"}],"about":[{"href":"https:\/\/diariodominicano.com\/index.php?rest_route=\/wp\/v2\/types\/post"}],"author":[{"embeddable":true,"href":"https:\/\/diariodominicano.com\/index.php?rest_route=\/wp\/v2\/users\/7"}],"replies":[{"embeddable":true,"href":"https:\/\/diariodominicano.com\/index.php?rest_route=%2Fwp%2Fv2%2Fcomments&post=631641"}],"version-history":[{"count":1,"href":"https:\/\/diariodominicano.com\/index.php?rest_route=\/wp\/v2\/posts\/631641\/revisions"}],"predecessor-version":[{"id":631648,"href":"https:\/\/diariodominicano.com\/index.php?rest_route=\/wp\/v2\/posts\/631641\/revisions\/631648"}],"wp:featuredmedia":[{"embeddable":true,"href":"https:\/\/diariodominicano.com\/index.php?rest_route=\/wp\/v2\/media\/495896"}],"wp:attachment":[{"href":"https:\/\/diariodominicano.com\/index.php?rest_route=%2Fwp%2Fv2%2Fmedia&parent=631641"}],"wp:term":[{"taxonomy":"category","embeddable":true,"href":"https:\/\/diariodominicano.com\/index.php?rest_route=%2Fwp%2Fv2%2Fcategories&post=631641"},{"taxonomy":"post_tag","embeddable":true,"href":"https:\/\/diariodominicano.com\/index.php?rest_route=%2Fwp%2Fv2%2Ftags&post=631641"}],"curies":[{"name":"wp","href":"https:\/\/api.w.org\/{rel}","templated":true}]}}