{"id":631602,"date":"2025-08-14T16:31:22","date_gmt":"2025-08-14T20:31:22","guid":{"rendered":"https:\/\/diariodominicano.com\/?p=631602"},"modified":"2025-08-14T16:35:54","modified_gmt":"2025-08-14T20:35:54","slug":"futuro-y-prospectiva-de-la-ia","status":"publish","type":"post","link":"https:\/\/diariodominicano.com\/?p=631602","title":{"rendered":"Futuro y Prospectiva de la IA"},"content":{"rendered":"\n<p>Zoraima Cuello insta a Am\u00e9rica Latina a liderar la Inteligencia Artificial con visi\u00f3n competitiva y enfoque humano.<\/p>\n\n\n\n<p>La vicepresidenta del Partido de la Liberaci\u00f3n Dominicana (PLD), Zoraima Cuello, inst\u00f3 a que Am\u00e9rica Latina asuma con decisi\u00f3n el liderazgo en Inteligencia Artificial (IA) como herramienta estrat\u00e9gica para impulsar la competitividad, la productividad y la equidad social.<\/p>\n\n\n\n<p>El Planteamiento de Cuello es la esencia de la conferencia que dictara en el encuentro internacional \u201cInteligencia Artificial en Latinoam\u00e9rica: Futuro y Prospectiva\u201d, celebrado en Medell\u00edn, Colombia.<\/p>\n\n\n\n<p>En su intervenci\u00f3n precis\u00f3 que la IA ya no es una opci\u00f3n, sino una urgencia estrat\u00e9gica para el progreso de la regi\u00f3n, y que su adopci\u00f3n debe estar acompa\u00f1ada de estrategias nacionales s\u00f3lidas, inversi\u00f3n decidida y un enfoque \u00e9tico que ponga a la persona en el centro, tal como promueve el \u00faltimo informe de Desarrollo Humano del Programa de Naciones Unidas para el Desarrollo (PNUD).<\/p>\n\n\n\n<p>Durante su intervenci\u00f3n, destac\u00f3 que, en este momento, solo siete pa\u00edses de la regi\u00f3n cuentan con una estrategia nacional de IA, mientras que la inversi\u00f3n en Investigaci\u00f3n y Desarrollo no supera el 1% del PIB, y es a\u00fan menor en IA, sumado a esto, explic\u00f3 c\u00f3mo profesionales altamente capacitados migran hacia otros pa\u00edses, debilitando la capacidad de innovaci\u00f3n local.<\/p>\n\n\n\n<p>Hizo un llamado a renovar los sistemas educativos heredados del siglo XIX que no preparan a los estudiantes para la era digital y ha recomendado un modelo centrado en pensamiento cr\u00edtico, la creatividad y el uso \u00e9tico y responsable de la IA.<\/p>\n\n\n\n<p>Zoraima Cuello, quien es doctora en educaci\u00f3n, present\u00f3 estudios que muestran evidencias de c\u00f3mo el uso de la IA reduce tiempos de trabajo y fortalece pol\u00edticas sociales, destacando su potencial para transformar vidas y resolver problemas estructurales.<\/p>\n\n\n\n<p>\u201cAm\u00e9rica Latina no es pobre en talento, es pobre en visi\u00f3n estrat\u00e9gica com\u00fan\u201d, afirm\u00f3, llamando a construir una red regional de IA al estilo de la Uni\u00f3n Europea. Urgi\u00f3 a definir marcos claros para evitar abusos y formar a las nuevas generaciones en el uso correcto de la tecnolog\u00eda y recalc\u00f3 que, sin conectividad y actualizaci\u00f3n permanente, la regi\u00f3n no podr\u00e1 competir globalmente.<\/p>\n\n\n\n<p>Zoraima Cuello reafirm\u00f3 su compromiso con una transformaci\u00f3n digital inclusiva y competitiva, que no solo impulse el crecimiento econ\u00f3mico, sino que reduzca desigualdades y fortalezca el desarrollo humano en Am\u00e9rica Latina.<\/p>\n\n\n\n<p>Este encuentro fue organizado por la Red de Inteligencia Artificial de Am\u00e9rica Latina con el apoyo de la Universidad Lux de M\u00e9xico y la Universidad CEIPA de Colombia.<\/p>\n\n\n\n<p>SECRETARIA DE COMUNICACIONES<\/p>\n","protected":false},"excerpt":{"rendered":"<p>Zoraima Cuello insta a Am\u00e9rica Latina a liderar la Inteligencia Artificial con visi\u00f3n competitiva y enfoque humano. La vicepresidenta del Partido de la Liberaci\u00f3n Dominicana (PLD), Zoraima Cuello, inst\u00f3 a que Am\u00e9rica Latina asuma con decisi\u00f3n el liderazgo en Inteligencia Artificial (IA) como herramienta estrat\u00e9gica para impulsar la competitividad, la productividad y la equidad social. [&hellip;]<\/p>\n","protected":false},"author":7,"featured_media":631615,"comment_status":"closed","ping_status":"closed","sticky":false,"template":"","format":"standard","meta":{"footnotes":""},"categories":[22],"tags":[922,175],"class_list":["post-631602","post","type-post","status-publish","format-standard","has-post-thumbnail","hentry","category-politica","tag-ia","tag-pld"],"_links":{"self":[{"href":"https:\/\/diariodominicano.com\/index.php?rest_route=\/wp\/v2\/posts\/631602","targetHints":{"allow":["GET"]}}],"collection":[{"href":"https:\/\/diariodominicano.com\/index.php?rest_route=\/wp\/v2\/posts"}],"about":[{"href":"https:\/\/diariodominicano.com\/index.php?rest_route=\/wp\/v2\/types\/post"}],"author":[{"embeddable":true,"href":"https:\/\/diariodominicano.com\/index.php?rest_route=\/wp\/v2\/users\/7"}],"replies":[{"embeddable":true,"href":"https:\/\/diariodominicano.com\/index.php?rest_route=%2Fwp%2Fv2%2Fcomments&post=631602"}],"version-history":[{"count":1,"href":"https:\/\/diariodominicano.com\/index.php?rest_route=\/wp\/v2\/posts\/631602\/revisions"}],"predecessor-version":[{"id":631616,"href":"https:\/\/diariodominicano.com\/index.php?rest_route=\/wp\/v2\/posts\/631602\/revisions\/631616"}],"wp:featuredmedia":[{"embeddable":true,"href":"https:\/\/diariodominicano.com\/index.php?rest_route=\/wp\/v2\/media\/631615"}],"wp:attachment":[{"href":"https:\/\/diariodominicano.com\/index.php?rest_route=%2Fwp%2Fv2%2Fmedia&parent=631602"}],"wp:term":[{"taxonomy":"category","embeddable":true,"href":"https:\/\/diariodominicano.com\/index.php?rest_route=%2Fwp%2Fv2%2Fcategories&post=631602"},{"taxonomy":"post_tag","embeddable":true,"href":"https:\/\/diariodominicano.com\/index.php?rest_route=%2Fwp%2Fv2%2Ftags&post=631602"}],"curies":[{"name":"wp","href":"https:\/\/api.w.org\/{rel}","templated":true}]}}