{"id":631484,"date":"2025-08-14T04:24:41","date_gmt":"2025-08-14T08:24:41","guid":{"rendered":"https:\/\/diariodominicano.com\/?p=631484"},"modified":"2025-08-14T04:45:36","modified_gmt":"2025-08-14T08:45:36","slug":"presidente-de-colombia-pide-desoir-llamados-a-la-violencia","status":"publish","type":"post","link":"https:\/\/diariodominicano.com\/?p=631484","title":{"rendered":"Presidente de Colombia pide deso\u00edr llamados a la violencia"},"content":{"rendered":"\n<p>Bogot\u00e1, 14 ago (Prensa Latina) El presidente de Colombia, Gustavo Petro, pidi\u00f3 a la ciudadan\u00eda deso\u00edr los llamados de los partidarios de la violencia, justo cuando el pa\u00eds vive hoy un momento de crispaci\u00f3n pol\u00edtica debido al asesinato del senador Miguel Uribe (1986-2025).<\/p>\n\n\n\n<ul class=\"wp-block-list\">\n<li><a href=\"https:\/\/www.prensa-latina.cu\/2025\/08\/14\/\"><time>agosto 14, 2025 | 02:14<\/time><\/a><\/li>\n<\/ul>\n\n\n\n<ul class=\"wp-block-list\">\n<li><a href=\"https:\/\/www.prensa-latina.cu\/2025\/08\/14\/presidente-de-colombia-pide-desoir-llamados-a-la-violencia\/#\"><\/a><\/li>\n\n\n\n<li><a href=\"https:\/\/www.prensa-latina.cu\/2025\/08\/14\/presidente-de-colombia-pide-desoir-llamados-a-la-violencia\/#\"><\/a><\/li>\n\n\n\n<li><a href=\"https:\/\/www.prensa-latina.cu\/2025\/08\/14\/presidente-de-colombia-pide-desoir-llamados-a-la-violencia\/#\"><\/a><\/li>\n\n\n\n<li><a href=\"https:\/\/www.prensa-latina.cu\/2025\/08\/14\/presidente-de-colombia-pide-desoir-llamados-a-la-violencia\/#\"><\/a><\/li>\n<\/ul>\n\n\n\n<p>\u201cCuando encienden el odio en el coraz\u00f3n de un colombiano, los que est\u00e1n ganando son los asesinos. Y ese colombiano deber\u00eda saber que quien prende el odio en su coraz\u00f3n es realmente quien est\u00e1 matando a la gente en Colombia\u201d, afirm\u00f3 el mandatario desde el municipio de Bah\u00eda Solano, en el departamento de Choc\u00f3, en el noroeste.<\/p>\n\n\n\n<p>En un acto celebrado a prop\u00f3sito de la presentaci\u00f3n del proyecto de modernizaci\u00f3n del aer\u00f3dromo Jos\u00e9 Celestino Mutis, cuyo fin es fortalecer la conectividad de la regi\u00f3n, el jefe de Estado pidi\u00f3 no caer en la trampa de la violencia \u201cporque ya la historia nos ha ense\u00f1ado durante d\u00e9cadas \u2013yo dir\u00eda siglos\u2013 lo que significa ese matarnos entre nosotros mismos\u201d.<\/p>\n\n\n\n<p>Aprovech\u00f3 entonces para prevenir sobre las consecuencias negativas de las compras de votos, lo cual, seg\u00fan manifest\u00f3, podr\u00eda llevar a una persona a votar \u201cpor quien no sabe ni siquiera qui\u00e9n es, y a veces termina siendo su propio verdugo, s\u00f3lo porque ofrecen un primer dinero muy peque\u00f1ito en el d\u00eda de votaci\u00f3n\u201d.<\/p>\n\n\n\n<p>Atribuy\u00f3 a esos m\u00e9todos usados en campa\u00f1as electorales el agravamiento de las problem\u00e1ticas sociales ya existentes y generadoras de m\u00e1s violencia.<\/p>\n\n\n\n<p>\u201cLa salida se llama transformar el territorio. Aqu\u00ed lo dijimos: no se puede hacer solo con la comunidad, tiene que estar el Estado, pero el Estado tampoco lo puede hacer solo, tiene que estar la comunidad, es una especie de alianza\u201d, sentenci\u00f3.<\/p>\n\n\n\n<p>En su alocuci\u00f3n, Petro se refiri\u00f3 asimismo a los beneficios que acarrear\u00e1 la extensi\u00f3n de la pista del aer\u00f3dromo de Bah\u00eda Solano, entre los cuales se halla la expansi\u00f3n de la actividad tur\u00edstica.<\/p>\n\n\n\n<p>\u201cPara eso es la ampliaci\u00f3n de la pista. No solo para carga de cosas que se traen o se llevan, sino para gente que venga a conocer y de ese modo vaya superando los niveles de carencia que muchos pobladores y pobladoras tienen\u201d, asever\u00f3.<\/p>\n\n\n\n<p>Plante\u00f3 que el turismo \u201ces una forma de democratizar la econom\u00eda\u201d.<\/p>\n\n\n\n<p>En otro momento, solicit\u00f3 al Ministerio de Transporte priorizar el megaproyecto del canal interoce\u00e1nico, que busca juntar el Pac\u00edfico con el Atl\u00e1ntico mediante una red f\u00e9rrea el\u00e9ctrica.<\/p>\n\n\n\n<p>Seg\u00fan remarc\u00f3, los frutos de esa obra deben beneficiar \u201cen primer lugar al Choc\u00f3, a su educaci\u00f3n y a su salud, y haga de \u00e9l, no lo que ha sido hasta ahora, la puerta de atr\u00e1s de Colombia, sino que sea la puerta de adelante de Colombia\u201d.<\/p>\n\n\n\n<p>npg\/ifs<\/p>\n\n\n\n<ul class=\"wp-block-list\">\n<li>#<a href=\"https:\/\/www.prensa-latina.cu\/etiqueta\/colombia\/\">colombia<\/a>\u00a0#<a href=\"https:\/\/www.prensa-latina.cu\/etiqueta\/petro\/\">petro<\/a>\u00a0#<a href=\"https:\/\/www.prensa-latina.cu\/etiqueta\/violencia\/\">violencia<\/a><\/li>\n<\/ul>\n","protected":false},"excerpt":{"rendered":"<p>Bogot\u00e1, 14 ago (Prensa Latina) El presidente de Colombia, Gustavo Petro, pidi\u00f3 a la ciudadan\u00eda deso\u00edr los llamados de los partidarios de la violencia, justo cuando el pa\u00eds vive hoy un momento de crispaci\u00f3n pol\u00edtica debido al asesinato del senador Miguel Uribe (1986-2025). \u201cCuando encienden el odio en el coraz\u00f3n de un colombiano, los que [&hellip;]<\/p>\n","protected":false},"author":2,"featured_media":631485,"comment_status":"closed","ping_status":"closed","sticky":false,"template":"","format":"standard","meta":{"footnotes":""},"categories":[23,27],"tags":[],"class_list":["post-631484","post","type-post","status-publish","format-standard","has-post-thumbnail","hentry","category-internacional","category-portada"],"_links":{"self":[{"href":"https:\/\/diariodominicano.com\/index.php?rest_route=\/wp\/v2\/posts\/631484","targetHints":{"allow":["GET"]}}],"collection":[{"href":"https:\/\/diariodominicano.com\/index.php?rest_route=\/wp\/v2\/posts"}],"about":[{"href":"https:\/\/diariodominicano.com\/index.php?rest_route=\/wp\/v2\/types\/post"}],"author":[{"embeddable":true,"href":"https:\/\/diariodominicano.com\/index.php?rest_route=\/wp\/v2\/users\/2"}],"replies":[{"embeddable":true,"href":"https:\/\/diariodominicano.com\/index.php?rest_route=%2Fwp%2Fv2%2Fcomments&post=631484"}],"version-history":[{"count":1,"href":"https:\/\/diariodominicano.com\/index.php?rest_route=\/wp\/v2\/posts\/631484\/revisions"}],"predecessor-version":[{"id":631486,"href":"https:\/\/diariodominicano.com\/index.php?rest_route=\/wp\/v2\/posts\/631484\/revisions\/631486"}],"wp:featuredmedia":[{"embeddable":true,"href":"https:\/\/diariodominicano.com\/index.php?rest_route=\/wp\/v2\/media\/631485"}],"wp:attachment":[{"href":"https:\/\/diariodominicano.com\/index.php?rest_route=%2Fwp%2Fv2%2Fmedia&parent=631484"}],"wp:term":[{"taxonomy":"category","embeddable":true,"href":"https:\/\/diariodominicano.com\/index.php?rest_route=%2Fwp%2Fv2%2Fcategories&post=631484"},{"taxonomy":"post_tag","embeddable":true,"href":"https:\/\/diariodominicano.com\/index.php?rest_route=%2Fwp%2Fv2%2Ftags&post=631484"}],"curies":[{"name":"wp","href":"https:\/\/api.w.org\/{rel}","templated":true}]}}