{"id":631476,"date":"2025-08-14T03:59:49","date_gmt":"2025-08-14T07:59:49","guid":{"rendered":"https:\/\/diariodominicano.com\/?p=631476"},"modified":"2025-08-14T03:59:53","modified_gmt":"2025-08-14T07:59:53","slug":"testigo-del-tiempo-sindrome-de-jorge-blanco","status":"publish","type":"post","link":"https:\/\/diariodominicano.com\/?p=631476","title":{"rendered":"Testigo del tiempo \/ \u00a0S\u00edndrome de Jorge Blanco"},"content":{"rendered":"\n<p><strong>J.C. Malone<\/strong><\/p>\n\n\n\n<p>&nbsp;&nbsp;&nbsp;&nbsp;&nbsp; Desde antes de ganar las elecciones, el gobierno del presidente Luis Abinader demostr\u00f3 una muy preocupante pobreza creativa. Claro, hicieron cambios morfol\u00f3gicos, pero todas sus estrategias retornan al pasado; hoy tenemos un conjunto de signos y s\u00edntomas que forman el S\u00edndrome de Salvador Jorge Blanco.<\/p>\n\n\n\n<p>&nbsp;&nbsp;&nbsp;&nbsp;&nbsp; Jorge Blanco gan\u00f3 las elecciones denunciando la corrupci\u00f3n, levantaba y agitaba las manos prometiendo gobernar \u201ccon manos limpias\u201d. El presidente Luis Abinader, hijo del exsecretario de Finanzas de Jorge Blanco, Jos\u00e9 Rafael Abinader, gan\u00f3 las elecciones con su discurso anticorrupci\u00f3n, tambi\u00e9n prometi\u00f3 \u201chonestidad y transparencia\u201d.<\/p>\n\n\n\n<p>&nbsp;&nbsp;&nbsp;&nbsp;&nbsp; Jorge Blanco financi\u00f3 su \u201cGobierno de Concentraci\u00f3n Nacional\u201d (1982-86) con pr\u00e9stamos, aument\u00f3 un 95% a la deuda p\u00fablica.<\/p>\n\n\n\n<p>Sobre el endeudamiento del gobierno de Abinader, solo mirando \u201del festival de pr\u00e9stamos\u201d en los peri\u00f3dicos, sabemos que vamos por el mismo camino o quiz\u00e1 mucho peor. Gastamos el 25% del presupuesto, uno de cada cuatro pesos en pagar \u201clos servicios\u201d de la deuda externa.<\/p>\n\n\n\n<p>&nbsp;&nbsp;&nbsp;&nbsp;&nbsp; Jorge Blanco termin\u00f3 arrodillado ante Fondo Monetario Internacional (FMI) que le impuso unos \u201cajustes estructurales\u201d que dispararon un estallido social brutalmente reprimido. Bajo Jorge Blanco, el balance negativo de nuestras cuentas nacionales se escribi\u00f3 con sangre.<\/p>\n\n\n\n<p>El gobierno de Abinader necesita una urgente \u201creforma fiscal\u201d; el nuevo nombre de los mismos \u201cajustes estructurales\u201d de Jorge Blanco, es un impostergable \u201cpendiente\u201d, de claras consecuencias.<\/p>\n\n\n\n<p>El List\u00edn Diario public\u00f3, el s\u00e1bado pasado, un documentado art\u00edculo de Jos\u00e9 Joaqu\u00edn Joga,&nbsp;<a href=\"https:\/\/listindiario.com\/puntos-de-vista\/20250809\/lloraremos-argentina_869499.html\" rel=\"noreferrer noopener\" target=\"_blank\">\u201c\u00bfLloraremos como Argentina?\u201d<\/a>&nbsp;advirtiendo que avanzamos a un colapso tipo el \u201ccorralito\u201d de Argentina.<\/p>\n\n\n\n<p>&nbsp;&nbsp;&nbsp;&nbsp;&nbsp; El gobierno pretende ocultarlo todo con manipulaciones medi\u00e1ticas, 700 millones de d\u00f3lares y cinco a\u00f1os m\u00e1s tarde, la segunda l\u00ednea del metro no arranca, quiz\u00e1 nunca arrancar\u00e1.&nbsp;&nbsp;&nbsp;&nbsp;<\/p>\n\n\n\n<p>&nbsp;&nbsp;&nbsp;&nbsp;&nbsp; Antes de encarar eso, Abinader \u201cinaugura\u201d tres nuevos vagones para la primera l\u00ednea, a la que no le dan mantenimiento, pero le duplican su capacidad de carga y transporte.<\/p>\n\n\n\n<p>&nbsp;&nbsp;&nbsp;&nbsp;&nbsp; Cuando la ineficiencia se refugia en la improvisaci\u00f3n, buscando aprobaci\u00f3n, todos corremos peligros. Tenemos varias crisis simult\u00e1neas, pretendiendo que no existen, las profundizamos; esto puede ser peor que el S\u00edndrome de Jorge Blanco.<\/p>\n\n\n\n<p>Sigueme en Youtube&#8230;<\/p>\n\n\n\n<p><a href=\"https:\/\/www.youtube.com\/channel\/UCC_JSYrYV93iklTEhAjiBqQ?view_as=subscriber\">https:\/\/www.youtube.com\/channel\/UCC_JSYrYV93iklTEhAjiBqQ?view_as=subscriber<\/a><\/p>\n","protected":false},"excerpt":{"rendered":"<p>J.C. Malone &nbsp;&nbsp;&nbsp;&nbsp;&nbsp; Desde antes de ganar las elecciones, el gobierno del presidente Luis Abinader demostr\u00f3 una muy preocupante pobreza creativa. Claro, hicieron cambios morfol\u00f3gicos, pero todas sus estrategias retornan al pasado; hoy tenemos un conjunto de signos y s\u00edntomas que forman el S\u00edndrome de Salvador Jorge Blanco. &nbsp;&nbsp;&nbsp;&nbsp;&nbsp; Jorge Blanco gan\u00f3 las elecciones denunciando [&hellip;]<\/p>\n","protected":false},"author":2,"featured_media":630598,"comment_status":"closed","ping_status":"closed","sticky":false,"template":"","format":"standard","meta":{"footnotes":""},"categories":[36,19,16],"tags":[],"class_list":["post-631476","post","type-post","status-publish","format-standard","has-post-thumbnail","hentry","category-hombresmujeresycosas","category-mi-voz","category-opiniones"],"_links":{"self":[{"href":"https:\/\/diariodominicano.com\/index.php?rest_route=\/wp\/v2\/posts\/631476","targetHints":{"allow":["GET"]}}],"collection":[{"href":"https:\/\/diariodominicano.com\/index.php?rest_route=\/wp\/v2\/posts"}],"about":[{"href":"https:\/\/diariodominicano.com\/index.php?rest_route=\/wp\/v2\/types\/post"}],"author":[{"embeddable":true,"href":"https:\/\/diariodominicano.com\/index.php?rest_route=\/wp\/v2\/users\/2"}],"replies":[{"embeddable":true,"href":"https:\/\/diariodominicano.com\/index.php?rest_route=%2Fwp%2Fv2%2Fcomments&post=631476"}],"version-history":[{"count":1,"href":"https:\/\/diariodominicano.com\/index.php?rest_route=\/wp\/v2\/posts\/631476\/revisions"}],"predecessor-version":[{"id":631477,"href":"https:\/\/diariodominicano.com\/index.php?rest_route=\/wp\/v2\/posts\/631476\/revisions\/631477"}],"wp:featuredmedia":[{"embeddable":true,"href":"https:\/\/diariodominicano.com\/index.php?rest_route=\/wp\/v2\/media\/630598"}],"wp:attachment":[{"href":"https:\/\/diariodominicano.com\/index.php?rest_route=%2Fwp%2Fv2%2Fmedia&parent=631476"}],"wp:term":[{"taxonomy":"category","embeddable":true,"href":"https:\/\/diariodominicano.com\/index.php?rest_route=%2Fwp%2Fv2%2Fcategories&post=631476"},{"taxonomy":"post_tag","embeddable":true,"href":"https:\/\/diariodominicano.com\/index.php?rest_route=%2Fwp%2Fv2%2Ftags&post=631476"}],"curies":[{"name":"wp","href":"https:\/\/api.w.org\/{rel}","templated":true}]}}