{"id":631466,"date":"2025-08-14T03:43:39","date_gmt":"2025-08-14T07:43:39","guid":{"rendered":"https:\/\/diariodominicano.com\/?p=631466"},"modified":"2025-08-14T03:46:39","modified_gmt":"2025-08-14T07:46:39","slug":"margarita-cedeno-expone-en-foro-onu-mujeres","status":"publish","type":"post","link":"https:\/\/diariodominicano.com\/?p=631466","title":{"rendered":"Margarita Cede\u00f1o expone en foro ONU Mujeres"},"content":{"rendered":"\n<p><em>Exvicepresidenta llama a legislar por sistemas de cuidados que impulsen el desarrollo humano y econ\u00f3mico.<\/em><\/p>\n\n\n\n<p>La&nbsp;exvicepresidenta de la Rep\u00fablica Dominicana, Margarita Cede\u00f1o,&nbsp;miembro del Comit\u00e9 Pol\u00edtico del Partido de la Liberaci\u00f3n Dominicana,&nbsp;destac\u00f3 la urgencia de reconocer el trabajo de cuidados como un derecho humano, un bien p\u00fablico y un motor para el desarrollo sostenible, durante su participaci\u00f3n en la &nbsp;XVI Conferencia Regional sobre la Mujer de Am\u00e9rica Latina y el Caribe en M\u00e9xico, convocada por ONU Mujeres, en la que abord\u00f3 los desaf\u00edos y oportunidades de la econom\u00eda de cuidados en la regi\u00f3n.<\/p>\n\n\n\n<figure class=\"wp-block-image size-full\"><img loading=\"lazy\" decoding=\"async\" width=\"297\" height=\"516\" src=\"https:\/\/diariodominicano.com\/wp-content\/uploads\/2025\/08\/Margarita-2.jpg\" alt=\"\" class=\"wp-image-631469\" srcset=\"https:\/\/diariodominicano.com\/wp-content\/uploads\/2025\/08\/Margarita-2.jpg 297w, https:\/\/diariodominicano.com\/wp-content\/uploads\/2025\/08\/Margarita-2-173x300.jpg 173w\" sizes=\"auto, (max-width: 297px) 100vw, 297px\" \/><\/figure>\n\n\n\n<p>\u00abEl cuidado es un trabajo, un derecho, un bien p\u00fablico y un cambio de paradigma que act\u00faa como motor e impulsor para dinamizar el crecimiento econ\u00f3mico y el desarrollo humano\u00bb, expres\u00f3 Cede\u00f1o, al tiempo que hizo un llamado a los gobiernos de la regi\u00f3n a adoptar legislaciones que integren esta visi\u00f3n de forma estructural y permanente.<\/p>\n\n\n\n<p>Cede\u00f1o record\u00f3 que en 2017 impuls\u00f3 desde la Vicepresidencia de la Rep\u00fablica la construcci\u00f3n del Sistema Nacional de Cuidados Integral, una pol\u00edtica p\u00fablica pionera en la regi\u00f3n, desarrollada con el respaldo del Banco Interamericano de Desarrollo (BID) y de las Naciones Unidas.<\/p>\n\n\n\n<p>\u201cSin sistemas de cuidados s\u00f3lidos no hay sociedad que prospere, y sin un planeta sano no hay bienestar\u201d, sentenci\u00f3 la tambi\u00e9n ex primera dama, subrayando el car\u00e1cter transversal de los cuidados en la vida social, econ\u00f3mica y ambiental de los pueblos.<\/p>\n\n\n\n<p>Durante su intervenci\u00f3n, que comparti\u00f3 en sus redes sociales abog\u00f3 por una mirada m\u00e1s inclusiva y transformadora: \u201cFrente a la policrisis que vivimos, necesitamos sumar voluntades y tender puentes para construir un futuro donde todas las personas puedan vivir con dignidad, con seguridad y sobre todo con esperanza\u201d.<\/p>\n\n\n\n<p>Insisti\u00f3 en que el reconocimiento del trabajo de cuidados debe ir m\u00e1s all\u00e1 del discurso y plasmarse en leyes y presupuestos que asuman el acto de cuidar como un acto de producci\u00f3n, de protecci\u00f3n de la vida y de construcci\u00f3n de ciudadan\u00eda.<\/p>\n\n\n\n<p>\u201cEste foro debe ser el inicio de leyes que abracen ambas agendas y que reconozcan que cuidar tambi\u00e9n es producir, que cuidar tambi\u00e9n es construir futuro y proteger la vida\u201d, afirm\u00f3&nbsp;y aclar\u00f3&nbsp;que la econom\u00eda de cuidados no es un asunto menor, sino una columna vertebral para el desarrollo justo y equitativo.<\/p>\n\n\n\n<p>La ex vicepresidenta concluy\u00f3&nbsp;su conferencia, Desaf\u00edos y oportunidades de la econom\u00eda de cuidados en&nbsp;Am\u00e9rica Latina y el Caribe, afirmando que&nbsp;\u201cdefinitivamente, en Rep\u00fablica Dominicana, las mujeres tambi\u00e9n damos un paso al frente\u201d.<\/p>\n\n\n\n<p>Con estas palabras, Margarita Cede\u00f1o reiter\u00f3 su compromiso con la lucha por la igualdad, la participaci\u00f3n plena de la mujer en todos los espacios de decisi\u00f3n; con el empoderamiento de las mujeres, la justicia social y la creaci\u00f3n de pol\u00edticas que dignifiquen el cuidado,&nbsp;para construir&nbsp;una regi\u00f3n m\u00e1s equitativa y solidaria.<\/p>\n\n\n\n<p><strong>SECRETAR\u00cdA DE COMUNICACIONES<\/strong><\/p>\n\n\n\n<p><strong>13 DE AGOSTO DE 2025<\/strong><\/p>\n","protected":false},"excerpt":{"rendered":"<p>Exvicepresidenta llama a legislar por sistemas de cuidados que impulsen el desarrollo humano y econ\u00f3mico. La&nbsp;exvicepresidenta de la Rep\u00fablica Dominicana, Margarita Cede\u00f1o,&nbsp;miembro del Comit\u00e9 Pol\u00edtico del Partido de la Liberaci\u00f3n Dominicana,&nbsp;destac\u00f3 la urgencia de reconocer el trabajo de cuidados como un derecho humano, un bien p\u00fablico y un motor para el desarrollo sostenible, durante su [&hellip;]<\/p>\n","protected":false},"author":2,"featured_media":631467,"comment_status":"closed","ping_status":"closed","sticky":false,"template":"","format":"standard","meta":{"footnotes":""},"categories":[36,20,22],"tags":[],"class_list":["post-631466","post","type-post","status-publish","format-standard","has-post-thumbnail","hentry","category-hombresmujeresycosas","category-dominicana-hoy","category-politica"],"_links":{"self":[{"href":"https:\/\/diariodominicano.com\/index.php?rest_route=\/wp\/v2\/posts\/631466","targetHints":{"allow":["GET"]}}],"collection":[{"href":"https:\/\/diariodominicano.com\/index.php?rest_route=\/wp\/v2\/posts"}],"about":[{"href":"https:\/\/diariodominicano.com\/index.php?rest_route=\/wp\/v2\/types\/post"}],"author":[{"embeddable":true,"href":"https:\/\/diariodominicano.com\/index.php?rest_route=\/wp\/v2\/users\/2"}],"replies":[{"embeddable":true,"href":"https:\/\/diariodominicano.com\/index.php?rest_route=%2Fwp%2Fv2%2Fcomments&post=631466"}],"version-history":[{"count":2,"href":"https:\/\/diariodominicano.com\/index.php?rest_route=\/wp\/v2\/posts\/631466\/revisions"}],"predecessor-version":[{"id":631470,"href":"https:\/\/diariodominicano.com\/index.php?rest_route=\/wp\/v2\/posts\/631466\/revisions\/631470"}],"wp:featuredmedia":[{"embeddable":true,"href":"https:\/\/diariodominicano.com\/index.php?rest_route=\/wp\/v2\/media\/631467"}],"wp:attachment":[{"href":"https:\/\/diariodominicano.com\/index.php?rest_route=%2Fwp%2Fv2%2Fmedia&parent=631466"}],"wp:term":[{"taxonomy":"category","embeddable":true,"href":"https:\/\/diariodominicano.com\/index.php?rest_route=%2Fwp%2Fv2%2Fcategories&post=631466"},{"taxonomy":"post_tag","embeddable":true,"href":"https:\/\/diariodominicano.com\/index.php?rest_route=%2Fwp%2Fv2%2Ftags&post=631466"}],"curies":[{"name":"wp","href":"https:\/\/api.w.org\/{rel}","templated":true}]}}