{"id":631433,"date":"2025-08-14T00:06:10","date_gmt":"2025-08-14T04:06:10","guid":{"rendered":"https:\/\/diariodominicano.com\/?p=631433"},"modified":"2025-08-14T00:06:14","modified_gmt":"2025-08-14T04:06:14","slug":"ee-uu-anuncia-restricciones-de-visas-para-funcionarios-de-los-gobiernos-africano-cubano-y-granadino-involucrados-en-el-programa-de-exportacion-de-trabajo-forzoso-coercitivo-del-regimen-cubano","status":"publish","type":"post","link":"https:\/\/diariodominicano.com\/?p=631433","title":{"rendered":"EE. UU.  anuncia restricciones de visas para funcionarios de los gobiernos africano, cubano y granadino involucrados en el programa de exportaci\u00f3n de trabajo forzoso coercitivo del r\u00e9gimen cubano"},"content":{"rendered":"\n<p>ARCHIVO: Departamento de Estado.<\/p>\n\n\n\n<p>13 de agosto de 2025<\/p>\n\n\n\n<p>Washington, DC.- Hoy, el Departamento de Estado tom\u00f3 medidas para imponer restricciones de visas a funcionarios de los gobiernos africano, cubano y granadino, y a sus familiares, por su complicidad en el plan de misiones m\u00e9dicas del r\u00e9gimen cubano, en el que profesionales m\u00e9dicos son \u00abalquilados\u00bb por otros pa\u00edses a precios elevados y la mayor parte de los ingresos se queda con las autoridades cubanas. Este plan enriquece al corrupto r\u00e9gimen cubano mientras priva al pueblo cubano de atenci\u00f3n m\u00e9dica esencial.<\/p>\n\n\n\n<p>Estados Unidos contin\u00faa colaborando con los gobiernos y tomar\u00e1 las medidas necesarias para poner fin a este trabajo forzoso. Instamos a los gobiernos a que paguen directamente a los m\u00e9dicos por sus servicios, no a los esclavistas del r\u00e9gimen.<\/p>\n\n\n\n<p>Estados Unidos aspira a apoyar al pueblo cubano en su b\u00fasqueda de la libertad y la dignidad, y a promover la rendici\u00f3n de cuentas de quienes perpet\u00faan su explotaci\u00f3n. Hacemos un llamamiento a todas las naciones que defienden la democracia y los derechos humanos para que se unan a nosotros en este esfuerzo por confrontar los abusos del r\u00e9gimen cubano y apoyar al pueblo cubano.<\/p>\n\n\n\n<p>U.S. Department of State<\/p>\n\n\n\n<p><a target=\"_blank\" href=\"mailto:usstatebpa@public.govdelivery.com\" rel=\"noreferrer noopener\">usstatebpa@public.govdelivery.<\/a><\/p>\n\n\n\n<p>Comunicado de prensa<\/p>\n\n\n\n<p>Etiquetas<\/p>\n\n\n\n<p><a href=\"https:\/\/links-2.govdelivery.com\/CL0\/https:%2F%2Fwww.state.gov%2Fbureaus-offices%2Funder-secretary-for-political-affairs%2Fbureau-of-western-hemisphere-affairs%2F\/1\/01010198a4e3516a-353f1117-0c92-47a3-b9e6-af382e347f22-000000\/xKscIqQcXx3ANNCTDhO3iq4LHlNS3vroFhaxU65KfDo=418\" target=\"_blank\" rel=\"noreferrer noopener\">Oficina de Asuntos del Hemisferio Occidental<\/a>&nbsp;<a href=\"https:\/\/links-2.govdelivery.com\/CL0\/https:%2F%2Fwww.state.gov%2Fpolicy-issues%2Fcorruption%2F\/1\/01010198a4e3516a-353f1117-0c92-47a3-b9e6-af382e347f22-000000\/AGl2qy_7-rBV7xwWUwCrEJojT8GClQ2WNrfsC8SlXOI=418\" target=\"_blank\" rel=\"noreferrer noopener\">Corrupci\u00f3n<\/a>&nbsp;<a href=\"https:\/\/links-2.govdelivery.com\/CL0\/https:%2F%2Fwww.state.gov%2Fcountries-areas%2Fcuba%2F\/1\/01010198a4e3516a-353f1117-0c92-47a3-b9e6-af382e347f22-000000\/We-_i8Y3ztrzSGYSLabM_yY3DEEiY4Ztybg01aL6U6k=418\" target=\"_blank\" rel=\"noreferrer noopener\">Cuba<\/a>&nbsp;<a href=\"https:\/\/links-2.govdelivery.com\/CL0\/https:%2F%2Fwww.state.gov%2Fpolicy-issues%2Fhealth%2F\/1\/01010198a4e3516a-353f1117-0c92-47a3-b9e6-af382e347f22-000000\/8uZnt8IPXfwZpkMMJCKtBrkTT83wp6YYpfU2vYCVnLE=418\" target=\"_blank\" rel=\"noreferrer noopener\">Salud<\/a>&nbsp;<a href=\"https:\/\/links-2.govdelivery.com\/CL0\/https:%2F%2Fwww.state.gov%2Fpolicy-issues%2Fhuman-rights%2F\/1\/01010198a4e3516a-353f1117-0c92-47a3-b9e6-af382e347f22-000000\/UPmMDIq726Wmdj23RiALskSAO_NSLo5dKAAeBlhZMaM=418\" target=\"_blank\" rel=\"noreferrer noopener\">Derechos Humanos<\/a>&nbsp;<a href=\"https:\/\/links-2.govdelivery.com\/CL0\/https:%2F%2Fwww.state.gov%2Fbureaus-offices%2Fsecretary-of-state%2Foffice-of-the-spokesperson%2F\/2\/01010198a4e3516a-353f1117-0c92-47a3-b9e6-af382e347f22-000000\/5mD5gq-NaUQCTmhiO3JcGLuQXwexvpUjpMnSSNa8uCs=418\" target=\"_blank\" rel=\"noreferrer noopener\">Oficina del Portavoz<\/a>&nbsp;<a href=\"https:\/\/links-2.govdelivery.com\/CL0\/https:%2F%2Fwww.state.gov%2Fsecretary%2F\/1\/01010198a4e3516a-353f1117-0c92-47a3-b9e6-af382e347f22-000000\/JKdGlXvQSUvzY8uDMeDpgEzhcS5YoCaLnmQtkyHvoAI=418\" target=\"_blank\" rel=\"noreferrer noopener\">El Secretario de Estado<\/a>&nbsp;<a href=\"https:\/\/links-2.govdelivery.com\/CL0\/https:%2F%2Fwww.state.gov%2Fpolicy-issues%2Fu-s-visas-and-green-cards%2F\/1\/01010198a4e3516a-353f1117-0c92-47a3-b9e6-af382e347f22-000000\/dn2WSGC_gNYQSEvZhXJmSHB5SibFm3Ueg9jF6GlB7CE=418\" target=\"_blank\" rel=\"noreferrer noopener\">Visas y Tarjetas Verdes de EE. UU.<\/a>&nbsp;<a href=\"https:\/\/links-2.govdelivery.com\/CL0\/https:%2F%2Fwww.state.gov%2Fpolicy-issues%2Fworkers%2F\/1\/01010198a4e3516a-353f1117-0c92-47a3-b9e6-af382e347f22-000000\/rFHnI-BtszgtcA_lOia0aLApxqc1-9b_zKF5c8PzMCg=418\" target=\"_blank\" rel=\"noreferrer noopener\">Trabajadores y obreros<\/a><\/p>\n","protected":false},"excerpt":{"rendered":"<p>ARCHIVO: Departamento de Estado. 13 de agosto de 2025 Washington, DC.- Hoy, el Departamento de Estado tom\u00f3 medidas para imponer restricciones de visas a funcionarios de los gobiernos africano, cubano y granadino, y a sus familiares, por su complicidad en el plan de misiones m\u00e9dicas del r\u00e9gimen cubano, en el que profesionales m\u00e9dicos son \u00abalquilados\u00bb [&hellip;]<\/p>\n","protected":false},"author":2,"featured_media":508724,"comment_status":"closed","ping_status":"closed","sticky":false,"template":"","format":"standard","meta":{"footnotes":""},"categories":[23],"tags":[],"class_list":["post-631433","post","type-post","status-publish","format-standard","has-post-thumbnail","hentry","category-internacional"],"_links":{"self":[{"href":"https:\/\/diariodominicano.com\/index.php?rest_route=\/wp\/v2\/posts\/631433","targetHints":{"allow":["GET"]}}],"collection":[{"href":"https:\/\/diariodominicano.com\/index.php?rest_route=\/wp\/v2\/posts"}],"about":[{"href":"https:\/\/diariodominicano.com\/index.php?rest_route=\/wp\/v2\/types\/post"}],"author":[{"embeddable":true,"href":"https:\/\/diariodominicano.com\/index.php?rest_route=\/wp\/v2\/users\/2"}],"replies":[{"embeddable":true,"href":"https:\/\/diariodominicano.com\/index.php?rest_route=%2Fwp%2Fv2%2Fcomments&post=631433"}],"version-history":[{"count":1,"href":"https:\/\/diariodominicano.com\/index.php?rest_route=\/wp\/v2\/posts\/631433\/revisions"}],"predecessor-version":[{"id":631434,"href":"https:\/\/diariodominicano.com\/index.php?rest_route=\/wp\/v2\/posts\/631433\/revisions\/631434"}],"wp:featuredmedia":[{"embeddable":true,"href":"https:\/\/diariodominicano.com\/index.php?rest_route=\/wp\/v2\/media\/508724"}],"wp:attachment":[{"href":"https:\/\/diariodominicano.com\/index.php?rest_route=%2Fwp%2Fv2%2Fmedia&parent=631433"}],"wp:term":[{"taxonomy":"category","embeddable":true,"href":"https:\/\/diariodominicano.com\/index.php?rest_route=%2Fwp%2Fv2%2Fcategories&post=631433"},{"taxonomy":"post_tag","embeddable":true,"href":"https:\/\/diariodominicano.com\/index.php?rest_route=%2Fwp%2Fv2%2Ftags&post=631433"}],"curies":[{"name":"wp","href":"https:\/\/api.w.org\/{rel}","templated":true}]}}