{"id":631392,"date":"2025-08-13T15:19:21","date_gmt":"2025-08-13T19:19:21","guid":{"rendered":"https:\/\/diariodominicano.com\/?p=631392"},"modified":"2025-08-13T15:19:24","modified_gmt":"2025-08-13T19:19:24","slug":"presidente-abinader-y-yayo-sanz-lovaton-inauguran-en-el-aila-nueva-terminal-courier-para-manejo-de-mercancia-comprada-por-internet","status":"publish","type":"post","link":"https:\/\/diariodominicano.com\/?p=631392","title":{"rendered":"Presidente Abinader y Yayo Sanz Lovat\u00f3n inauguran en el AILA nueva terminal courier para manejo de mercanc\u00eda comprada por internet\u00a0"},"content":{"rendered":"\n<p><strong><em>Con una inversi\u00f3n de US$10 millones, la nueva infraestructura permitir\u00e1 procesar m\u00e1s de 4 millones de paquetes adicionales al a\u00f1o, con mayor agilidad y seguridad.<\/em><\/strong><\/p>\n\n\n\n<p><strong>Santo Domingo.<\/strong> \u2013 El presidente Luis Abinader y el director general de Aduanas, <em>Yayo<\/em> Sanz Lovat\u00f3n, inauguraron este mi\u00e9rcoles una moderna terminal <em>courier<\/em> para el manejo y almacenaje de paqueter\u00eda expresa y comercio electr\u00f3nico, en el Aeropuerto Internacional Las Am\u00e9ricas Dr. Jos\u00e9 Francisco Pe\u00f1a G\u00f3mez.<\/p>\n\n\n\n<p>La obra, que representa una inversi\u00f3n de US$10 millones, incrementa la capacidad de procesamiento en un 186 %, con una superficie total de 4,858 m\u00b2. Con esta ampliaci\u00f3n, se podr\u00e1 despachar m\u00e1s de 4 millones de paquetes adicionales cada a\u00f1o, cumpliendo con los m\u00e1s altos est\u00e1ndares de calidad y seguridad.&nbsp;<\/p>\n\n\n\n<figure class=\"wp-block-image size-large\"><img loading=\"lazy\" decoding=\"async\" width=\"1024\" height=\"768\" src=\"https:\/\/diariodominicano.com\/wp-content\/uploads\/2025\/08\/Yayo-Sanz-Lovaton-y-el-presidente-Luis-Abinader-Corona-1024x768.jpg\" alt=\"\" class=\"wp-image-631404\" srcset=\"https:\/\/diariodominicano.com\/wp-content\/uploads\/2025\/08\/Yayo-Sanz-Lovaton-y-el-presidente-Luis-Abinader-Corona-1024x768.jpg 1024w, https:\/\/diariodominicano.com\/wp-content\/uploads\/2025\/08\/Yayo-Sanz-Lovaton-y-el-presidente-Luis-Abinader-Corona-300x225.jpg 300w, https:\/\/diariodominicano.com\/wp-content\/uploads\/2025\/08\/Yayo-Sanz-Lovaton-y-el-presidente-Luis-Abinader-Corona-768x576.jpg 768w, https:\/\/diariodominicano.com\/wp-content\/uploads\/2025\/08\/Yayo-Sanz-Lovaton-y-el-presidente-Luis-Abinader-Corona-816x612.jpg 816w, https:\/\/diariodominicano.com\/wp-content\/uploads\/2025\/08\/Yayo-Sanz-Lovaton-y-el-presidente-Luis-Abinader-Corona.jpg 1056w\" sizes=\"auto, (max-width: 1024px) 100vw, 1024px\" \/><figcaption class=\"wp-element-caption\">Yayo Sanz Lovat\u00f3n y el presidente Luis Abinader Corona <\/figcaption><\/figure>\n\n\n\n<p>El director de la DGA, <em>Yayo<\/em> Sanz Lovat\u00f3n, destac\u00f3 que \u201cson m\u00e1s de 4 millones de paquetes adicionales que podremos procesar, y lo haremos con eficiencia, seguridad y tecnolog\u00eda de punta\u201d.<\/p>\n\n\n\n<p>Por su parte, M\u00f3nika Infante, CEO de Aeropuertos Dominicanos Siglo XXI (AERODOM), subray\u00f3: \u201cAERODOM y VINCI Airports mantienen un compromiso inquebrantable con el desarrollo del pa\u00eds. Cada inversion fortalece la infraestructura aeroportuaria, impulsa el crecimiento econ\u00f3mico y asegura una conectividad a\u00e9rea segura, eficiente y continua. Esta nueva terminal, destinada a la Direcci\u00f3n General de Aduanas, permitir\u00e1 una gesti\u00f3n m\u00e1s \u00e1gil, segura y eficiente\u201d.<\/p>\n\n\n\n<p>En materia de seguridad, la instalaci\u00f3n cuenta con equipos de rayos X de \u00faltima generaci\u00f3n, que agilizan y optimizan la inspecci\u00f3n de todos los paquetes expresos que ingresan al pa\u00eds, reforzando al mismo tiempo la seguridad nacional.<\/p>\n\n\n\n<p>Los trabajos iniciaron en mayo de 2023, respondiendo al crecimiento sostenido del comercio electr\u00f3nico en la Rep\u00fablica Dominicana. La obra fue posible gracias a una alianza p\u00fablico-privada, sin costo para el Estado dominicano.<\/p>\n\n\n\n<p>La nueva terminal <em>courier<\/em> operar\u00e1 24 horas al d\u00eda, los 7 d\u00edas de la semana, beneficiando a los usuarios con un despacho m\u00e1s r\u00e1pido, mejor resguardo de la carga y mayor trazabilidad.<\/p>\n\n\n\n<p>\u201cSeguimos trabajando para que la Rep\u00fablica Dominicana sea un <em>hub<\/em> log\u00edstico de clase mundial\u201d, concluy\u00f3 Sanz Lovat\u00f3n.<\/p>\n\n\n\n<p><strong>Reconocimiento<\/strong><\/p>\n\n\n\n<p>Durante el evento, la Asociaci\u00f3n Dominicana de Empresas Courier (ASODEC), entreg\u00f3 un reconocimiento al presidente Luis Abinader, por su visi\u00f3n, liderazgo y motivaci\u00f3n para la realizaci\u00f3n de este proyecto y otro al director general de Aduanas, <em>Yayo<\/em> Sanz Lovat\u00f3n, por su excelente labor al frente de la DGA.<\/p>\n\n\n\n<p>El reconocimiento fue entregado por Tomas Berrido, director de ASODEC.&nbsp;<\/p>\n\n\n\n<p>La actividad cont\u00f3 con la presencia del: ministro de Defensa, teniente general Carlos Antonio Fern\u00e1ndez Onofre; ministro de la Presidencia, Jos\u00e9 Ignacio Paliza; el ministro de Turismo, David Collado; ministro de Cultura, Roberto \u00c1ngel Salcedo y el director del Departamento Aeroportuario (DA), V\u00edctor Pichardo.<\/p>\n\n\n\n<p>Tambi\u00e9n, el director ejecutivo de la Direcci\u00f3n General de Alianzas P\u00fablico-Privadas (DGAPP), Andr\u00e9s Lugo Risk; el director general de la Polic\u00eda Nacional, mayor general Ram\u00f3n Antonio Guzm\u00e1n Peralta; el director ejecutivo de la Direcci\u00f3n General de Alianzas P\u00fablico-Privadas (DGAPP),&nbsp;<\/p>\n\n\n\n<p>vicealmirante Luis Rafael Lee Ballester, entre otras autoridades gubernamentales y congresuales.&nbsp;<\/p>\n\n\n\n<p><strong>Gerencia de Comunicaciones&nbsp;<\/strong><\/p>\n\n\n\n<p><strong>Yulisa Francisca Matos Cuevas <\/strong><a href=\"mailto:y.matos@aduanas.gob.do\"><strong>y.matos@aduanas.gob.do<\/strong><\/a><strong>&nbsp;<\/strong><\/p>\n","protected":false},"excerpt":{"rendered":"<p>Con una inversi\u00f3n de US$10 millones, la nueva infraestructura permitir\u00e1 procesar m\u00e1s de 4 millones de paquetes adicionales al a\u00f1o, con mayor agilidad y seguridad. Santo Domingo. \u2013 El presidente Luis Abinader y el director general de Aduanas, Yayo Sanz Lovat\u00f3n, inauguraron este mi\u00e9rcoles una moderna terminal courier para el manejo y almacenaje de paqueter\u00eda [&hellip;]<\/p>\n","protected":false},"author":7,"featured_media":631405,"comment_status":"closed","ping_status":"closed","sticky":false,"template":"","format":"standard","meta":{"footnotes":""},"categories":[36],"tags":[2971,1854],"class_list":["post-631392","post","type-post","status-publish","format-standard","has-post-thumbnail","hentry","category-hombresmujeresycosas","tag-aila","tag-presidente-abinader"],"_links":{"self":[{"href":"https:\/\/diariodominicano.com\/index.php?rest_route=\/wp\/v2\/posts\/631392","targetHints":{"allow":["GET"]}}],"collection":[{"href":"https:\/\/diariodominicano.com\/index.php?rest_route=\/wp\/v2\/posts"}],"about":[{"href":"https:\/\/diariodominicano.com\/index.php?rest_route=\/wp\/v2\/types\/post"}],"author":[{"embeddable":true,"href":"https:\/\/diariodominicano.com\/index.php?rest_route=\/wp\/v2\/users\/7"}],"replies":[{"embeddable":true,"href":"https:\/\/diariodominicano.com\/index.php?rest_route=%2Fwp%2Fv2%2Fcomments&post=631392"}],"version-history":[{"count":1,"href":"https:\/\/diariodominicano.com\/index.php?rest_route=\/wp\/v2\/posts\/631392\/revisions"}],"predecessor-version":[{"id":631406,"href":"https:\/\/diariodominicano.com\/index.php?rest_route=\/wp\/v2\/posts\/631392\/revisions\/631406"}],"wp:featuredmedia":[{"embeddable":true,"href":"https:\/\/diariodominicano.com\/index.php?rest_route=\/wp\/v2\/media\/631405"}],"wp:attachment":[{"href":"https:\/\/diariodominicano.com\/index.php?rest_route=%2Fwp%2Fv2%2Fmedia&parent=631392"}],"wp:term":[{"taxonomy":"category","embeddable":true,"href":"https:\/\/diariodominicano.com\/index.php?rest_route=%2Fwp%2Fv2%2Fcategories&post=631392"},{"taxonomy":"post_tag","embeddable":true,"href":"https:\/\/diariodominicano.com\/index.php?rest_route=%2Fwp%2Fv2%2Ftags&post=631392"}],"curies":[{"name":"wp","href":"https:\/\/api.w.org\/{rel}","templated":true}]}}