{"id":631342,"date":"2025-08-13T13:31:55","date_gmt":"2025-08-13T17:31:55","guid":{"rendered":"https:\/\/diariodominicano.com\/?p=631342"},"modified":"2025-08-13T13:49:00","modified_gmt":"2025-08-13T17:49:00","slug":"ministro-de-hacienda-y-economia-y-el-nep-impulsan-dialogo-sobre-finanzas-publicas","status":"publish","type":"post","link":"https:\/\/diariodominicano.com\/?p=631342","title":{"rendered":"Ministerio de la Mujer organiza panel sobre las Mujeres en la Ciencia, la Tecnolog\u00eda y la Innovaci\u00f3n en Conferencia Regional sobre la Mujer\u00a0\u00a0"},"content":{"rendered":"\n<p><strong>Ciudad de M\u00e9xico.<\/strong> En el marco de la XVI Conferencia Regional sobre la Mujer de Am\u00e9rica Latina y el Caribe, que se realiza en M\u00e9xico del 12 al 15 de agosto, el Ministerio de la Mujer realiz\u00f3 el panel: \u201cMujeres en la ciencia, la tecnolog\u00eda y la innovaci\u00f3n: clave para el empoderamiento econ\u00f3mico y la igualdad en Am\u00e9rica Latina y el Caribe\u201d.&nbsp;<\/p>\n\n\n\n<p>El evento cont\u00f3 con la participaci\u00f3n de la Directora Regional de ONU Mujeres para Am\u00e9rica Latina y el Caribe, Mar\u00eda-Noel Vaeza; la experta en g\u00e9nero y desarrollo del Programa Sociedades Inclusivas de Expertise France, Ana P\u00e9rez; la directora ejecutiva del Centro de Investigaci\u00f3n para la Acci\u00f3n Femenina (CIPAF), Syra Taveras; y la oficial de asuntos sociales de la Divisi\u00f3n de Asuntos de G\u00e9nero de la CEPAL, Diana Rodr\u00edguez.&nbsp;&nbsp;<\/p>\n\n\n\n<figure class=\"wp-block-image\"><img decoding=\"async\" src=\"https:\/\/diariodominicano.com\/wp-content\/uploads\/2025\/08\/Ministerio-de-la-Mujer-organiza-panel-sobre-las-Mujeres-en-la-Ciencia-la-Tecnologia-y-la-Innovacion-en-Conferencia-Regional-sobre-la-Mujer-1024x682.jpg\" alt=\"\"\/><\/figure>\n\n\n\n<p>Todas ellas se\u00f1alaron la importancia de pol\u00edticas p\u00fablicas que fortalezcan la participaci\u00f3n de las mujeres en la ciencia, la tecnolog\u00eda y la innovaci\u00f3n, enfatizando que la igualdad de g\u00e9nero va m\u00e1s all\u00e1 del acceso a este sector productivo e implica garantizar la permanencia, el desarrollo profesional y el liderazgo de las mujeres, considerando las diversas barreras que enfrentan, como los estereotipos y formas de discriminaci\u00f3n que afectan de manera distinta a mujeres, seg\u00fan su contexto y territorio. Asimismo, se subray\u00f3 la importancia de democratizar los beneficios tecnol\u00f3gicos, asegurar su participaci\u00f3n en la toma de decisiones y prevenir que innovaciones como la inteligencia artificial reproduzcan desigualdades.&nbsp;<\/p>\n\n\n\n<p>La ministra de la Mujer, Mayra Jim\u00e9nez, reafirm\u00f3 el compromiso del pa\u00eds con una agenda de g\u00e9nero inclusiva, centrada en el desarrollo de sectores emergentes como la biotecnolog\u00eda, la ingenier\u00eda de materiales, la rob\u00f3tica y las energ\u00edas limpias. Se\u00f1al\u00f3 que, seg\u00fan la Agenda Regional de G\u00e9nero, las mujeres son vistas como agentes claves para las transformaciones productivas que impulsan el desarrollo sostenible y la igualdad de g\u00e9nero. \u201cDesde la Rep\u00fablica Dominicana, trabajamos por un futuro en el que el talento y la creatividad de las mujeres sean motores esenciales de la transformaci\u00f3n econ\u00f3mica y productiva de nuestra regi\u00f3n\u201d, enfatiz\u00f3.&nbsp;<\/p>\n\n\n\n<p>En el evento fue proyectado un video de la vicepresidenta de la Rep\u00fablica, Raquel Pe\u00f1a, quien destac\u00f3 iniciativas claves en la Rep\u00fablica Dominicana como la Pol\u00edtica Nacional de Innovaci\u00f3n 2030, que ha beneficiado a m\u00e1s de 100,000 j\u00f3venes, muchas de ellas mujeres, y la estrategia nacional de desarrollo de semiconductores, que posiciona a la Rep\u00fablica Dominicana como un l\u00edder emergente en transformaci\u00f3n digital en la regi\u00f3n.&nbsp;<\/p>\n\n\n\n<p>\u201cLa Rep\u00fablica Dominicana lidera el Caribe en el \u00cdndice Global de Inteligencia Artificial Responsable y ha establecido una estrategia nacional de desarrollo de semiconductores basada en principios de \u00e9tica, inclusi\u00f3n y sostenibilidad\u201d, destac\u00f3 la vicepresidenta, reafirmando el compromiso del pa\u00eds con la innovaci\u00f3n responsable y el empoderamiento econ\u00f3mico de las mujeres.&nbsp;<\/p>\n\n\n\n<p>Asimismo, la vicepresidenta de Guatemala, Karin Herrera, tambi\u00e9n envi\u00f3 un mensaje en video, en el que resalt\u00f3 los avances de su pa\u00eds en la inclusi\u00f3n de g\u00e9nero en \u00e1reas de innovaci\u00f3n y ciencia, destacando la importancia de generar oportunidades para las ni\u00f1as y las j\u00f3venes, especialmente en \u00e1reas rurales, y de romper barreras como la baja participaci\u00f3n femenina en carreras STEM (Ciencia, Tecnolog\u00eda, Ingenier\u00eda y Matem\u00e1ticas).&nbsp;<\/p>\n\n\n\n<p>Como parte de la delegaci\u00f3n pa\u00eds que acompa\u00f1a a la ministra de la Mujer, est\u00e1n la viceministra de Planificaci\u00f3n y Desarrollo del Ministerio de la Mujer, Addys Then; la directora de Sup\u00e9rate, Gloria Reyes; las gobernadoras Oneida Feliz de Barahona y Lucrecia Santana Leiva de la provincia Santo Domingo; la presidenta de la Federaci\u00f3n de Mujeres Empresarias (FEM), Amarilys Dur\u00e1n; la presidenta de la Asociaci\u00f3n de Mujeres Empresarias, Ejecutivas y Profesionales (ANMEPRO), Ver\u00f3nica N\u00fa\u00f1ez; as\u00ed como representantes de la sociedad civil, el sector laboral y el sector rural. Tambi\u00e9n est\u00e1n presentes las destacadas periodistas Ingrid Gonz\u00e1lez, subdirectora de La Informaci\u00f3n de Santiago; Alba Nely Familia, directora de CDN; y Susana Gautreau, abogada y comentarista de Z101 FM.&nbsp;<\/p>\n\n\n\n<p><strong>Sobre la conferencia&nbsp;<\/strong><\/p>\n\n\n\n<p>La Conferencia Regional sobre la Mujer de Am\u00e9rica Latina y el Caribe es el principal foro intergubernamental de las Naciones Unidas en la regi\u00f3n para analizar la situaci\u00f3n de los derechos y la autonom\u00eda de las mujeres. Desde 1977, este espacio ha permitido aprobar compromisos que conforman la Agenda Regional de G\u00e9nero, hoja de ruta que orienta las pol\u00edticas p\u00fablicas hacia la igualdad sustantiva.&nbsp;<\/p>\n\n\n\n<p>Es organizada desde 1977 por la Comisi\u00f3n Econ\u00f3mica para Am\u00e9rica Latina y el Caribe (CEPAL), que ejerce la Secretar\u00eda, y, desde 2020, en coordinaci\u00f3n con la Entidad de las Naciones Unidas para la Igualdad de G\u00e9nero y el Empoderamiento de las Mujeres (ONU Mujeres).<\/p>\n\n\n\n<p>Prensa Ministerio de la Mujer <a href=\"mailto:prensa@mujergobdo.onmicrosoft.com\">prensa@mujergobdo.onmicrosoft.com<\/a><\/p>\n","protected":false},"excerpt":{"rendered":"<p>Ciudad de M\u00e9xico. En el marco de la XVI Conferencia Regional sobre la Mujer de Am\u00e9rica Latina y el Caribe, que se realiza en M\u00e9xico del 12 al 15 de agosto, el Ministerio de la Mujer realiz\u00f3 el panel: \u201cMujeres en la ciencia, la tecnolog\u00eda y la innovaci\u00f3n: clave para el empoderamiento econ\u00f3mico y la [&hellip;]<\/p>\n","protected":false},"author":7,"featured_media":631379,"comment_status":"closed","ping_status":"closed","sticky":false,"template":"","format":"standard","meta":{"footnotes":""},"categories":[18],"tags":[188],"class_list":["post-631342","post","type-post","status-publish","format-standard","has-post-thumbnail","hentry","category-economia","tag-ministerio-de-la-mujer"],"_links":{"self":[{"href":"https:\/\/diariodominicano.com\/index.php?rest_route=\/wp\/v2\/posts\/631342","targetHints":{"allow":["GET"]}}],"collection":[{"href":"https:\/\/diariodominicano.com\/index.php?rest_route=\/wp\/v2\/posts"}],"about":[{"href":"https:\/\/diariodominicano.com\/index.php?rest_route=\/wp\/v2\/types\/post"}],"author":[{"embeddable":true,"href":"https:\/\/diariodominicano.com\/index.php?rest_route=\/wp\/v2\/users\/7"}],"replies":[{"embeddable":true,"href":"https:\/\/diariodominicano.com\/index.php?rest_route=%2Fwp%2Fv2%2Fcomments&post=631342"}],"version-history":[{"count":2,"href":"https:\/\/diariodominicano.com\/index.php?rest_route=\/wp\/v2\/posts\/631342\/revisions"}],"predecessor-version":[{"id":631380,"href":"https:\/\/diariodominicano.com\/index.php?rest_route=\/wp\/v2\/posts\/631342\/revisions\/631380"}],"wp:featuredmedia":[{"embeddable":true,"href":"https:\/\/diariodominicano.com\/index.php?rest_route=\/wp\/v2\/media\/631379"}],"wp:attachment":[{"href":"https:\/\/diariodominicano.com\/index.php?rest_route=%2Fwp%2Fv2%2Fmedia&parent=631342"}],"wp:term":[{"taxonomy":"category","embeddable":true,"href":"https:\/\/diariodominicano.com\/index.php?rest_route=%2Fwp%2Fv2%2Fcategories&post=631342"},{"taxonomy":"post_tag","embeddable":true,"href":"https:\/\/diariodominicano.com\/index.php?rest_route=%2Fwp%2Fv2%2Ftags&post=631342"}],"curies":[{"name":"wp","href":"https:\/\/api.w.org\/{rel}","templated":true}]}}