{"id":631275,"date":"2025-08-13T00:54:56","date_gmt":"2025-08-13T04:54:56","guid":{"rendered":"https:\/\/diariodominicano.com\/?p=631275"},"modified":"2025-08-13T00:55:00","modified_gmt":"2025-08-13T04:55:00","slug":"onu-condena-ataques-a-corte-constitucional-de-ecuador","status":"publish","type":"post","link":"https:\/\/diariodominicano.com\/?p=631275","title":{"rendered":"ONU condena ataques a Corte Constitucional de Ecuador"},"content":{"rendered":"\n<p>Quito, 12 ago (Prensa Latina) El alto comisionado de Naciones Unidas para los Derechos Humanos, Volker Turk, conden\u00f3 hoy los ataques a la Corte Constitucional de Ecuador, luego de una marcha encabezada por el presidente Daniel Noboa contra decisiones del organismo.<\/p>\n\n\n\n<ul class=\"wp-block-list\">\n<li><a href=\"https:\/\/www.prensa-latina.cu\/2025\/08\/12\/\"><time>agosto 12, 2025 | 18:09<\/time><\/a><\/li>\n<\/ul>\n\n\n\n<ul class=\"wp-block-list\">\n<li><a href=\"https:\/\/www.prensa-latina.cu\/2025\/08\/12\/onu-condena-ataques-a-corte-constitucional-de-ecuador\/#\"><\/a><\/li>\n\n\n\n<li><a href=\"https:\/\/www.prensa-latina.cu\/2025\/08\/12\/onu-condena-ataques-a-corte-constitucional-de-ecuador\/#\"><\/a><\/li>\n\n\n\n<li><a href=\"https:\/\/www.prensa-latina.cu\/2025\/08\/12\/onu-condena-ataques-a-corte-constitucional-de-ecuador\/#\"><\/a><\/li>\n\n\n\n<li><a href=\"https:\/\/www.prensa-latina.cu\/2025\/08\/12\/onu-condena-ataques-a-corte-constitucional-de-ecuador\/#\"><\/a><\/li>\n<\/ul>\n\n\n\n<p>\u201cLos ataques contra la Corte Constitucional de Ecuador son inaceptables. Las autoridades deben garantizar la independencia de la Corte y la seguridad de los jueces y el personal\u201d, se\u00f1al\u00f3 Turk en declaraciones compartidas en la cuenta de X de la Oficina Regional del Alto Comisionado para Am\u00e9rica del Sur.<\/p>\n\n\n\n<p>Tambi\u00e9n la relatora especial de la ONU para la Libertad de Asociaci\u00f3n y Asamblea, Gina Romero, hizo un \u201cllamado para evitar que se instrumentalice la protesta a voluntad de actores de poder\u201d.<\/p>\n\n\n\n<p>Asimismo, Romero inst\u00f3 a impedir que se manipulen necesidades de la ciudadan\u00eda o intereses de los movimientos sociales para justificar \u201chostigamientos\u201d contra el poder judicial.<\/p>\n\n\n\n<p>Este martes Noboa lider\u00f3 una movilizaci\u00f3n en Quito para expresar su rechazo a la decisi\u00f3n de la Corte de suspender temporalmente art\u00edculos de las leyes de Solidaridad Nacional, Inteligencia e Integridad P\u00fablica.<\/p>\n\n\n\n<p>Uno de los temas m\u00e1s pol\u00e9micos de la marcha fue la presencia de vallas con las im\u00e1genes de los magistrados constitucionales acompa\u00f1adas de la frase \u201cEstos son los jueces que nos est\u00e1n robando la paz\u201d.<\/p>\n\n\n\n<p>La Corte Constitucional emiti\u00f3 un comunicado oficial en el que rechaz\u00f3 la exhibici\u00f3n p\u00fablica de sus integrantes y advirti\u00f3 que colocar sus rostros en vallas publicitarias constituye una forma de \u201cestigmatizaci\u00f3n\u201d que incrementa el riesgo a su seguridad e integridad personal.<\/p>\n\n\n\n<p>Entretanto, la Corte Nacional de Justicia (CNJ) manifest\u00f3 hoy su \u201cprofunda preocupaci\u00f3n\u201d ante hechos que impactan negativamente en la institucionalidad del Ecuador.<\/p>\n\n\n\n<p>El pronunciamiento de la CNJ, firmado por su titular Jos\u00e9 Suing, record\u00f3 que el Estado de derecho se sustenta en el principio de legalidad, que implica la divisi\u00f3n de poderes, el sometimiento de las autoridades a la ley y el respeto pleno de los derechos fundamentales.<\/p>\n\n\n\n<p>Las tensiones entre el Ejecutivo ecuatoriano y la Corte Constitucional se recrudecieron desde que el organismo judicial fren\u00f3 las tres leyes del inter\u00e9s del oficialismo.<\/p>\n\n\n\n<p>Estas suspensiones ocurrieron despu\u00e9s de que organizaciones sociales, sindicales y de derechos humanos, as\u00ed como ciudadanos, presentaran m\u00e1s de 30 demandas de inconstitucionalidad contra de las normativas.<\/p>\n\n\n\n<p>Noboa y otros voceros gubernamentales han atacado a la Corte Constitucional bajo el argumento de que sin esas normativas carecen de herramientas para enfrentar la crisis de seguridad.<\/p>\n\n\n\n<p>rgh\/avr<\/p>\n\n\n\n<ul class=\"wp-block-list\">\n<li>#<a href=\"https:\/\/www.prensa-latina.cu\/etiqueta\/ecuador\/\">Ecuador<\/a>\u00a0#<a href=\"https:\/\/www.prensa-latina.cu\/etiqueta\/leyes\/\">leyes<\/a>\u00a0#<a href=\"https:\/\/www.prensa-latina.cu\/etiqueta\/onu\/\">ONU<\/a><\/li>\n<\/ul>\n","protected":false},"excerpt":{"rendered":"<p>Quito, 12 ago (Prensa Latina) El alto comisionado de Naciones Unidas para los Derechos Humanos, Volker Turk, conden\u00f3 hoy los ataques a la Corte Constitucional de Ecuador, luego de una marcha encabezada por el presidente Daniel Noboa contra decisiones del organismo. \u201cLos ataques contra la Corte Constitucional de Ecuador son inaceptables. Las autoridades deben garantizar [&hellip;]<\/p>\n","protected":false},"author":2,"featured_media":631276,"comment_status":"closed","ping_status":"closed","sticky":false,"template":"","format":"standard","meta":{"footnotes":""},"categories":[23],"tags":[],"class_list":["post-631275","post","type-post","status-publish","format-standard","has-post-thumbnail","hentry","category-internacional"],"_links":{"self":[{"href":"https:\/\/diariodominicano.com\/index.php?rest_route=\/wp\/v2\/posts\/631275","targetHints":{"allow":["GET"]}}],"collection":[{"href":"https:\/\/diariodominicano.com\/index.php?rest_route=\/wp\/v2\/posts"}],"about":[{"href":"https:\/\/diariodominicano.com\/index.php?rest_route=\/wp\/v2\/types\/post"}],"author":[{"embeddable":true,"href":"https:\/\/diariodominicano.com\/index.php?rest_route=\/wp\/v2\/users\/2"}],"replies":[{"embeddable":true,"href":"https:\/\/diariodominicano.com\/index.php?rest_route=%2Fwp%2Fv2%2Fcomments&post=631275"}],"version-history":[{"count":1,"href":"https:\/\/diariodominicano.com\/index.php?rest_route=\/wp\/v2\/posts\/631275\/revisions"}],"predecessor-version":[{"id":631277,"href":"https:\/\/diariodominicano.com\/index.php?rest_route=\/wp\/v2\/posts\/631275\/revisions\/631277"}],"wp:featuredmedia":[{"embeddable":true,"href":"https:\/\/diariodominicano.com\/index.php?rest_route=\/wp\/v2\/media\/631276"}],"wp:attachment":[{"href":"https:\/\/diariodominicano.com\/index.php?rest_route=%2Fwp%2Fv2%2Fmedia&parent=631275"}],"wp:term":[{"taxonomy":"category","embeddable":true,"href":"https:\/\/diariodominicano.com\/index.php?rest_route=%2Fwp%2Fv2%2Fcategories&post=631275"},{"taxonomy":"post_tag","embeddable":true,"href":"https:\/\/diariodominicano.com\/index.php?rest_route=%2Fwp%2Fv2%2Ftags&post=631275"}],"curies":[{"name":"wp","href":"https:\/\/api.w.org\/{rel}","templated":true}]}}