{"id":631271,"date":"2025-08-13T00:52:55","date_gmt":"2025-08-13T04:52:55","guid":{"rendered":"https:\/\/diariodominicano.com\/?p=631271"},"modified":"2025-08-13T00:53:19","modified_gmt":"2025-08-13T04:53:19","slug":"declaran-culpables-a-seis-acusados-en-caso-hogar-seguro-de-guatemala","status":"publish","type":"post","link":"https:\/\/diariodominicano.com\/?p=631271","title":{"rendered":"Declaran culpables a seis acusados en caso Hogar Seguro de Guatemala"},"content":{"rendered":"\n<p>Ciudad de Guatemala, 12 ago (Prensa Latina) Ocho a\u00f1os despu\u00e9s de uno de los cap\u00edtulos m\u00e1s dolorosos para Guatemala, un juzgado declar\u00f3 hoy culpables a seis de los acusados en el caso Hogar Seguro, con 41 menores fallecidas.<\/p>\n\n\n\n<p><\/p>\n\n\n\n<ul class=\"wp-block-list\">\n<li><a href=\"https:\/\/www.prensa-latina.cu\/2025\/08\/12\/\"><time>agosto 12, 2025 | 18:07<\/time><\/a><\/li>\n<\/ul>\n\n\n\n<ul class=\"wp-block-list\">\n<li><a href=\"https:\/\/www.prensa-latina.cu\/2025\/08\/12\/declaran-culpables-a-seis-acusados-en-caso-hogar-seguro-de-guatemala\/#\"><\/a><\/li>\n\n\n\n<li><a href=\"https:\/\/www.prensa-latina.cu\/2025\/08\/12\/declaran-culpables-a-seis-acusados-en-caso-hogar-seguro-de-guatemala\/#\"><\/a><\/li>\n\n\n\n<li><a href=\"https:\/\/www.prensa-latina.cu\/2025\/08\/12\/declaran-culpables-a-seis-acusados-en-caso-hogar-seguro-de-guatemala\/#\"><\/a><\/li>\n\n\n\n<li><a href=\"https:\/\/www.prensa-latina.cu\/2025\/08\/12\/declaran-culpables-a-seis-acusados-en-caso-hogar-seguro-de-guatemala\/#\"><\/a><\/li>\n<\/ul>\n\n\n\n<p>La jueza Ingrid Cifuentes, a cargo del Tribunal S\u00e9ptimo de Sentencia Penal, conden\u00f3 a 25 a\u00f1os de prisi\u00f3n al exdirector de ese centro de protecci\u00f3n estatal, Santos Torres, y al exsecretario de Bienestar Social, Carlos Rodas.<\/p>\n\n\n\n<p>Aparte de otros sancionados, Gloria Patricia Castro, exdefensora de la Ni\u00f1ez y Adolescencia de la Procuradur\u00eda de los Derechos Humanos, recibi\u00f3 seis a\u00f1os de c\u00e1rcel inconmutables.<\/p>\n\n\n\n<p>El tribunal absorbi\u00f3 a Harold Augusto Flores, exprocurador de la Ni\u00f1ez, de los delitos de maltrato contra personas menores de edad, homicidio culposo, lesiones culposas y de incumplimiento de deberes por falta de pruebas.<\/p>\n\n\n\n<p>Cifuentes orden\u00f3 al Ministerio P\u00fablico investigar al expresidente Jimmy Morales (2016-2020) y a su exasesor Carlos Beltet\u00f3n, para determinar su posible responsabilidad en la muerte las ni\u00f1as y adolescentes ese d\u00eda 8 de marzo de 2017.<\/p>\n\n\n\n<p>Durante las audiencias del caso Hogar Seguro, trascendi\u00f3 que el exmandatario mand\u00f3 a aumentar el despliegue policial, a partir de lo cual en la cadena de responsabilidades tambi\u00e9n sobresali\u00f3 Nery Ramos, exjefe de la fuerza castrense y actual presidente del Congreso de Guatemala.<\/p>\n\n\n\n<p>La historia comenz\u00f3 el d\u00eda 7 en horas de la tarde, cuando alrededor de 60 menores, entre 13 y 17 a\u00f1os, lograron evadir la seguridad del recinto en el municipio capitalino San Jos\u00e9 Pinula.<\/p>\n\n\n\n<p>Cuando pensaron que hab\u00edan logrado salir de ese infierno, la polic\u00eda las atrapa en la noche, pues Morales moviliz\u00f3 a 100 efectivos extras, incluyendo antimotines.<\/p>\n\n\n\n<p>Como castigo, 56 adolescentes quedaron encerradas bajo llave en un sal\u00f3n de clases de 6,8 por siete metros con escasas colchonetas para dormir ni acceso sanitario.<\/p>\n\n\n\n<p>A las 08:45, hora local, despu\u00e9s de hacer caso omiso a los gritos insistentes de que las dejaran salir, comienza en el diminuto local un incendio provocado por una de ellas ante tanta desesperaci\u00f3n.<\/p>\n\n\n\n<p>Durante m\u00e1s de nueve minutos fueron expuestas a altas temperaturas, m\u00e1s de 300 grados cent\u00edgrados y, pese al llamado de auxilio, les impidieron abandonar el recinto, con solo 15 sobrevivientes.<\/p>\n\n\n\n<p>rgh\/znc<\/p>\n\n\n\n<ul class=\"wp-block-list\">\n<li>#<a href=\"https:\/\/www.prensa-latina.cu\/etiqueta\/caso\/\">caso<\/a>\u00a0#<a href=\"https:\/\/www.prensa-latina.cu\/etiqueta\/guatemala\/\">Guatemala<\/a>\u00a0#<a href=\"https:\/\/www.prensa-latina.cu\/etiqueta\/justicia\/\">justicia<\/a>\u00a0#<a href=\"https:\/\/www.prensa-latina.cu\/etiqueta\/muerte\/\">muerte<\/a><\/li>\n<\/ul>\n","protected":false},"excerpt":{"rendered":"<p>Ciudad de Guatemala, 12 ago (Prensa Latina) Ocho a\u00f1os despu\u00e9s de uno de los cap\u00edtulos m\u00e1s dolorosos para Guatemala, un juzgado declar\u00f3 hoy culpables a seis de los acusados en el caso Hogar Seguro, con 41 menores fallecidas. La jueza Ingrid Cifuentes, a cargo del Tribunal S\u00e9ptimo de Sentencia Penal, conden\u00f3 a 25 a\u00f1os de [&hellip;]<\/p>\n","protected":false},"author":2,"featured_media":631272,"comment_status":"closed","ping_status":"closed","sticky":false,"template":"","format":"standard","meta":{"footnotes":""},"categories":[23],"tags":[],"class_list":["post-631271","post","type-post","status-publish","format-standard","has-post-thumbnail","hentry","category-internacional"],"_links":{"self":[{"href":"https:\/\/diariodominicano.com\/index.php?rest_route=\/wp\/v2\/posts\/631271","targetHints":{"allow":["GET"]}}],"collection":[{"href":"https:\/\/diariodominicano.com\/index.php?rest_route=\/wp\/v2\/posts"}],"about":[{"href":"https:\/\/diariodominicano.com\/index.php?rest_route=\/wp\/v2\/types\/post"}],"author":[{"embeddable":true,"href":"https:\/\/diariodominicano.com\/index.php?rest_route=\/wp\/v2\/users\/2"}],"replies":[{"embeddable":true,"href":"https:\/\/diariodominicano.com\/index.php?rest_route=%2Fwp%2Fv2%2Fcomments&post=631271"}],"version-history":[{"count":2,"href":"https:\/\/diariodominicano.com\/index.php?rest_route=\/wp\/v2\/posts\/631271\/revisions"}],"predecessor-version":[{"id":631274,"href":"https:\/\/diariodominicano.com\/index.php?rest_route=\/wp\/v2\/posts\/631271\/revisions\/631274"}],"wp:featuredmedia":[{"embeddable":true,"href":"https:\/\/diariodominicano.com\/index.php?rest_route=\/wp\/v2\/media\/631272"}],"wp:attachment":[{"href":"https:\/\/diariodominicano.com\/index.php?rest_route=%2Fwp%2Fv2%2Fmedia&parent=631271"}],"wp:term":[{"taxonomy":"category","embeddable":true,"href":"https:\/\/diariodominicano.com\/index.php?rest_route=%2Fwp%2Fv2%2Fcategories&post=631271"},{"taxonomy":"post_tag","embeddable":true,"href":"https:\/\/diariodominicano.com\/index.php?rest_route=%2Fwp%2Fv2%2Ftags&post=631271"}],"curies":[{"name":"wp","href":"https:\/\/api.w.org\/{rel}","templated":true}]}}