{"id":631203,"date":"2025-08-12T16:55:32","date_gmt":"2025-08-12T20:55:32","guid":{"rendered":"https:\/\/diariodominicano.com\/?p=631203"},"modified":"2025-08-12T23:26:49","modified_gmt":"2025-08-13T03:26:49","slug":"tribunal-envia-a-juicio-a-hombre-que-mato-a-su-expareja-con-un-arma-blanca-en-azua","status":"publish","type":"post","link":"https:\/\/diariodominicano.com\/?p=631203","title":{"rendered":"Tribunal env\u00eda a juicio a hombre que mat\u00f3 a su expareja en Azua"},"content":{"rendered":"\n<p><strong>SANTO DOMINGO (Rep\u00fablica Dominicana).-<\/strong>\u00a0Tras acoger la solicitud del Ministerio P\u00fablico, un tribunal envi\u00f3 a juicio a un hombre que mat\u00f3 de 14 estocadas de arma blanca a su expareja, en un hecho ocurrido el pasado a\u00f1o\u20022024 en la vivienda de la v\u00edctima, en el municipio Las Charcas, de la provincia Azua.<\/p>\n\n\n\n<p>Edward Manuel Alc\u00e1ntara, conocido tambi\u00e9n como Edward Mej\u00eda, deber\u00e1 responder por la muerte de su expareja Yasmerys Alexandra S\u00e1nchez Santana.<\/p>\n\n\n\n<p>La investigaci\u00f3n del caso fue realizada por el fiscal Arodis S\u00e1nchez, mientras que en la litigaci\u00f3n el Ministerio P\u00fablico est\u00e1 representado por la fiscal Mercedes Soriano S\u00e1nchez.<\/p>\n\n\n\n<p>El imputado guarda prisi\u00f3n en la c\u00e1rcel del Kil\u00f3metro 15 de Azua bajo cargos de homicidio agravado (asesinato).<\/p>\n\n\n\n<p>El expediente se\u00f1ala que el hecho ocurri\u00f3 el 8 de diciembre de 2024, alrededor de las 5:00 de la ma\u00f1ana, en la calle Respaldo La Altagracia, del sector Pueblo Nuevo del citado municipio. El ahora condenado mat\u00f3 a su expareja tras propinarle 14 estocadas en diferentes partes del cuerpo con un arma blanca tipo cuchillo.<\/p>\n\n\n\n<p>La jueza de la Instrucci\u00f3n Dayana Gil dict\u00f3 el auto de apertura a juicio al establecer el Ministerio P\u00fablico que el procesado tiene comprometida su responsabilidad penal por violar los art\u00edculos 295, 296, 297, 298 y 302 del C\u00f3digo Penal dominicano.<\/p>\n\n\n\n<p><strong>Direcci\u00f3n General de Comunicaci\u00f3n, Prensa y RRPP<\/strong><\/p>\n\n\n\n<p><strong>Ministerio P\u00fablico RD<\/strong><\/p>\n\n\n\n<p>Comunicaciones PGR <a href=\"mailto:comunicaciones@pgr.gob.do\">comunicaciones@pgr.gob.do<\/a><\/p>\n","protected":false},"excerpt":{"rendered":"<p>SANTO DOMINGO (Rep\u00fablica Dominicana).-\u00a0Tras acoger la solicitud del Ministerio P\u00fablico, un tribunal envi\u00f3 a juicio a un hombre que mat\u00f3 de 14 estocadas de arma blanca a su expareja, en un hecho ocurrido el pasado a\u00f1o\u20022024 en la vivienda de la v\u00edctima, en el municipio Las Charcas, de la provincia Azua. Edward Manuel Alc\u00e1ntara, conocido [&hellip;]<\/p>\n","protected":false},"author":7,"featured_media":495896,"comment_status":"closed","ping_status":"closed","sticky":false,"template":"","format":"standard","meta":{"footnotes":""},"categories":[24],"tags":[171],"class_list":["post-631203","post","type-post","status-publish","format-standard","has-post-thumbnail","hentry","category-justicia-y-derecho","tag-ministerio-publico"],"_links":{"self":[{"href":"https:\/\/diariodominicano.com\/index.php?rest_route=\/wp\/v2\/posts\/631203","targetHints":{"allow":["GET"]}}],"collection":[{"href":"https:\/\/diariodominicano.com\/index.php?rest_route=\/wp\/v2\/posts"}],"about":[{"href":"https:\/\/diariodominicano.com\/index.php?rest_route=\/wp\/v2\/types\/post"}],"author":[{"embeddable":true,"href":"https:\/\/diariodominicano.com\/index.php?rest_route=\/wp\/v2\/users\/7"}],"replies":[{"embeddable":true,"href":"https:\/\/diariodominicano.com\/index.php?rest_route=%2Fwp%2Fv2%2Fcomments&post=631203"}],"version-history":[{"count":2,"href":"https:\/\/diariodominicano.com\/index.php?rest_route=\/wp\/v2\/posts\/631203\/revisions"}],"predecessor-version":[{"id":631226,"href":"https:\/\/diariodominicano.com\/index.php?rest_route=\/wp\/v2\/posts\/631203\/revisions\/631226"}],"wp:featuredmedia":[{"embeddable":true,"href":"https:\/\/diariodominicano.com\/index.php?rest_route=\/wp\/v2\/media\/495896"}],"wp:attachment":[{"href":"https:\/\/diariodominicano.com\/index.php?rest_route=%2Fwp%2Fv2%2Fmedia&parent=631203"}],"wp:term":[{"taxonomy":"category","embeddable":true,"href":"https:\/\/diariodominicano.com\/index.php?rest_route=%2Fwp%2Fv2%2Fcategories&post=631203"},{"taxonomy":"post_tag","embeddable":true,"href":"https:\/\/diariodominicano.com\/index.php?rest_route=%2Fwp%2Fv2%2Ftags&post=631203"}],"curies":[{"name":"wp","href":"https:\/\/api.w.org\/{rel}","templated":true}]}}