{"id":631069,"date":"2025-08-11T21:14:27","date_gmt":"2025-08-12T01:14:27","guid":{"rendered":"https:\/\/diariodominicano.com\/?p=631069"},"modified":"2025-08-11T21:14:30","modified_gmt":"2025-08-12T01:14:30","slug":"pena-maxima-para-hombre-que-mato-a-expareja-en-villa-altagracia","status":"publish","type":"post","link":"https:\/\/diariodominicano.com\/?p=631069","title":{"rendered":"Pena m\u00e1xima para hombre que mat\u00f3 a expareja en Villa Altagracia"},"content":{"rendered":"\n<p>El condenado provoc\u00f3 la muerte a la mujer luego de que el mismo tribunal que ahora lo condena lo liberara en primera instancia al juzgarlo por el asesinato de un joven de 19 a\u00f1os<\/p>\n\n\n\n<p>SANTO DOMINGO (Rep\u00fablica Dominicana).- Por petici\u00f3n del Ministerio P\u00fablico, el tribunal colegiado de Villa Altagracia conden\u00f3 a 30 a\u00f1os de prisi\u00f3n a un hombre que mat\u00f3 a su expareja mientras disfrutaba de la libertad que el mismo tribunal, con la disidencia de una juez, le hab\u00edan otorgado al procesarlo por el asesinato de un joven de 19 a\u00f1os de edad.<\/p>\n\n\n\n<p>Juan Carlos Correa (Nano), quien cumple prisi\u00f3n en el Centro de Correcci\u00f3n y Rehabilitaci\u00f3n (CCR) de Najayo Hombres, fue condenado a la pena m\u00e1xima tras ser hallado culpable de provocarle la muerte a causa de heridas de arma de fuego, a su expareja Sixta Villar de Jes\u00fas, de 44 a\u00f1os de edad, en momentos en que la v\u00edctima sal\u00eda de una iglesia evang\u00e9lica donde se congregaba, explic\u00f3 Dalma D\u00edaz, fiscal titular de Villa Altagracia.<\/p>\n\n\n\n<p>D\u00edaz indic\u00f3 que el fiscal Antonio Tejada Reyes tuvo la responsabilidad directa de la investigaci\u00f3n del caso ocurrido el 17 de junio de 2024, mientras que Jos\u00e9 Andr\u00e9s Fern\u00e1ndez Javier litig\u00f3 el caso ante los jueces Massiel Ivette Alonzo Rodr\u00edguez (presidenta), Dante Daniel Ozuna Mercedes y Ana Esther Hern\u00e1ndez M\u00e9ndez, del Tribunal Colegiado de Villa Altagracia, quienes consideraron buenas y v\u00e1lidas las pruebas aportadas por el Ministerio P\u00fablico.<\/p>\n\n\n\n<p>El pasado mes de abril, durante la celebraci\u00f3n de un nuevo juicio, Correa tambi\u00e9n fue condenado a 15 a\u00f1os de prisi\u00f3n por la muerte a causa de dos impactos de bala del joven Edward Silverio Do\u00f1\u00e9, de 19 a\u00f1os de edad, en un hecho ocurrido en el sector Tierra Santa, del municipio Villa Altagracia, provincia San Crist\u00f3bal, el 16 de mayo de 2021.<\/p>\n\n\n\n<p>Posterior a ese crimen, seg\u00fan indica el expediente, el procesado huy\u00f3 del lugar y luego se entreg\u00f3 ante las autoridades, casi cinco meses despu\u00e9s.<\/p>\n\n\n\n<p>La instituci\u00f3n record\u00f3 que, en el mes de enero del a\u00f1o 2023, durante el juicio, el Tribunal Colegiado de Villa Altagracia, integrado por los jueces Dante Daniel Ozuna Mercedes y Ana Esther Hern\u00e1ndez M\u00e9ndez, con el voto disidente de la jueza presidenta Massiel Ivette Alonzo Rodr\u00edguez, lo descarg\u00f3 del asesinato por alegada insuficiencia de pruebas, pero el Ministerio P\u00fablico apel\u00f3, por lo que la Corte de Apelaci\u00f3n de San Crist\u00f3bal dispuso la celebraci\u00f3n de un nuevo juicio donde le fue impuesta la citada condena de 15 a\u00f1os de prisi\u00f3n. La defensa de Correa apel\u00f3 la condena de 15 a\u00f1os, siendo fijada la audiencia por la Corte de Apelaci\u00f3n de San Crist\u00f3bal&nbsp; para el pr\u00f3ximo 26 de agosto.<\/p>\n\n\n\n<p>Los jueces ordenaron, en ambos casos, que Correa cumpla las penas en el Centro de Correcci\u00f3n y Rehabilitaci\u00f3n (CCR) Najayo Hombres, en San Crist\u00f3bal.<\/p>\n\n\n\n<p>Direcci\u00f3n General de Comunicaci\u00f3n, Prensa y RRPP<\/p>\n\n\n\n<p>Ministerio P\u00fablico RD<\/p>\n\n\n\n<p>Comunicaciones PGR <a href=\"mailto:comunicaciones@pgr.gob.do\">comunicaciones@pgr.gob.do<\/a><\/p>\n","protected":false},"excerpt":{"rendered":"<p>El condenado provoc\u00f3 la muerte a la mujer luego de que el mismo tribunal que ahora lo condena lo liberara en primera instancia al juzgarlo por el asesinato de un joven de 19 a\u00f1os SANTO DOMINGO (Rep\u00fablica Dominicana).- Por petici\u00f3n del Ministerio P\u00fablico, el tribunal colegiado de Villa Altagracia conden\u00f3 a 30 a\u00f1os de prisi\u00f3n [&hellip;]<\/p>\n","protected":false},"author":7,"featured_media":495896,"comment_status":"closed","ping_status":"closed","sticky":false,"template":"","format":"standard","meta":{"footnotes":""},"categories":[24],"tags":[171],"class_list":["post-631069","post","type-post","status-publish","format-standard","has-post-thumbnail","hentry","category-justicia-y-derecho","tag-ministerio-publico"],"_links":{"self":[{"href":"https:\/\/diariodominicano.com\/index.php?rest_route=\/wp\/v2\/posts\/631069","targetHints":{"allow":["GET"]}}],"collection":[{"href":"https:\/\/diariodominicano.com\/index.php?rest_route=\/wp\/v2\/posts"}],"about":[{"href":"https:\/\/diariodominicano.com\/index.php?rest_route=\/wp\/v2\/types\/post"}],"author":[{"embeddable":true,"href":"https:\/\/diariodominicano.com\/index.php?rest_route=\/wp\/v2\/users\/7"}],"replies":[{"embeddable":true,"href":"https:\/\/diariodominicano.com\/index.php?rest_route=%2Fwp%2Fv2%2Fcomments&post=631069"}],"version-history":[{"count":1,"href":"https:\/\/diariodominicano.com\/index.php?rest_route=\/wp\/v2\/posts\/631069\/revisions"}],"predecessor-version":[{"id":631092,"href":"https:\/\/diariodominicano.com\/index.php?rest_route=\/wp\/v2\/posts\/631069\/revisions\/631092"}],"wp:featuredmedia":[{"embeddable":true,"href":"https:\/\/diariodominicano.com\/index.php?rest_route=\/wp\/v2\/media\/495896"}],"wp:attachment":[{"href":"https:\/\/diariodominicano.com\/index.php?rest_route=%2Fwp%2Fv2%2Fmedia&parent=631069"}],"wp:term":[{"taxonomy":"category","embeddable":true,"href":"https:\/\/diariodominicano.com\/index.php?rest_route=%2Fwp%2Fv2%2Fcategories&post=631069"},{"taxonomy":"post_tag","embeddable":true,"href":"https:\/\/diariodominicano.com\/index.php?rest_route=%2Fwp%2Fv2%2Ftags&post=631069"}],"curies":[{"name":"wp","href":"https:\/\/api.w.org\/{rel}","templated":true}]}}