{"id":631050,"date":"2025-08-11T12:29:41","date_gmt":"2025-08-11T16:29:41","guid":{"rendered":"https:\/\/diariodominicano.com\/?p=631050"},"modified":"2025-08-11T12:29:43","modified_gmt":"2025-08-11T16:29:43","slug":"condenan-a-15-anos-de-prision-a-un-hombre-por-violacion-sexual-de-una-adolescente","status":"publish","type":"post","link":"https:\/\/diariodominicano.com\/?p=631050","title":{"rendered":"Condenan a 15 a\u00f1os de prisi\u00f3n a un hombre por violaci\u00f3n sexual de una adolescente\u00a0"},"content":{"rendered":"\n<p>SANTO DOMINGO (Rep\u00fablica Dominicana).- Al valorar la acusaci\u00f3n presentada por el Ministerio P\u00fablico, un tribunal de Santo Domingo Oeste conden\u00f3 a 15 a\u00f1os de prisi\u00f3n a un hombre que viol\u00f3 sexualmente, de manera reiterada, a una adolescente, en el sector Progreso II, del municipio Los Alcarrizos.<\/p>\n\n\n\n<p>El Cuarto Tribunal Colegiado de esta jurisdicci\u00f3n dict\u00f3 la sentencia contra Pedro Ota\u00f1o Mu\u00f1oz, quien tambi\u00e9n deber\u00e1 pagar una multa de cien mil pesos. El condenado cumplir\u00e1 la pena en el Centro de Correcci\u00f3n y Rehabilitaci\u00f3n (CCR) Najayo Hombres, de San Crist\u00f3bal.<\/p>\n\n\n\n<p>De acuerdo con la acusaci\u00f3n presentada por la fiscal Olivia Sosa, el procesamiento abusaba de la menor desde que la v\u00edctima ten\u00eda nueve a\u00f1os de edad, aprovech\u00e1ndose de su cercan\u00eda con la familia y utilizando amenazas para obligarla a guardar silencio.<\/p>\n\n\n\n<p>La denuncia fue recibida a trav\u00e9s del Sistema Nacional de Emergencias 9-1-1, lo que dio inicio a una investigaci\u00f3n por parte de la Unidad de Atenci\u00f3n Integral a la Violencia de G\u00e9nero, Intrafamiliar y Delitos Sexuales de la Fiscal\u00eda de Santo Domingo Oeste.<\/p>\n\n\n\n<p>En audiencia, las fiscales Vilma M\u00e9ndez y Sugely Valdez presentaron pruebas contundentes que permitieron lograr la condena.<\/p>\n\n\n\n<p>Los Jos\u00e9 Leonel Ascencio Quezada, Clara Yoselin Rivera Franco y Leonarda Quezada Bel\u00e9n encontraron culpable al acusado de violar los art\u00edculos 331, 331-1 y 332-2 del C\u00f3digo Penal Dominicano, as\u00ed como los art\u00edculos 12, 18 y 396, literales B y C, de la Ley 136-03 sobre Protecci\u00f3n de los Derechos de Ni\u00f1os, Ni\u00f1as y Adolescentes.<\/p>\n\n\n\n<p>Direcci\u00f3n General de Comunicaci\u00f3n, Prensa y RRPP<\/p>\n\n\n\n<p>Ministerio P\u00fablico RD<\/p>\n\n\n\n<p>Comunicaciones PGR <a href=\"mailto:comunicaciones@pgr.gob.do\">comunicaciones@pgr.gob.do<\/a><\/p>\n","protected":false},"excerpt":{"rendered":"<p>SANTO DOMINGO (Rep\u00fablica Dominicana).- Al valorar la acusaci\u00f3n presentada por el Ministerio P\u00fablico, un tribunal de Santo Domingo Oeste conden\u00f3 a 15 a\u00f1os de prisi\u00f3n a un hombre que viol\u00f3 sexualmente, de manera reiterada, a una adolescente, en el sector Progreso II, del municipio Los Alcarrizos. El Cuarto Tribunal Colegiado de esta jurisdicci\u00f3n dict\u00f3 la [&hellip;]<\/p>\n","protected":false},"author":7,"featured_media":495896,"comment_status":"closed","ping_status":"closed","sticky":false,"template":"","format":"standard","meta":{"footnotes":""},"categories":[24],"tags":[171],"class_list":["post-631050","post","type-post","status-publish","format-standard","has-post-thumbnail","hentry","category-justicia-y-derecho","tag-ministerio-publico"],"_links":{"self":[{"href":"https:\/\/diariodominicano.com\/index.php?rest_route=\/wp\/v2\/posts\/631050","targetHints":{"allow":["GET"]}}],"collection":[{"href":"https:\/\/diariodominicano.com\/index.php?rest_route=\/wp\/v2\/posts"}],"about":[{"href":"https:\/\/diariodominicano.com\/index.php?rest_route=\/wp\/v2\/types\/post"}],"author":[{"embeddable":true,"href":"https:\/\/diariodominicano.com\/index.php?rest_route=\/wp\/v2\/users\/7"}],"replies":[{"embeddable":true,"href":"https:\/\/diariodominicano.com\/index.php?rest_route=%2Fwp%2Fv2%2Fcomments&post=631050"}],"version-history":[{"count":1,"href":"https:\/\/diariodominicano.com\/index.php?rest_route=\/wp\/v2\/posts\/631050\/revisions"}],"predecessor-version":[{"id":631061,"href":"https:\/\/diariodominicano.com\/index.php?rest_route=\/wp\/v2\/posts\/631050\/revisions\/631061"}],"wp:featuredmedia":[{"embeddable":true,"href":"https:\/\/diariodominicano.com\/index.php?rest_route=\/wp\/v2\/media\/495896"}],"wp:attachment":[{"href":"https:\/\/diariodominicano.com\/index.php?rest_route=%2Fwp%2Fv2%2Fmedia&parent=631050"}],"wp:term":[{"taxonomy":"category","embeddable":true,"href":"https:\/\/diariodominicano.com\/index.php?rest_route=%2Fwp%2Fv2%2Fcategories&post=631050"},{"taxonomy":"post_tag","embeddable":true,"href":"https:\/\/diariodominicano.com\/index.php?rest_route=%2Fwp%2Fv2%2Ftags&post=631050"}],"curies":[{"name":"wp","href":"https:\/\/api.w.org\/{rel}","templated":true}]}}