{"id":631039,"date":"2025-08-11T10:38:44","date_gmt":"2025-08-11T14:38:44","guid":{"rendered":"https:\/\/diariodominicano.com\/?p=631039"},"modified":"2025-08-11T10:38:50","modified_gmt":"2025-08-11T14:38:50","slug":"general-mendez-en-ny-siempre-pidiendole-a-dios-humildad-entrega-y-sacrificio-para-dirigir-el-coe-y-daeh","status":"publish","type":"post","link":"https:\/\/diariodominicano.com\/?p=631039","title":{"rendered":"General M\u00e9ndez en NY: \u00abSiempre\u00a0pidi\u00e9ndole a Dios humildad, entrega y sacrificio para dirigir el COE y DAEH\u00bb"},"content":{"rendered":"\n<p><strong>Video:&nbsp;<\/strong><a href=\"https:\/\/www.youtube.com\/watch?v=aXkDwhnZ7IQ\" rel=\"noreferrer noopener\" target=\"_blank\">https:\/\/www.youtube.com\/watch?v=aXkDwhnZ7IQ<\/a>&nbsp;<\/p>\n\n\n\n<p><strong>Por Ram\u00f3n Mercedes<\/strong><\/p>\n\n\n\n<p><strong>NUEVA YORK.-<\/strong>&nbsp;El director del Centro de Operaciones de Emergencias (COE) y la Direcci\u00f3n de Servicios de Atenci\u00f3n a Emergencias Extrahospitalarias (DAEH), que cubren las ambulancias del 911, general\u00ae Juan Manuel M\u00e9ndez, declar\u00f3 en esta ciudad que siempre le pide a Dios humildad, entrega y sacrificio para seguir dirigiendo estas instituciones que el presidente Luis Abinader ha puesto bajo sus responsabilidades.<\/p>\n\n\n\n<p>\u00abAgradezco al presidente por la distinci\u00f3n, 20 a\u00f1os al frente del COE, catalogado por el Comando Sur de los Estados Unidos como uno de los mejores de la regi\u00f3n y naturalmente un equipo de trabajo al cual yo debo de agradecerle porque el trabajo no se hace solo\u00bb, especific\u00f3.<\/p>\n\n\n\n<p>El general M\u00e9ndez fue entrevistado por este reportero cuando ambos compart\u00edan la gala auspiciada por el \u00abDesfile\u00bb, \u00e9l como padrino y el autor de esta cr\u00f3nica como \u00abembajador homenajeado\u00bb.<\/p>\n\n\n\n<p>\u00abEs una distinci\u00f3n que nos honra no solamente a mi persona, tambi\u00e9n a mi familia y a todo el componente de hombres y mujeres que trabajan conmigo al frente del centro de operaciones\u00bb, declar\u00f3, al ser preguntado.<\/p>\n\n\n\n<p>Al ser seleccionado como padrino del 43\u00ba aniversario del \u00abDesfile\u00bb que se celebrara este domingo a lo largo de la avenida Sexta ante un mill\u00f3n de dominicanos, el general precis\u00f3 \u00abagradecerle a Dios por la distinci\u00f3n, a todos los dominicanos de la di\u00e1spora y naturalmente los nacionales que siempre me han dado apoyo y cari\u00f1o\u00bb.<\/p>\n\n\n\n<p>\u00abEs un alto honor, un gran compromiso como dominicano el hecho de que me hayan seleccionado como padrino\u00bb, a\u00f1adi\u00f3.<\/p>\n\n\n\n<p>Al preguntarle \u00bfqu\u00e9 mensaje env\u00eda a sus conciudadanos residentes en NYC?, contest\u00f3:<\/p>\n\n\n\n<p>\u00abQue la RD es un pa\u00eds de oportunidades, que sigan naturalmente confiando en los dominicanos que estamos all\u00e1 y el presidente Abinader ha hecho lo humanamente posible para hacer un buen gobierno\u00bb.<\/p>\n\n\n\n<p>\u00abQue se le cumplan con todas esas promesas que se le ha hecho a los dominicanos ausentes, como son viviendas, seguro de salud, much\u00edsimas conquistas que merecen los dominicanos que residen en USA y otras partes del mundo, sobre todo en NY\u00bb.<\/p>\n\n\n\n<p>\u00abPara que vuelvan otra vez a su patria y gocen de todas las riquezas que tenemos los dominicanos, como en nuestro ambiente, playas, sol, r\u00edos, monta\u00f1as y bendiciendo siempre a los dominicanos donde quiera que se encuentren\u00bb, puntualiz\u00f3.<\/p>\n\n\n\n<p>La presencia de M\u00e9ndez en el evento llam\u00f3 las atenci\u00f3n de m\u00faltiples quisqueyanos asistente a la actividad (unos mil), solicit\u00e1ndole una foto, un saludo, una breve conversaci\u00f3n, respondiendo con humildad a dichos requerimientos. Este reporte fue testigo.<\/p>\n","protected":false},"excerpt":{"rendered":"<p>Video:&nbsp;https:\/\/www.youtube.com\/watch?v=aXkDwhnZ7IQ&nbsp; Por Ram\u00f3n Mercedes NUEVA YORK.-&nbsp;El director del Centro de Operaciones de Emergencias (COE) y la Direcci\u00f3n de Servicios de Atenci\u00f3n a Emergencias Extrahospitalarias (DAEH), que cubren las ambulancias del 911, general\u00ae Juan Manuel M\u00e9ndez, declar\u00f3 en esta ciudad que siempre le pide a Dios humildad, entrega y sacrificio para seguir dirigiendo estas instituciones que [&hellip;]<\/p>\n","protected":false},"author":2,"featured_media":631040,"comment_status":"closed","ping_status":"closed","sticky":false,"template":"","format":"standard","meta":{"footnotes":""},"categories":[36,20],"tags":[],"class_list":["post-631039","post","type-post","status-publish","format-standard","has-post-thumbnail","hentry","category-hombresmujeresycosas","category-dominicana-hoy"],"_links":{"self":[{"href":"https:\/\/diariodominicano.com\/index.php?rest_route=\/wp\/v2\/posts\/631039","targetHints":{"allow":["GET"]}}],"collection":[{"href":"https:\/\/diariodominicano.com\/index.php?rest_route=\/wp\/v2\/posts"}],"about":[{"href":"https:\/\/diariodominicano.com\/index.php?rest_route=\/wp\/v2\/types\/post"}],"author":[{"embeddable":true,"href":"https:\/\/diariodominicano.com\/index.php?rest_route=\/wp\/v2\/users\/2"}],"replies":[{"embeddable":true,"href":"https:\/\/diariodominicano.com\/index.php?rest_route=%2Fwp%2Fv2%2Fcomments&post=631039"}],"version-history":[{"count":1,"href":"https:\/\/diariodominicano.com\/index.php?rest_route=\/wp\/v2\/posts\/631039\/revisions"}],"predecessor-version":[{"id":631041,"href":"https:\/\/diariodominicano.com\/index.php?rest_route=\/wp\/v2\/posts\/631039\/revisions\/631041"}],"wp:featuredmedia":[{"embeddable":true,"href":"https:\/\/diariodominicano.com\/index.php?rest_route=\/wp\/v2\/media\/631040"}],"wp:attachment":[{"href":"https:\/\/diariodominicano.com\/index.php?rest_route=%2Fwp%2Fv2%2Fmedia&parent=631039"}],"wp:term":[{"taxonomy":"category","embeddable":true,"href":"https:\/\/diariodominicano.com\/index.php?rest_route=%2Fwp%2Fv2%2Fcategories&post=631039"},{"taxonomy":"post_tag","embeddable":true,"href":"https:\/\/diariodominicano.com\/index.php?rest_route=%2Fwp%2Fv2%2Ftags&post=631039"}],"curies":[{"name":"wp","href":"https:\/\/api.w.org\/{rel}","templated":true}]}}