{"id":631023,"date":"2025-08-11T10:29:17","date_gmt":"2025-08-11T14:29:17","guid":{"rendered":"https:\/\/diariodominicano.com\/?p=631023"},"modified":"2025-08-11T10:29:28","modified_gmt":"2025-08-11T14:29:28","slug":"cientos-miles-personas-nyc-asistieron-este-domingo-al-desfile-nacional-dominicano-alcalde-adams-trasladara-el-mismo-a-la-5ta-avenida","status":"publish","type":"post","link":"https:\/\/diariodominicano.com\/?p=631023","title":{"rendered":"Cientos miles personas NYC asistieron este domingo al Desfile Nacional Dominicano; alcalde Adams trasladar\u00e1 el mismo a la 5ta. avenida"},"content":{"rendered":"\n<p><strong>Video:<\/strong>&nbsp;<a href=\"https:\/\/www.youtube.com\/watch?v=k69wXSRvx-Y\" rel=\"noreferrer noopener\" target=\"_blank\">https:\/\/www.youtube.com\/watch?v=k69wXSRvx-Y<\/a>&nbsp;<\/p>\n\n\n\n<p><strong>Por Ram\u00f3n Mercedes<\/strong><strong>&nbsp;<\/strong><\/p>\n\n\n\n<p><strong>NUEVA YORK.-<\/strong>&nbsp;Cientos de miles de personas, portando su bandera, se dieron cita este domingo en la Sexta avenida de Manhattan para celebrar el 43vo. Desfile Nacional Dominicano que incluy\u00f3 m\u00e1s de 10 mil empresas y particulares en su haber, para&nbsp;promover y resaltar el legado a trav\u00e9s de su cultura, folklor, tradiciones, costumbres, baile, trajes regionales y otros elementos culturales.<\/p>\n\n\n\n<p>elogi\u00f3 la capacidad de trabajo, el esp\u00edritu emprendedor y el compromiso comunitario de los dominicanos, afirmando que son \u201cuna fuerza que impulsa la econom\u00eda y enriquece el alma de Nueva York\u201d. En un anuncio que marc\u00f3 la nota m\u00e1s esperada del d\u00eda, el alcalde confirm\u00f3 que el Desfile Dominicano de 2026 se realizar\u00e1 en la ic\u00f3nica Quinta Avenida, una decisi\u00f3n que \u2014dijo\u2014 \u201cle dar\u00e1 a esta celebraci\u00f3n la visibilidad y el prestigio que merece, coloc\u00e1ndola al nivel de los eventos culturales m\u00e1s emblem\u00e1ticos de Nueva York\u201d.<\/p>\n\n\n\n<p>Bajo un d\u00eda soleado y poco caluroso, los dominicanos caminaron la popular avenida desde la calle 36 hasta la 55, bajo el lema \u00abEstados Unidos y Quisqueya Unidos en Cultura y Tradici\u00f3n\u00bb para reconocer los aportes de la comunidad dominicana en territorio estadounidense.<\/p>\n\n\n\n<p>M\u00e1s de 40 carrozas, m\u00faltiples veh\u00edculos sonando sus potentes bocinas m\u00fasica t\u00edpica y el dembow; los grupos folcl\u00f3ricos Los Diablos Cojuelos, Roba La Gallina, Los Andulleros de Santiago, diversas comparsas y artistas recorrieron la emblem\u00e1tica avenida.<\/p>\n\n\n\n<p>Tambi\u00e9n se escuch\u00f3 por los altos la m\u00fasica t\u00edpica, merengue y bachata, g\u00e9neros reconocidos por la Organizaci\u00f3n de Naciones Unidas para la Educaci\u00f3n, la Ciencia y la Cultura (Unesco) como \u00abPatrimonio Cultural Inmaterial de la Humanidad\u00bb.<\/p>\n\n\n\n<p>Para prevenir la violencia, el evento comenz\u00f3 dos horas antes, a las 11:00 a.m. en lugar de la 1:00 p.m.; muchas v\u00edas adyacentes fueron cerradas; 957 polic\u00edas uniformados se hicieron cargo de la seguridad, sin incluir los oficiales de otras unidades adicionales asignadas, como la Unidad Canina K-9, los vestidos de civil y una cantidad apreciable de drones que vigilaron la multitud.<\/p>\n\n\n\n<p>Los dominicanos representan la comunidad inmigrante m\u00e1s grande de NYC. El desfile comenz\u00f3 y por el NYPD.<\/p>\n\n\n\n<p>Dicho \u00abDesfile\u00bb estuvo encabezado por el Gran Mariscal, el ex pelotero de Grandes Ligas, Nelson Cruz. El Padrino, general\u00ae, abogado y actual director del COE, Juan Manuel M\u00e9ndez, y la madrina Mayra Linares-Garc\u00eda, miembro de la Junta de S\u00edndicos de la Universidad de NYC.<\/p>\n\n\n\n<p>Adem\u00e1s, por el alcalde Eric Adams; el congresista Adriano Espaillat; los comisionados de Transporte (DOT) y de NYPD, Ydanis Rodr\u00edguez y Jessica S. Tisch; vicealcaldesa Ana Alm\u00e1nzar; asamble\u00edsta Yudelka Tapia, concejal Carmen de la Rosa, entre otros.<\/p>\n\n\n\n<p>Tambi\u00e9n por los 30 dominicanos \u00abEmbajadores Homenajeados\u00bb, entre ellos el autor de esta cr\u00f3nica, \u00abexcelencia en periodismo\u00bb con m\u00e1s de 50 a\u00f1os de experiencia cubriendo asuntos dominicanos para decenas de medios de comunicaci\u00f3n en EE. UU. y RD.<\/p>\n\n\n\n<p>Fidel Malena, \u00abExcelencia en Servicios Gubernamentales\u201d, representante de la Gobernaci\u00f3n del Estado de Nueva York en El Bronx.<\/p>\n\n\n\n<p>Rafael Toro, dominico-boricua&nbsp;adoptado por el Condado de Manhattan &#8211; icono Cultural, director de relaciones p\u00fablicas de Goya; Darling Burdiez (NBC), embajadora de medios, presentadora de Telemundo, 12 veces ganadora de premios Emmy.<\/p>\n\n\n\n<p>C\u00e9sar Romero, premio a la trayectoria, icono de los medios y presentador de \u201cHechos y Gente\u201d, con m\u00e1s de 45 a\u00f1os de experiencia en la radiodifusi\u00f3n comunitaria dominicana.&nbsp;&nbsp;Hip\u00f3lito Gil, embajador de Seguridad P\u00fablica, Inspector Adjunto del NYPD y graduado de la Academia del FBI, entre otros.&nbsp;<\/p>\n\n\n\n<p>El Desfile se celebra el segundo domingo de agosto para conmemorar el inicio de la Guerra de la Restauraci\u00f3n (162 aniversario), bajo el liderazgo del general Gregorio Luper\u00f3n, la guerra finalmente se gan\u00f3 a Espa\u00f1a.<\/p>\n\n\n\n<p>La comunidad dominicana, la m\u00e1s numerosa en la ciudad, aprovecha esta fecha para mostrar con orgullo su bandera tricolor y la calidez que caracteriza al pueblo caribe\u00f1o.<\/p>\n","protected":false},"excerpt":{"rendered":"<p>Video:&nbsp;https:\/\/www.youtube.com\/watch?v=k69wXSRvx-Y&nbsp; Por Ram\u00f3n Mercedes&nbsp; NUEVA YORK.-&nbsp;Cientos de miles de personas, portando su bandera, se dieron cita este domingo en la Sexta avenida de Manhattan para celebrar el 43vo. Desfile Nacional Dominicano que incluy\u00f3 m\u00e1s de 10 mil empresas y particulares en su haber, para&nbsp;promover y resaltar el legado a trav\u00e9s de su cultura, folklor, tradiciones, [&hellip;]<\/p>\n","protected":false},"author":2,"featured_media":631024,"comment_status":"closed","ping_status":"closed","sticky":false,"template":"","format":"standard","meta":{"footnotes":""},"categories":[36,23,27],"tags":[],"class_list":["post-631023","post","type-post","status-publish","format-standard","has-post-thumbnail","hentry","category-hombresmujeresycosas","category-internacional","category-portada"],"_links":{"self":[{"href":"https:\/\/diariodominicano.com\/index.php?rest_route=\/wp\/v2\/posts\/631023","targetHints":{"allow":["GET"]}}],"collection":[{"href":"https:\/\/diariodominicano.com\/index.php?rest_route=\/wp\/v2\/posts"}],"about":[{"href":"https:\/\/diariodominicano.com\/index.php?rest_route=\/wp\/v2\/types\/post"}],"author":[{"embeddable":true,"href":"https:\/\/diariodominicano.com\/index.php?rest_route=\/wp\/v2\/users\/2"}],"replies":[{"embeddable":true,"href":"https:\/\/diariodominicano.com\/index.php?rest_route=%2Fwp%2Fv2%2Fcomments&post=631023"}],"version-history":[{"count":1,"href":"https:\/\/diariodominicano.com\/index.php?rest_route=\/wp\/v2\/posts\/631023\/revisions"}],"predecessor-version":[{"id":631025,"href":"https:\/\/diariodominicano.com\/index.php?rest_route=\/wp\/v2\/posts\/631023\/revisions\/631025"}],"wp:featuredmedia":[{"embeddable":true,"href":"https:\/\/diariodominicano.com\/index.php?rest_route=\/wp\/v2\/media\/631024"}],"wp:attachment":[{"href":"https:\/\/diariodominicano.com\/index.php?rest_route=%2Fwp%2Fv2%2Fmedia&parent=631023"}],"wp:term":[{"taxonomy":"category","embeddable":true,"href":"https:\/\/diariodominicano.com\/index.php?rest_route=%2Fwp%2Fv2%2Fcategories&post=631023"},{"taxonomy":"post_tag","embeddable":true,"href":"https:\/\/diariodominicano.com\/index.php?rest_route=%2Fwp%2Fv2%2Ftags&post=631023"}],"curies":[{"name":"wp","href":"https:\/\/api.w.org\/{rel}","templated":true}]}}