{"id":630926,"date":"2025-08-11T00:57:43","date_gmt":"2025-08-11T04:57:43","guid":{"rendered":"https:\/\/diariodominicano.com\/?p=630926"},"modified":"2025-08-11T00:57:50","modified_gmt":"2025-08-11T04:57:50","slug":"masacre-en-discoteca-de-ecuador-deja-ocho-muertos","status":"publish","type":"post","link":"https:\/\/diariodominicano.com\/?p=630926","title":{"rendered":"Masacre en discoteca de Ecuador deja ocho muertos"},"content":{"rendered":"\n<p>Quito, 10 ago (Prensa Latina) Una masacre ocurrida en una discoteca del municipio rural de Santa Luc\u00eda, en la provincia ecuatoriana de Guayas, dej\u00f3 ocho muertos y dos heridos, seg\u00fan reportes policiales.<\/p>\n\n\n\n<ul class=\"wp-block-list\">\n<li><a href=\"https:\/\/www.prensa-latina.cu\/2025\/08\/10\/\"><time>agosto 10, 2025 | 23:59<\/time><\/a><\/li>\n<\/ul>\n\n\n\n<ul class=\"wp-block-list\">\n<li><a href=\"https:\/\/www.prensa-latina.cu\/2025\/08\/10\/masacre-en-discoteca-de-ecuador-deja-ocho-muertos\/#\"><\/a><\/li>\n\n\n\n<li><a href=\"https:\/\/www.prensa-latina.cu\/2025\/08\/10\/masacre-en-discoteca-de-ecuador-deja-ocho-muertos\/#\"><\/a><\/li>\n\n\n\n<li><a href=\"https:\/\/www.prensa-latina.cu\/2025\/08\/10\/masacre-en-discoteca-de-ecuador-deja-ocho-muertos\/#\"><\/a><\/li>\n\n\n\n<li><a href=\"https:\/\/www.prensa-latina.cu\/2025\/08\/10\/masacre-en-discoteca-de-ecuador-deja-ocho-muertos\/#\"><\/a><\/li>\n<\/ul>\n\n\n\n<p>De acuerdo con la informaci\u00f3n, hombres armados dispararon contra una multitud en los exteriores del centro nocturno.<\/p>\n\n\n\n<p>Entre las v\u00edctimas mortales se encuentra un hombre identificado como Jorge Urquizo, hermano del alcalde de ese municipio y propietario de la discoteca.<\/p>\n\n\n\n<p>El teniente coronel Javier Chango, de la Polic\u00eda Nacional, se\u00f1al\u00f3 en una rueda de prensa que siete personas murieron en el lugar y la octava falleci\u00f3 mientras era atendida en un hospital local.<\/p>\n\n\n\n<p>La alcald\u00eda de Santa Luc\u00eda se declar\u00f3 en luto \u201cpor este hecho violento que ha golpeado a nuestra comunidad\u201d.<\/p>\n\n\n\n<p>En los primeros seis meses de 2025, Ecuador registr\u00f3 m\u00e1s de cuatro mil 500 homicidios, seg\u00fan cifras oficiales.<\/p>\n\n\n\n<p>Especialistas consideran que, de seguir esa tendencia, este a\u00f1o concluir\u00e1 como el m\u00e1s violento de la historia reciente.<\/p>\n\n\n\n<p>El Gobierno insiste en que enfrenta un conflicto armado interno desde enero de 2024, cuando el presidente Daniel Noboa declar\u00f3 la guerra a las bandas delictivas.<\/p>\n\n\n\n<p>Pese a los numerosos decretos de estados de excepci\u00f3n y el compromiso de las autoridades de enfrentar el crimen, los homicidios siguen al alza y la poblaci\u00f3n exige respuestas urgentes.<\/p>\n\n\n\n<p>ro\/avr<\/p>\n\n\n\n<ul class=\"wp-block-list\">\n<li>#<a href=\"https:\/\/www.prensa-latina.cu\/etiqueta\/asesinatos\/\">asesinatos<\/a>\u00a0#<a href=\"https:\/\/www.prensa-latina.cu\/etiqueta\/discoteca\/\">discoteca<\/a>\u00a0#<a href=\"https:\/\/www.prensa-latina.cu\/etiqueta\/ecuador\/\">Ecuador<\/a>\u00a0#<a href=\"https:\/\/www.prensa-latina.cu\/etiqueta\/masacre\/\">masacre<\/a>\u00a0#<a href=\"https:\/\/www.prensa-latina.cu\/etiqueta\/seguridad\/\">Seguridad<\/a><\/li>\n<\/ul>\n","protected":false},"excerpt":{"rendered":"<p>Quito, 10 ago (Prensa Latina) Una masacre ocurrida en una discoteca del municipio rural de Santa Luc\u00eda, en la provincia ecuatoriana de Guayas, dej\u00f3 ocho muertos y dos heridos, seg\u00fan reportes policiales. De acuerdo con la informaci\u00f3n, hombres armados dispararon contra una multitud en los exteriores del centro nocturno. Entre las v\u00edctimas mortales se encuentra [&hellip;]<\/p>\n","protected":false},"author":2,"featured_media":630927,"comment_status":"closed","ping_status":"closed","sticky":false,"template":"","format":"standard","meta":{"footnotes":""},"categories":[23,29],"tags":[],"class_list":["post-630926","post","type-post","status-publish","format-standard","has-post-thumbnail","hentry","category-internacional","category-policiasucesos"],"_links":{"self":[{"href":"https:\/\/diariodominicano.com\/index.php?rest_route=\/wp\/v2\/posts\/630926","targetHints":{"allow":["GET"]}}],"collection":[{"href":"https:\/\/diariodominicano.com\/index.php?rest_route=\/wp\/v2\/posts"}],"about":[{"href":"https:\/\/diariodominicano.com\/index.php?rest_route=\/wp\/v2\/types\/post"}],"author":[{"embeddable":true,"href":"https:\/\/diariodominicano.com\/index.php?rest_route=\/wp\/v2\/users\/2"}],"replies":[{"embeddable":true,"href":"https:\/\/diariodominicano.com\/index.php?rest_route=%2Fwp%2Fv2%2Fcomments&post=630926"}],"version-history":[{"count":1,"href":"https:\/\/diariodominicano.com\/index.php?rest_route=\/wp\/v2\/posts\/630926\/revisions"}],"predecessor-version":[{"id":630928,"href":"https:\/\/diariodominicano.com\/index.php?rest_route=\/wp\/v2\/posts\/630926\/revisions\/630928"}],"wp:featuredmedia":[{"embeddable":true,"href":"https:\/\/diariodominicano.com\/index.php?rest_route=\/wp\/v2\/media\/630927"}],"wp:attachment":[{"href":"https:\/\/diariodominicano.com\/index.php?rest_route=%2Fwp%2Fv2%2Fmedia&parent=630926"}],"wp:term":[{"taxonomy":"category","embeddable":true,"href":"https:\/\/diariodominicano.com\/index.php?rest_route=%2Fwp%2Fv2%2Fcategories&post=630926"},{"taxonomy":"post_tag","embeddable":true,"href":"https:\/\/diariodominicano.com\/index.php?rest_route=%2Fwp%2Fv2%2Ftags&post=630926"}],"curies":[{"name":"wp","href":"https:\/\/api.w.org\/{rel}","templated":true}]}}