{"id":630846,"date":"2025-08-10T16:35:52","date_gmt":"2025-08-10T20:35:52","guid":{"rendered":"https:\/\/diariodominicano.com\/?p=630846"},"modified":"2025-08-10T16:35:54","modified_gmt":"2025-08-10T20:35:54","slug":"falsos-positivos-la-obra-siniestra-del-expresidente-alvaro-uribe-velez","status":"publish","type":"post","link":"https:\/\/diariodominicano.com\/?p=630846","title":{"rendered":"\u00abFalsos Positivos\u00bb: La obra siniestra del expresidente \u00c1lvaro Uribe V\u00e9lez"},"content":{"rendered":"\n<p>El resultado fue una tragedia humana que dej\u00f3 m\u00e1s de 6.400 v\u00edctimas, una cifra que demuestra la magnitud de la barbarie.<\/p>\n\n\n\n<p>Por Rafael M\u00e9ndez<\/p>\n\n\n\n<p>El caso de los \u00abfalsos positivos\u00bb es un doloroso recordatorio de c\u00f3mo la b\u00fasqueda de resultados a cualquier costo puede conducir a la m\u00e1s absoluta barbarie.<\/p>\n\n\n\n<p>El Fen\u00f3meno de los \u00abfalsos positivos\u00bb representa uno de los cap\u00edtulos m\u00e1s sombr\u00edos de la historia de Colombia, en el que se produjeron cr\u00edmenes de lesa humanidad de una magnitud escalofriante, consecuencia de la creaci\u00f3n de las condiciones que llevaron al asesinato sistem\u00e1tico de miles de j\u00f3venes por parte de miembros del Ej\u00e9rcito Nacional.<\/p>\n\n\n\n<p>Al pasar de los a\u00f1os se acumularon una cantidad abrumadora de pruebas que se\u00f1alan la responsabilidad directa de la pol\u00edtica de seguridad durante los periodos de gobierno del ex presidente \u00c1lvaro Uribe V\u00e9lez, consecuencia de&nbsp; la implementaci\u00f3n del Plan Colombia,&nbsp; en el que se registraron graves violaciones a los derechos humanos, incluyendo un aumento en los casos de \u00abfalsos positivos\u00bb y el desplazamiento forzado de comunidades. Algunos cr\u00edticos se\u00f1alan que la ayuda militar estadounidense, con su enfoque en la confrontaci\u00f3n armada, exacerb\u00f3 la violencia en el conflicto.<\/p>\n\n\n\n<p>Aunque la justicia colombiana a\u00fan tiene una deuda pendiente en la imputaci\u00f3n directa del expresidente Uribe V\u00e9lez, la evidencia disponible en informes de la Jurisdicci\u00f3n Especial para la Paz (JEP), sentencias judiciales y una vasta documentaci\u00f3n period\u00edstica, apuntan a que fue desde lo m\u00e1s alto del poder que se articul\u00f3 esa maquinaria del crimen, simulado en \u00abbajas en combates\u00bb, con cuya acci\u00f3n se recompensa a los mandos militares.<\/p>\n\n\n\n<p>Pol\u00edtica de recompensas<\/p>\n\n\n\n<p>El modus operandi de los \u00abfalsos positivos\u00bb no fue un acto aislado ni una decisi\u00f3n de unos pocos, sino un engranaje bien aceitado por una pol\u00edtica de Estado. Las v\u00edctimas, j\u00f3venes desempleados, campesinos o personas en situaci\u00f3n de vulnerabilidad, eran enga\u00f1ados con falsas promesas de empleo o una vida mejor en regiones alejadas de sus hogares.<\/p>\n\n\n\n<p>Una vez en el lugar, eran asesinadas por los soldados, y posteriormente presentadas como guerrilleros ca\u00eddos en combate. La siniestra puesta en escena se completaba con la alteraci\u00f3n de la escena del crimen, en la que se presentaba a las v\u00edctimas con uniformes y armas, propias de grupos guerrilleros que operaban en la zona de combate.<\/p>\n\n\n\n<p>Este mecanismo ten\u00eda un prop\u00f3sito claro: inflar las estad\u00edsticas de \u00abbajas\u00bb para demostrar una supuesta eficacia en la lucha contra la guerrilla, en tanto a los militares que lograban estos resultados eran recompensados con ascensos, condecoraciones y vacaciones, como lo ha documentado la JEP.<\/p>\n\n\n\n<p>Este sistema de incentivos perversos, promovido durante el gobierno de Uribe, gener\u00f3 una espiral de violencia y ambici\u00f3n que llev\u00f3 a algunos miembros de la fuerza p\u00fablica a cometer atrocidades inimaginables. El resultado fue una tragedia humana que dej\u00f3 m\u00e1s de 6.400 v\u00edctimas, una cifra que demuestra la magnitud de la barbarie.<\/p>\n\n\n\n<p>La responsabilidad de la c\u00fapula del poder<\/p>\n\n\n\n<p>La responsabilidad de los \u00abfalsos positivos\u00bb no se puede desligar de la c\u00fapula del poder, debido a que las \u00f3rdenes para aumentar las \u00abbajas en combate\u00bb llegaban desde las m\u00e1s altas esferas del gobierno, como lo han reconocido los propios mandos militares imputados. Si bien Uribe y sus colaboradores siempre han negado su responsabilidad directa, las pruebas demuestran que las pol\u00edticas de su gobierno, la presi\u00f3n ejercida sobre los militares y la falta de control sobre las operaciones fueron el motor de esta maquinaria criminal.<\/p>\n\n\n\n<p>Las denuncias de organizaciones de derechos humanos sobre la existencia de estos cr\u00edmenes fueron sistem\u00e1ticamente ignoradas y desacreditadas por el gobierno. Las v\u00edctimas fueron revictimizadas y sus testimonios descalificados. El caso de los \u00abfalsos positivos\u00bb es un doloroso recordatorio de c\u00f3mo la b\u00fasqueda de resultados a cualquier costo puede conducir a la m\u00e1s absoluta barbarie, y de c\u00f3mo la responsabilidad pol\u00edtica no puede ser evadida bajo la sombra de la impunidad. Es una herida que sigue abierta en la sociedad colombiana, un clamor por la verdad, la justicia y la no repetici\u00f3n.<\/p>\n\n\n\n<p>Ohelmis S\u00e1nchez <a href=\"mailto:ecosdelsur01@gmail.com\">ecosdelsur01@gmail.com<\/a><\/p>\n","protected":false},"excerpt":{"rendered":"<p>El resultado fue una tragedia humana que dej\u00f3 m\u00e1s de 6.400 v\u00edctimas, una cifra que demuestra la magnitud de la barbarie. Por Rafael M\u00e9ndez El caso de los \u00abfalsos positivos\u00bb es un doloroso recordatorio de c\u00f3mo la b\u00fasqueda de resultados a cualquier costo puede conducir a la m\u00e1s absoluta barbarie. El Fen\u00f3meno de los \u00abfalsos [&hellip;]<\/p>\n","protected":false},"author":7,"featured_media":607953,"comment_status":"closed","ping_status":"closed","sticky":false,"template":"","format":"standard","meta":{"footnotes":""},"categories":[16],"tags":[178],"class_list":["post-630846","post","type-post","status-publish","format-standard","has-post-thumbnail","hentry","category-opiniones","tag-rafael-mendez"],"_links":{"self":[{"href":"https:\/\/diariodominicano.com\/index.php?rest_route=\/wp\/v2\/posts\/630846","targetHints":{"allow":["GET"]}}],"collection":[{"href":"https:\/\/diariodominicano.com\/index.php?rest_route=\/wp\/v2\/posts"}],"about":[{"href":"https:\/\/diariodominicano.com\/index.php?rest_route=\/wp\/v2\/types\/post"}],"author":[{"embeddable":true,"href":"https:\/\/diariodominicano.com\/index.php?rest_route=\/wp\/v2\/users\/7"}],"replies":[{"embeddable":true,"href":"https:\/\/diariodominicano.com\/index.php?rest_route=%2Fwp%2Fv2%2Fcomments&post=630846"}],"version-history":[{"count":1,"href":"https:\/\/diariodominicano.com\/index.php?rest_route=\/wp\/v2\/posts\/630846\/revisions"}],"predecessor-version":[{"id":630866,"href":"https:\/\/diariodominicano.com\/index.php?rest_route=\/wp\/v2\/posts\/630846\/revisions\/630866"}],"wp:featuredmedia":[{"embeddable":true,"href":"https:\/\/diariodominicano.com\/index.php?rest_route=\/wp\/v2\/media\/607953"}],"wp:attachment":[{"href":"https:\/\/diariodominicano.com\/index.php?rest_route=%2Fwp%2Fv2%2Fmedia&parent=630846"}],"wp:term":[{"taxonomy":"category","embeddable":true,"href":"https:\/\/diariodominicano.com\/index.php?rest_route=%2Fwp%2Fv2%2Fcategories&post=630846"},{"taxonomy":"post_tag","embeddable":true,"href":"https:\/\/diariodominicano.com\/index.php?rest_route=%2Fwp%2Fv2%2Ftags&post=630846"}],"curies":[{"name":"wp","href":"https:\/\/api.w.org\/{rel}","templated":true}]}}