{"id":630781,"date":"2025-08-10T00:27:35","date_gmt":"2025-08-10T04:27:35","guid":{"rendered":"https:\/\/diariodominicano.com\/?p=630781"},"modified":"2025-08-10T00:27:37","modified_gmt":"2025-08-10T04:27:37","slug":"compartiendo-dialogos-conmigo-mismo-estad-atentos-y-vigilantes","status":"publish","type":"post","link":"https:\/\/diariodominicano.com\/?p=630781","title":{"rendered":"COMPARTIENDO DI\u00c1LOGOS CONMIGO MISMO ESTAD ATENTOS Y VIGILANTES"},"content":{"rendered":"\n<p class=\"wp-block-paragraph\"><strong><em>NUESTRA HISTORIA EST\u00c1 FIRMEMENTE EN LAS MANOS DE DIOS: Con el alma en vela y en verso, estamos siempre dispuestos para el Padre, en una espera que no ha de desesperarnos; puesto que, nos acompa\u00f1a con su providencia, cuidando de cada uno de nosotros. Jam\u00e1s perdamos la recta orientaci\u00f3n; que la cr\u00f3nica es un partir y un compartir, un donarse y darse, ofreci\u00e9ndose a los dem\u00e1s. Al fin, uno es lo que es, gracias a Jes\u00fas; y, as\u00ed: \u00a1Bebiendo de su venerable pulso, nos avenimos!<\/em><\/strong><\/p>\n\n\n\n<p class=\"wp-block-paragraph\"><strong>I.- DONDE HAY MIEDO;<\/strong><\/p>\n\n\n\n<p class=\"wp-block-paragraph\"><strong>HAY OSCURIDAD<\/strong><\/p>\n\n\n\n<p class=\"wp-block-paragraph\">Con el Salvador nada es temible,<\/p>\n\n\n\n<p class=\"wp-block-paragraph\">s\u00f3lo hay que dejarse acompa\u00f1ar,<\/p>\n\n\n\n<p class=\"wp-block-paragraph\">despojarse de mundo pernicioso,<\/p>\n\n\n\n<p class=\"wp-block-paragraph\">y reintegrarse al esp\u00edritu celeste,<\/p>\n\n\n\n<p class=\"wp-block-paragraph\">para acompasar de amor el obrar.<\/p>\n\n\n\n<p class=\"wp-block-paragraph\">Junto a la cruz de Cristo, el amar;<\/p>\n\n\n\n<p class=\"wp-block-paragraph\">con el amar, la pasi\u00f3n por el ser;<\/p>\n\n\n\n<p class=\"wp-block-paragraph\">con el ser, la alegr\u00eda del convidar;<\/p>\n\n\n\n<p class=\"wp-block-paragraph\">con el convidar, el gozo por vivir;<\/p>\n\n\n\n<p class=\"wp-block-paragraph\">y con el vivir, la paz en el pecho.<\/p>\n\n\n\n<p class=\"wp-block-paragraph\">Bajo esta concordia omnipotente,<\/p>\n\n\n\n<p class=\"wp-block-paragraph\">no cabe el desaliento ni el temor;<\/p>\n\n\n\n<p class=\"wp-block-paragraph\">lo cardinal es escucharse y o\u00edrse,<\/p>\n\n\n\n<p class=\"wp-block-paragraph\">habitar despiertos y no dormirse,<\/p>\n\n\n\n<p class=\"wp-block-paragraph\">pues el que rastrea siempre halla.<\/p>\n\n\n\n<p class=\"wp-block-paragraph\"><strong>II.- DONDE HAY VIGILANCIA;<\/strong><\/p>\n\n\n\n<p class=\"wp-block-paragraph\"><strong>HAY SABIDUR\u00cdA<\/strong><\/p>\n\n\n\n<p class=\"wp-block-paragraph\">Vigilar el coraz\u00f3n es encauzarse,<\/p>\n\n\n\n<p class=\"wp-block-paragraph\">dirigirse a un espacio de llaneza,<\/p>\n\n\n\n<p class=\"wp-block-paragraph\">guiarse hacia un conf\u00edn de culto,<\/p>\n\n\n\n<p class=\"wp-block-paragraph\">que&nbsp; nos lleva a ser compasivos,<\/p>\n\n\n\n<p class=\"wp-block-paragraph\">para poder crecer en humanidad.<\/p>\n\n\n\n<p class=\"wp-block-paragraph\">Si falta la vigilancia, se arriesga<\/p>\n\n\n\n<p class=\"wp-block-paragraph\">todo, se expone a que se esfume,<\/p>\n\n\n\n<p class=\"wp-block-paragraph\">a que se desvanezca lo generoso,<\/p>\n\n\n\n<p class=\"wp-block-paragraph\">y se vigorice el impulso ego\u00edsta,<\/p>\n\n\n\n<p class=\"wp-block-paragraph\">que todo lo alienta de maldades.<\/p>\n\n\n\n<p class=\"wp-block-paragraph\">Lo ventajoso es sentirse alertado,<\/p>\n\n\n\n<p class=\"wp-block-paragraph\">no estar ido, ni distra\u00eddo consigo;<\/p>\n\n\n\n<p class=\"wp-block-paragraph\">sino asistido y vuelto a la virtud<\/p>\n\n\n\n<p class=\"wp-block-paragraph\">de la esperanza, con el Redentor,<\/p>\n\n\n\n<p class=\"wp-block-paragraph\">como verdad y vida llena de luz.<\/p>\n\n\n\n<p class=\"wp-block-paragraph\"><strong>III.- DONDE HAY CREENCIA,<\/strong><\/p>\n\n\n\n<p class=\"wp-block-paragraph\"><strong>HAY CERTEZA<\/strong><\/p>\n\n\n\n<p class=\"wp-block-paragraph\">Navegar sin fe es como negarse,<\/p>\n\n\n\n<p class=\"wp-block-paragraph\">es hundirse y en la nada sumirse,<\/p>\n\n\n\n<p class=\"wp-block-paragraph\">sin un patrimonio que preservar,<\/p>\n\n\n\n<p class=\"wp-block-paragraph\">y sin un horizonte para combatir,<\/p>\n\n\n\n<p class=\"wp-block-paragraph\">pues la existencia es un combate.<\/p>\n\n\n\n<p class=\"wp-block-paragraph\">En ese ataque m\u00edstico moramos,<\/p>\n\n\n\n<p class=\"wp-block-paragraph\">porque existir es una ciclo regio,<\/p>\n\n\n\n<p class=\"wp-block-paragraph\">una rio de pruebas y tentaciones,<\/p>\n\n\n\n<p class=\"wp-block-paragraph\">con sus oleadas desconcertantes,<\/p>\n\n\n\n<p class=\"wp-block-paragraph\">que hemos de purgar y corregir.<\/p>\n\n\n\n<p class=\"wp-block-paragraph\">Salvaguardar la claridad interior<\/p>\n\n\n\n<p class=\"wp-block-paragraph\">es vivificante, para no destruirse,<\/p>\n\n\n\n<p class=\"wp-block-paragraph\">para elegir el ritmo de la certeza,<\/p>\n\n\n\n<p class=\"wp-block-paragraph\">fluyendo como siervos del Se\u00f1or,<\/p>\n\n\n\n<p class=\"wp-block-paragraph\">para hace aquello que nos suplica.<\/p>\n\n\n\n<p class=\"wp-block-paragraph\"><strong>V\u00edctor CORCOBA HERRERO<\/strong><\/p>\n\n\n\n<p class=\"wp-block-paragraph\"><a href=\"mailto:corcoba@telefonica.net\"><strong>corcoba@telefonica.net<\/strong><\/a><\/p>\n\n\n\n<p class=\"wp-block-paragraph\"><strong>09 de Agosto de 2025.-<\/strong><\/p>\n","protected":false},"excerpt":{"rendered":"<p>NUESTRA HISTORIA EST\u00c1 FIRMEMENTE EN LAS MANOS DE DIOS: Con el alma en vela y en verso, estamos siempre dispuestos para el Padre, en una espera que no ha de desesperarnos; puesto que, nos acompa\u00f1a con su providencia, cuidando de cada uno de nosotros. Jam\u00e1s perdamos la recta orientaci\u00f3n; que la cr\u00f3nica es un partir [&hellip;]<\/p>\n","protected":false},"author":2,"featured_media":499286,"comment_status":"closed","ping_status":"closed","sticky":false,"template":"","format":"standard","meta":{"footnotes":""},"categories":[21,19],"tags":[],"class_list":["post-630781","post","type-post","status-publish","format-standard","has-post-thumbnail","hentry","category-cultura","category-mi-voz"],"_links":{"self":[{"href":"https:\/\/diariodominicano.com\/index.php?rest_route=\/wp\/v2\/posts\/630781","targetHints":{"allow":["GET"]}}],"collection":[{"href":"https:\/\/diariodominicano.com\/index.php?rest_route=\/wp\/v2\/posts"}],"about":[{"href":"https:\/\/diariodominicano.com\/index.php?rest_route=\/wp\/v2\/types\/post"}],"author":[{"embeddable":true,"href":"https:\/\/diariodominicano.com\/index.php?rest_route=\/wp\/v2\/users\/2"}],"replies":[{"embeddable":true,"href":"https:\/\/diariodominicano.com\/index.php?rest_route=%2Fwp%2Fv2%2Fcomments&post=630781"}],"version-history":[{"count":1,"href":"https:\/\/diariodominicano.com\/index.php?rest_route=\/wp\/v2\/posts\/630781\/revisions"}],"predecessor-version":[{"id":630782,"href":"https:\/\/diariodominicano.com\/index.php?rest_route=\/wp\/v2\/posts\/630781\/revisions\/630782"}],"wp:featuredmedia":[{"embeddable":true,"href":"https:\/\/diariodominicano.com\/index.php?rest_route=\/wp\/v2\/media\/499286"}],"wp:attachment":[{"href":"https:\/\/diariodominicano.com\/index.php?rest_route=%2Fwp%2Fv2%2Fmedia&parent=630781"}],"wp:term":[{"taxonomy":"category","embeddable":true,"href":"https:\/\/diariodominicano.com\/index.php?rest_route=%2Fwp%2Fv2%2Fcategories&post=630781"},{"taxonomy":"post_tag","embeddable":true,"href":"https:\/\/diariodominicano.com\/index.php?rest_route=%2Fwp%2Fv2%2Ftags&post=630781"}],"curies":[{"name":"wp","href":"https:\/\/api.w.org\/{rel}","templated":true}]}}