{"id":630602,"date":"2025-08-08T18:23:30","date_gmt":"2025-08-08T22:23:30","guid":{"rendered":"https:\/\/diariodominicano.com\/?p=630602"},"modified":"2025-08-08T18:23:32","modified_gmt":"2025-08-08T22:23:32","slug":"el-ministerio-publico-realiza-operativos-simultaneos-contra-el-fraude-electrico-en-san-pedro-de-macoris","status":"publish","type":"post","link":"https:\/\/diariodominicano.com\/?p=630602","title":{"rendered":"El Ministerio P\u00fablico realiza operativos simult\u00e1neos contra el fraude el\u00e9ctrico en San Pedro de Macor\u00eds"},"content":{"rendered":"\n<p>El titular interino de la PGASE, Jos\u00e9 An\u00edbal Carela, explic\u00f3 que las acciones protegen a los usuarios responsables que se ven perjudicados por desaprensivos que sustraen energ\u00eda el\u00e9ctrica<\/p>\n\n\n\n<p>SANTO DOMINGO (Rep\u00fablica Dominicana).- En la continuaci\u00f3n de las acciones contra el fraude el\u00e9ctrico para contribuir al fortalecimiento del servicio de las Edes a los usuarios responsables que cumplen con sus pagos, la Procuradur\u00eda General Adjunta para el Sistema El\u00e9ctrico (PGASE) realiz\u00f3 seis operativos simult\u00e1neos en casas y locales comerciales de diferentes sectores de la provincia de San Pedro de Macor\u00eds.<\/p>\n\n\n\n<p>El procurador de corte Jos\u00e9 An\u00edbal Carela, titular interino de la PGASE, detall\u00f3 que los operativos se realizan en un trabajo conjunto con la Superintendencia de Electricidad (SIE) y la Empresa Distribuidora de Electricidad (EdeEste), producto de las denuncias de sospecha de fraude el\u00e9ctrico.<\/p>\n\n\n\n<p>Explic\u00f3 que un total de 28 viviendas y locales comerciales fueron inspeccionados en los sectores La Carretera, Santa Fe, Hato Mayor y Los Maestros, del municipio Consuelo, en la provincia de San Pedro de Macor\u00eds.<\/p>\n\n\n\n<p>Indic\u00f3 que la instituci\u00f3n sigue comprometida con la tarea de la persecuci\u00f3n y reducci\u00f3n de este il\u00edcito penal, a trav\u00e9s de las acciones que corresponden.<\/p>\n\n\n\n<p>\u201cLa PGASE est\u00e1 compelida a proteger los intereses de toda la sociedad y de los usuarios responsables que se ven perjudicados por la pr\u00e1ctica de desaprensivos que sustraen la energ\u00eda de forma fraudulenta, lo cual, adem\u00e1s de ser una acci\u00f3n peligrosa, genera p\u00e9rdida y perjudica la calidad del servicio el\u00e9ctrico que el Estado brinda a toda la poblaci\u00f3n\u201d, dijo el titular interino de la PGASE.<\/p>\n\n\n\n<p>En un comunicado de prensa, la entidad del Ministerio P\u00fablico destaca que siguen trabajando en la misi\u00f3n de perseguir el fraude el\u00e9ctrico, aplicando la Ley General de Electricidad No. 125-01, modificada por la Ley No. 186-07.<\/p>\n\n\n\n<p>Direcci\u00f3n General de Comunicaci\u00f3n, Prensa y RRPP<\/p>\n\n\n\n<p>Ministerio P\u00fablico RD<\/p>\n\n\n\n<p>Comunicaciones PGR <a href=\"mailto:comunicaciones@pgr.gob.do\">comunicaciones@pgr.gob.do<\/a><\/p>\n\n\n\n<p>#MinisterioP\u00fablico #FraudeEl\u00e9ctrico #SanPedrodeMacor\u00eds #PGASE #EdeEste #SuperintendenciadeElectricidad #SIE<\/p>\n","protected":false},"excerpt":{"rendered":"<p>El titular interino de la PGASE, Jos\u00e9 An\u00edbal Carela, explic\u00f3 que las acciones protegen a los usuarios responsables que se ven perjudicados por desaprensivos que sustraen energ\u00eda el\u00e9ctrica SANTO DOMINGO (Rep\u00fablica Dominicana).- En la continuaci\u00f3n de las acciones contra el fraude el\u00e9ctrico para contribuir al fortalecimiento del servicio de las Edes a los usuarios responsables [&hellip;]<\/p>\n","protected":false},"author":7,"featured_media":495896,"comment_status":"closed","ping_status":"closed","sticky":false,"template":"","format":"standard","meta":{"footnotes":""},"categories":[24],"tags":[171],"class_list":["post-630602","post","type-post","status-publish","format-standard","has-post-thumbnail","hentry","category-justicia-y-derecho","tag-ministerio-publico"],"_links":{"self":[{"href":"https:\/\/diariodominicano.com\/index.php?rest_route=\/wp\/v2\/posts\/630602","targetHints":{"allow":["GET"]}}],"collection":[{"href":"https:\/\/diariodominicano.com\/index.php?rest_route=\/wp\/v2\/posts"}],"about":[{"href":"https:\/\/diariodominicano.com\/index.php?rest_route=\/wp\/v2\/types\/post"}],"author":[{"embeddable":true,"href":"https:\/\/diariodominicano.com\/index.php?rest_route=\/wp\/v2\/users\/7"}],"replies":[{"embeddable":true,"href":"https:\/\/diariodominicano.com\/index.php?rest_route=%2Fwp%2Fv2%2Fcomments&post=630602"}],"version-history":[{"count":1,"href":"https:\/\/diariodominicano.com\/index.php?rest_route=\/wp\/v2\/posts\/630602\/revisions"}],"predecessor-version":[{"id":630608,"href":"https:\/\/diariodominicano.com\/index.php?rest_route=\/wp\/v2\/posts\/630602\/revisions\/630608"}],"wp:featuredmedia":[{"embeddable":true,"href":"https:\/\/diariodominicano.com\/index.php?rest_route=\/wp\/v2\/media\/495896"}],"wp:attachment":[{"href":"https:\/\/diariodominicano.com\/index.php?rest_route=%2Fwp%2Fv2%2Fmedia&parent=630602"}],"wp:term":[{"taxonomy":"category","embeddable":true,"href":"https:\/\/diariodominicano.com\/index.php?rest_route=%2Fwp%2Fv2%2Fcategories&post=630602"},{"taxonomy":"post_tag","embeddable":true,"href":"https:\/\/diariodominicano.com\/index.php?rest_route=%2Fwp%2Fv2%2Ftags&post=630602"}],"curies":[{"name":"wp","href":"https:\/\/api.w.org\/{rel}","templated":true}]}}