{"id":630579,"date":"2025-08-08T15:03:47","date_gmt":"2025-08-08T19:03:47","guid":{"rendered":"https:\/\/diariodominicano.com\/?p=630579"},"modified":"2025-08-08T15:03:47","modified_gmt":"2025-08-08T19:03:47","slug":"salvador-batista-y-mayra-de-pena-hablan-sobre-la-diversificacion-del-turismo-en-fiestas-y-personalidades","status":"publish","type":"post","link":"https:\/\/diariodominicano.com\/?p=630579","title":{"rendered":"Salvador Batista y Mayra De Pe\u00f1a hablan sobre la diversificaci\u00f3n del turismo en Fiestas y Personalidades"},"content":{"rendered":"\n<p><em>Conversamos tambi\u00e9n con&nbsp;<strong>Juan Mart\u00edn de Oliva<\/strong><strong>,<\/strong>&nbsp;presidente del Cl\u00faster Tur\u00edstico de Santo Domingo, sobre los planes estrat\u00e9gicos que se implementar\u00e1n para consolidar a la capital como un destino tur\u00edstico integral, que combine cultura, gastronom\u00eda, historia y negocios.<\/em><\/p>\n\n\n\n<p><em><strong>Santo Domingo, agosto 2025.<\/strong><\/em><strong><em>&#8211;<\/em><\/strong>&nbsp;Esta semana,&nbsp;<strong>Yenny Polanco Lovera<\/strong>&nbsp;conductora de Fiestas y Personalidades y presidenta de la Federaci\u00f3n Iberoamericana de Periodistas de Turismo (FIPETUR), sostuvo una enriquecedora conversaci\u00f3n con los destacados periodistas tur\u00edsticos&nbsp;<strong>Salvador Batista<\/strong><strong>&nbsp;y&nbsp;<\/strong><strong>Mayra de Pe\u00f1a<\/strong><strong>,&nbsp;<\/strong>en la que se abordaron los avances y desaf\u00edos del turismo en Rep\u00fablica Dominicana, especialmente desde la perspectiva de su diversificaci\u00f3n.<\/p>\n\n\n\n<figure class=\"wp-block-image size-full\"><img loading=\"lazy\" decoding=\"async\" width=\"553\" height=\"505\" src=\"https:\/\/diariodominicano.com\/wp-content\/uploads\/2025\/08\/Yenny-Polanco-Lovera-y-Juan-Manuel-Martin-de-Oliva.png\" alt=\"\" class=\"wp-image-630584\" srcset=\"https:\/\/diariodominicano.com\/wp-content\/uploads\/2025\/08\/Yenny-Polanco-Lovera-y-Juan-Manuel-Martin-de-Oliva.png 553w, https:\/\/diariodominicano.com\/wp-content\/uploads\/2025\/08\/Yenny-Polanco-Lovera-y-Juan-Manuel-Martin-de-Oliva-300x274.png 300w\" sizes=\"auto, (max-width: 553px) 100vw, 553px\" \/><\/figure>\n\n\n\n<p><strong>Salvador Batista<\/strong><strong>,<\/strong>&nbsp;reconocido a nivel internacional por su influencia en el periodismo tur\u00edstico, y&nbsp;<strong>Mayra De Pe\u00f1a<\/strong><strong>,<\/strong>&nbsp;con una trayectoria s\u00f3lida en medios y comunicaci\u00f3n, coincidieron en la importancia de promover nuevas vertientes del turismo como el&nbsp;<strong>turismo de salud, deportivo y cinematogr\u00e1fico<\/strong><strong>,<\/strong>&nbsp;sectores que vienen creciendo con fuerza en el pa\u00eds.<\/p>\n\n\n\n<p>Los entrevistados destacaron la necesidad de&nbsp;<strong>profesionalizar el periodismo tur\u00edstico<\/strong><strong>,&nbsp;<\/strong>enfatizando el valor de generar contenidos&nbsp;<strong>veraces, bien documentados y originales<\/strong><strong>,<\/strong>&nbsp;que fortalezcan la promoci\u00f3n de nuestro pa\u00eds como un destino de m\u00faltiples experiencias.<\/p>\n\n\n\n<p>Adem\u00e1s, reconocieron el esfuerzo del ministro de Turismo,&nbsp;<strong>David Collado<\/strong><strong>, y<\/strong>&nbsp;el trabajo articulado entre&nbsp;<strong>el sector p\u00fablico y privado<\/strong>&nbsp;para impulsar el desarrollo sostenible del turismo, tanto en el plano nacional como internacional.<\/p>\n\n\n\n<p>En la conversaci\u00f3n afirmaron que desde p\u00e1ginas&nbsp;<em><a href=\"http:\/\/www.recorriendoconsalvador.com\/\" target=\"_blank\" rel=\"noreferrer noopener\">www.recorriendoconsalvador.com<\/a>,&nbsp;<a href=\"http:\/\/www.unencuentroconmipaisrd.com\/\" target=\"_blank\" rel=\"noreferrer noopener\">www.unencuentroconmipaisrd.com<\/a>&nbsp;y&nbsp;<a href=\"http:\/\/www.fiestasypersonalidades.com\/\" target=\"_blank\" rel=\"noreferrer noopener\">www.fiestasypersonalidades.com<\/a>&nbsp;<\/em>abordan el turismo desde distintas miradas siempre aportando al periodismo y al turismo dominicano.<\/p>\n\n\n\n<p>Siguiendo con la industria tur\u00edstica,&nbsp;<strong>Juan Manuel Mart\u00edn de Oliva<\/strong><strong>,&nbsp;<\/strong>nuevo presidente del Cl\u00faster Tur\u00edstico de Santo Domingo convers\u00f3 sobre los planes estrat\u00e9gicos que se implementar\u00e1n para consolidar a la capital como un destino tur\u00edstico integral, que combine cultura, gastronom\u00eda, historia y negocios.<\/p>\n\n\n\n<p>En el \u00e1mbito cultural, esta semana Kosaky Suberv\u00ed y Mar\u00eda Mercedes asistieron a la presentaci\u00f3n del nuevo libro de partituras:&nbsp;<em>Obras para Flauta<\/em>&nbsp;del maestro&nbsp;<strong>Luis Emilio Mena<\/strong><strong>,<\/strong>&nbsp;figura fundamental de la m\u00fasica acad\u00e9mica dominicana autor\u00eda de&nbsp;<strong>Nathalie Pe\u00f1a Comas<\/strong><strong>,<\/strong>&nbsp;presidenta de la Fundaci\u00f3n Musical Tr\u00e9bol. Actividad que cont\u00f3 con un concierto a cargo de su hermana, la flautista Evelyn Pe\u00f1a-Comas.<\/p>\n\n\n\n<p>Estuvimos tambi\u00e9n en la presentaci\u00f3n de la plancha \u201cSinergia\u201d encabezada por la presidenta&nbsp;<strong>Caroll Mueses<\/strong>&nbsp;candidata a presidir la Asociaci\u00f3n Dominicana de Cronistas Sociales, destacando su compromiso con el fortalecimiento institucional y la \u00e9tica profesional en el gremio.<\/p>\n\n\n\n<p>El programa<strong>&nbsp;Fiestas y Personalidades<\/strong>&nbsp;producido por la cineasta Dayanna Minier se transmite todos los s\u00e1bados de 7:00 p.m. a 8:00 p.m. por&nbsp;<strong>RTVD<\/strong>, canal 4, con retransmisi\u00f3n los domingos por&nbsp;<strong>Latinos TV NY<\/strong>,&nbsp;<strong>Bonches Latinos<\/strong>,&nbsp;<strong>BVTV B\u00e1varo<\/strong>&nbsp;y por&nbsp;<strong>Miavisi\u00f3n<\/strong>, canal 97 de Claro TV. Para m\u00e1s informaci\u00f3n, visite la p\u00e1gina web:&nbsp;<a href=\"http:\/\/www.fiestasypersonalidades.com\/\" target=\"_blank\" rel=\"noreferrer noopener\">www.fiestasypersonalidades.com<\/a>.<\/p>\n\n\n\n<p>Mar\u00eda Mercedes <a href=\"mailto:sonrie210@yahoo.es\">sonrie210@yahoo.es<\/a><\/p>\n","protected":false},"excerpt":{"rendered":"<p>Conversamos tambi\u00e9n con&nbsp;Juan Mart\u00edn de Oliva,&nbsp;presidente del Cl\u00faster Tur\u00edstico de Santo Domingo, sobre los planes estrat\u00e9gicos que se implementar\u00e1n para consolidar a la capital como un destino tur\u00edstico integral, que combine cultura, gastronom\u00eda, historia y negocios. Santo Domingo, agosto 2025.&#8211;&nbsp;Esta semana,&nbsp;Yenny Polanco Lovera&nbsp;conductora de Fiestas y Personalidades y presidenta de la Federaci\u00f3n Iberoamericana de Periodistas [&hellip;]<\/p>\n","protected":false},"author":7,"featured_media":630586,"comment_status":"closed","ping_status":"closed","sticky":false,"template":"","format":"standard","meta":{"footnotes":""},"categories":[1],"tags":[123],"class_list":["post-630579","post","type-post","status-publish","format-standard","has-post-thumbnail","hentry","category-editorial","tag-turismo"],"_links":{"self":[{"href":"https:\/\/diariodominicano.com\/index.php?rest_route=\/wp\/v2\/posts\/630579","targetHints":{"allow":["GET"]}}],"collection":[{"href":"https:\/\/diariodominicano.com\/index.php?rest_route=\/wp\/v2\/posts"}],"about":[{"href":"https:\/\/diariodominicano.com\/index.php?rest_route=\/wp\/v2\/types\/post"}],"author":[{"embeddable":true,"href":"https:\/\/diariodominicano.com\/index.php?rest_route=\/wp\/v2\/users\/7"}],"replies":[{"embeddable":true,"href":"https:\/\/diariodominicano.com\/index.php?rest_route=%2Fwp%2Fv2%2Fcomments&post=630579"}],"version-history":[{"count":1,"href":"https:\/\/diariodominicano.com\/index.php?rest_route=\/wp\/v2\/posts\/630579\/revisions"}],"predecessor-version":[{"id":630587,"href":"https:\/\/diariodominicano.com\/index.php?rest_route=\/wp\/v2\/posts\/630579\/revisions\/630587"}],"wp:featuredmedia":[{"embeddable":true,"href":"https:\/\/diariodominicano.com\/index.php?rest_route=\/wp\/v2\/media\/630586"}],"wp:attachment":[{"href":"https:\/\/diariodominicano.com\/index.php?rest_route=%2Fwp%2Fv2%2Fmedia&parent=630579"}],"wp:term":[{"taxonomy":"category","embeddable":true,"href":"https:\/\/diariodominicano.com\/index.php?rest_route=%2Fwp%2Fv2%2Fcategories&post=630579"},{"taxonomy":"post_tag","embeddable":true,"href":"https:\/\/diariodominicano.com\/index.php?rest_route=%2Fwp%2Fv2%2Ftags&post=630579"}],"curies":[{"name":"wp","href":"https:\/\/api.w.org\/{rel}","templated":true}]}}