{"id":630560,"date":"2025-08-08T14:37:40","date_gmt":"2025-08-08T18:37:40","guid":{"rendered":"https:\/\/diariodominicano.com\/?p=630560"},"modified":"2025-08-08T14:37:43","modified_gmt":"2025-08-08T18:37:43","slug":"senado-de-la-republica-recibe-certificacion-iso-9001-2015-en-gestion-humana","status":"publish","type":"post","link":"https:\/\/diariodominicano.com\/?p=630560","title":{"rendered":"Senado de la Rep\u00fablica recibe certificaci\u00f3n ISO 9001-2015 en Gesti\u00f3n Humana"},"content":{"rendered":"\n<p>\u201cNuestro norte se basa en la transparencia, la honestidad, la \u00e9tica y por encima de todo, el trabajo en equipo\u201d, subray\u00f3 Ricardo de los Santos al recibir la distinci\u00f3n.<\/p>\n\n\n\n<p>SANTO DOMINGO. &#8211; El Senado de la Rep\u00fablica recibi\u00f3 la primera certificaci\u00f3n oficial ISO 9001-2015, por parte del Instituto Dominicano para la Calidad (INDOCAL), en el proceso de Gesti\u00f3n Humana, en las \u00e1reas de Servicios y Beneficios, Registro y Control, Capacitaci\u00f3n y Desarrollo.<\/p>\n\n\n\n<figure class=\"wp-block-image\"><img decoding=\"async\" src=\"https:\/\/diariodominicano.com\/wp-content\/uploads\/2025\/08\/Senado-de-la-Republica-recibe-certificacion-ISO-9001-2015-Gestion-Humana-1024x681.jpeg\" alt=\"\"\/><\/figure>\n\n\n\n<p>El presidente de la C\u00e1mara Alta, Ricardo de los Santos, recibi\u00f3 la certificaci\u00f3n oficial ISO 9001-2015, entregada por el director general del INDOCAL, N\u00e9stor Julio Matos, junto a una comisi\u00f3n de senadores, integrada por Gustavo Lara Salazar y Dagoberto Rodr\u00edguez Adames, representantes de las provincias San Crist\u00f3bal e Independencia, respectivamente.<\/p>\n\n\n\n<figure class=\"wp-block-image\"><img decoding=\"async\" src=\"https:\/\/diariodominicano.com\/wp-content\/uploads\/2025\/08\/Senado-de-la-Republica-recibe-certificacion-ISO-9001-2015-en-Gestion-Humana-1024x594.jpg\" alt=\"\"\/><\/figure>\n\n\n\n<p>Al recibir el certificado que avala los niveles de trasparencia y buenas pr\u00e1cticas de la C\u00e1mara Alta en Gesti\u00f3n Humana, De los Santos expres\u00f3 que, \u201cno hay forma de lograr una certificaci\u00f3n como \u00e9sta, si no es sobre la base de la integraci\u00f3n de todos los colaboradores del Senado\u201d.<\/p>\n\n\n\n<p>El representante de S\u00e1nchez Ram\u00edrez dej\u00f3 claro que desde que lleg\u00f3 a la presidencia del Senado, vino con la intenci\u00f3n de transparentar todos los procesos, y con el aval que otorga la norma ISO 9001-2015, se avala que el Senado avanza en materia de fortalecimiento institucional.<\/p>\n\n\n\n<p>Asimismo, valor\u00f3 el compromiso de los colaboradores que han seguido su ejemplo de manejar estos procesos con responsabilidad, entrega y m\u00edstica, lo que le compromete a seguir laborando con la honradez que le distingue.<\/p>\n\n\n\n<p>En el marco del fortalecimiento institucional que exhibe el Senado, Ricardo de los Santos, acot\u00f3 la calificaci\u00f3n de un 100 % en trasparencia que obtienen mes por mes, por parte de la Direcci\u00f3n de \u00c9tica e Integridad Gubernamental (DIGEIG).<\/p>\n\n\n\n<p>De su lado, el director general del (INDOCAL), N\u00e9stor Julio Matos, reconoci\u00f3 que esto no es simplemente un documento, o un certificado, es la evidencia inequ\u00edvoca de un compromiso institucional con la excelencia, con la transparencia, y con la mejora continua de todos los procesos que brinda esta inclusi\u00f3n al pa\u00eds, en sentido general.<\/p>\n\n\n\n<p>Puntualiz\u00f3 que la norma ISO 9001 es el est\u00e1ndar internacional m\u00e1s reconocido del mundo para los sistemas de gesti\u00f3n, sobre todo los que tienen que ver con la calidad; \u201csu implementaci\u00f3n garantiza que las instituciones est\u00e1n estableciendo procesos claros y documentados, medibles y orientados a la mejora continua, asegurando con esto que los servicios que brindan a los ciudadanos cumplan y llenen las expectativas\u201d, explic\u00f3.<\/p>\n\n\n\n<p>Indic\u00f3 que este tipo de certificaciones fortalece la transparencia, la eficiencia en el servicio p\u00fablico y la confianza en las funciones del Estado, contribuyendo a que la sociedad vea diferente a los servidores p\u00fablicos.<\/p>\n\n\n\n<p>\u201cDesde el INDOCAL, como organismo nacional de normalizaci\u00f3n, metodolog\u00eda y evaluaci\u00f3n de la conformidad, nos honra, acompa\u00f1ar al Senado en este camino de fortalecimiento institucional, dijo el funcionario.\u201d<\/p>\n\n\n\n<p>Tambi\u00e9n acompa\u00f1\u00f3 al presidente del Senado, la directora de Recursos Humanos, Sonya Uribe, y otros funcionarios de la instituci\u00f3n.<\/p>\n\n\n\n<p>El director general del INDOCAL, estuvo acompa\u00f1ado por Meraiot Lendor, encargado del Departamento de Certificaciones y Sistemas; Karilyn Rodr\u00edguez, directora de Evaluaci\u00f3n de la Conformidad; Cristian Mota, director de Comunicaciones; Orqu\u00eddea Espinal, encargada de Protocolo, y Stephanie Morel, coordinador de Despacho.<\/p>\n\n\n\n<p>En el acto, acompa\u00f1o al presidente del Senado, la directora de Gesti\u00f3n Humana, licenciada Sonya Uribe, as\u00ed como encargados departamentales, y colaboradores de las diferentes \u00e1reas del \u00f3rgano legislativo.<\/p>\n\n\n\n<p>Por Graciela Acevedo<\/p>\n\n\n\n<p>Senado<\/p>\n","protected":false},"excerpt":{"rendered":"<p>\u201cNuestro norte se basa en la transparencia, la honestidad, la \u00e9tica y por encima de todo, el trabajo en equipo\u201d, subray\u00f3 Ricardo de los Santos al recibir la distinci\u00f3n. SANTO DOMINGO. &#8211; El Senado de la Rep\u00fablica recibi\u00f3 la primera certificaci\u00f3n oficial ISO 9001-2015, por parte del Instituto Dominicano para la Calidad (INDOCAL), en el [&hellip;]<\/p>\n","protected":false},"author":7,"featured_media":630574,"comment_status":"closed","ping_status":"closed","sticky":false,"template":"","format":"standard","meta":{"footnotes":""},"categories":[36],"tags":[2359],"class_list":["post-630560","post","type-post","status-publish","format-standard","has-post-thumbnail","hentry","category-hombresmujeresycosas","tag-senado"],"_links":{"self":[{"href":"https:\/\/diariodominicano.com\/index.php?rest_route=\/wp\/v2\/posts\/630560","targetHints":{"allow":["GET"]}}],"collection":[{"href":"https:\/\/diariodominicano.com\/index.php?rest_route=\/wp\/v2\/posts"}],"about":[{"href":"https:\/\/diariodominicano.com\/index.php?rest_route=\/wp\/v2\/types\/post"}],"author":[{"embeddable":true,"href":"https:\/\/diariodominicano.com\/index.php?rest_route=\/wp\/v2\/users\/7"}],"replies":[{"embeddable":true,"href":"https:\/\/diariodominicano.com\/index.php?rest_route=%2Fwp%2Fv2%2Fcomments&post=630560"}],"version-history":[{"count":1,"href":"https:\/\/diariodominicano.com\/index.php?rest_route=\/wp\/v2\/posts\/630560\/revisions"}],"predecessor-version":[{"id":630577,"href":"https:\/\/diariodominicano.com\/index.php?rest_route=\/wp\/v2\/posts\/630560\/revisions\/630577"}],"wp:featuredmedia":[{"embeddable":true,"href":"https:\/\/diariodominicano.com\/index.php?rest_route=\/wp\/v2\/media\/630574"}],"wp:attachment":[{"href":"https:\/\/diariodominicano.com\/index.php?rest_route=%2Fwp%2Fv2%2Fmedia&parent=630560"}],"wp:term":[{"taxonomy":"category","embeddable":true,"href":"https:\/\/diariodominicano.com\/index.php?rest_route=%2Fwp%2Fv2%2Fcategories&post=630560"},{"taxonomy":"post_tag","embeddable":true,"href":"https:\/\/diariodominicano.com\/index.php?rest_route=%2Fwp%2Fv2%2Ftags&post=630560"}],"curies":[{"name":"wp","href":"https:\/\/api.w.org\/{rel}","templated":true}]}}