{"id":630374,"date":"2025-08-07T17:29:34","date_gmt":"2025-08-07T21:29:34","guid":{"rendered":"https:\/\/diariodominicano.com\/?p=630374"},"modified":"2025-08-08T00:15:31","modified_gmt":"2025-08-08T04:15:31","slug":"clausuran-con-exito-campamento-deportivo-de-verano-udesa2025","status":"publish","type":"post","link":"https:\/\/diariodominicano.com\/?p=630374","title":{"rendered":"Clausuran Campamento Deportivo de Verano UDESA&#8217;2025 \u00a0"},"content":{"rendered":"\n<p>SANTIAGO DE LOS CABALLEROS, Santiago, RD, 7 de agosto de 2025.- La Uni\u00f3n Deportiva de Santiago, Inc. (UDESA) clausur\u00f3 con marcado \u00e9xito y vibrante entusiasmo, el Campamento Deportivo de Verano\u00b42025, con la nueva modalidad de que, los mismos fueron llevados a los clubes de los barrios de la ciudad.<\/p>\n\n\n\n<p>Muy emotiva, la presidenta de UDESA, Margarita J\u00e1quez, en la despedida, se\u00f1al\u00f3: \u201cGracias en nombre de nuestro Comit\u00e9 Ejecutivo a los clubes anfitriones en los diferentes barrios, as\u00ed como a los participantes, hemos vivido grandes emociones y nos encontramos en esta modalidad, ir a los barrios, un profundo sentido de colaboraci\u00f3n\u201d.<\/p>\n\n\n\n<p>Apunt\u00f3 que, en el recorrido por los barrios encontraron grupos de dirigentes enfocados en los cientos de ni\u00f1os que, cargados de energ\u00eda, participaron en las actividades, siempre preocupados en fomentar el deporte de una manera sana.<\/p>\n\n\n\n<p>Consider\u00f3 como muy importante la participaci\u00f3n de los monitores, t\u00e9cnicos y entrenadores del Ministerio Dominicano de Deportes MIDEREC-Santiago y de la Alcald\u00eda de Santiago.<\/p>\n\n\n\n<p>Las actividades se realizaron los d\u00edas, martes, mi\u00e9rcoles y jueves, en el parqueo o zona perimetral de la Gran Arena del Cibao, en el techado Roberto Santana Lora, de la zona Sur de Santiago y en Barrio Lindo, La Herradura, con los auspicios de, Ministerio Dominicano de Deportes, Alcald\u00eda de Santiago, ProIndustria, La Fabril, Baldom, Bocel, Coca Cola, Pan Clase A, Cooperativa La Altagracia y Cooperativa San Jos\u00e9.<\/p>\n\n\n\n<p>\u00d3scar Polanco <a href=\"mailto:oscarpolanco.santiagord@gmail.com\">oscarpolanco.santiagord@gmail.com<\/a><\/p>\n\n\n\n<p>#UDESA\u2003\u2003\u2003\u2003\u2002#Santiago<\/p>\n","protected":false},"excerpt":{"rendered":"<p>SANTIAGO DE LOS CABALLEROS, Santiago, RD, 7 de agosto de 2025.- La Uni\u00f3n Deportiva de Santiago, Inc. (UDESA) clausur\u00f3 con marcado \u00e9xito y vibrante entusiasmo, el Campamento Deportivo de Verano\u00b42025, con la nueva modalidad de que, los mismos fueron llevados a los clubes de los barrios de la ciudad. Muy emotiva, la presidenta de UDESA, [&hellip;]<\/p>\n","protected":false},"author":7,"featured_media":630385,"comment_status":"closed","ping_status":"closed","sticky":false,"template":"","format":"standard","meta":{"footnotes":""},"categories":[17],"tags":[2933,2934],"class_list":["post-630374","post","type-post","status-publish","format-standard","has-post-thumbnail","hentry","category-deportes","tag-campamento-deportivo-de-verano","tag-udesa2025"],"_links":{"self":[{"href":"https:\/\/diariodominicano.com\/index.php?rest_route=\/wp\/v2\/posts\/630374","targetHints":{"allow":["GET"]}}],"collection":[{"href":"https:\/\/diariodominicano.com\/index.php?rest_route=\/wp\/v2\/posts"}],"about":[{"href":"https:\/\/diariodominicano.com\/index.php?rest_route=\/wp\/v2\/types\/post"}],"author":[{"embeddable":true,"href":"https:\/\/diariodominicano.com\/index.php?rest_route=\/wp\/v2\/users\/7"}],"replies":[{"embeddable":true,"href":"https:\/\/diariodominicano.com\/index.php?rest_route=%2Fwp%2Fv2%2Fcomments&post=630374"}],"version-history":[{"count":3,"href":"https:\/\/diariodominicano.com\/index.php?rest_route=\/wp\/v2\/posts\/630374\/revisions"}],"predecessor-version":[{"id":630410,"href":"https:\/\/diariodominicano.com\/index.php?rest_route=\/wp\/v2\/posts\/630374\/revisions\/630410"}],"wp:featuredmedia":[{"embeddable":true,"href":"https:\/\/diariodominicano.com\/index.php?rest_route=\/wp\/v2\/media\/630385"}],"wp:attachment":[{"href":"https:\/\/diariodominicano.com\/index.php?rest_route=%2Fwp%2Fv2%2Fmedia&parent=630374"}],"wp:term":[{"taxonomy":"category","embeddable":true,"href":"https:\/\/diariodominicano.com\/index.php?rest_route=%2Fwp%2Fv2%2Fcategories&post=630374"},{"taxonomy":"post_tag","embeddable":true,"href":"https:\/\/diariodominicano.com\/index.php?rest_route=%2Fwp%2Fv2%2Ftags&post=630374"}],"curies":[{"name":"wp","href":"https:\/\/api.w.org\/{rel}","templated":true}]}}