{"id":630348,"date":"2025-08-07T16:16:04","date_gmt":"2025-08-07T20:16:04","guid":{"rendered":"https:\/\/diariodominicano.com\/?p=630348"},"modified":"2025-08-08T00:32:24","modified_gmt":"2025-08-08T04:32:24","slug":"presidente-del-senado-ricardo-de-los-santos-afirma-la-camara-alta-se-aboca-a-conocer-una-agenda-priorizada-que-contempla-importantes-leyes-a-favor-de-la-nacion-dominicana","status":"publish","type":"post","link":"https:\/\/diariodominicano.com\/?p=630348","title":{"rendered":"Presidente del Senado, Ricardo de los Santos, afirma  se aboca a conocer una agenda priorizada que contempla importantes leyes a favor de RD"},"content":{"rendered":"\n<p>Santo Domingo, RD.- El presidente del Senado, Ricardo de los Santos, anunci\u00f3 el mi\u00e9rcoles que la C\u00e1mara Alta tiene una agenda priorizada a partir del inicio de la nueva legislatura que apertura el pr\u00f3ximo 16 de agosto y afirm\u00f3 que los senadores mantienen el compromiso de aprobar el proyecto de Ley de Reforma Laboral.<br>\u201cNosotros tenemos una gran cantidad de proyectos en carpeta que iniciada la legislatura el pr\u00f3ximo 16 inmediatamente nosotros vamos a trabajar con todas esas leyes pendientes\u201d, adelant\u00f3.<br>De lo Santos afirm\u00f3 que dentro los compromisos que mantiene el Congreso Nacional en esta nueva legislatura se contempla aprobar importantes leyes a favor de la naci\u00f3n dominicana, como el proyecto de ley de Reforma a la Seguridad Social, proyecto de ley de Agua, el C\u00f3digo Procesal Penal, que tiene como fecha tope hasta el mes de diciembre del 2025.<br>\u201cDentro de nuestra agenda priorizada, los senadores tenemos este reto por delante para dotar al pa\u00eds de estas transcendentales iniciativas que se mantienen en an\u00e1lisis y estudios por las diferente comisiones\u201d, expres\u00f3.<br>Al ser entrevistado por los medios de comunicaci\u00f3n que cubren la fuente del Congreso, sobre los pronunciamientos del presidente de la Rep\u00fablica, Luis Abinader de la necesidad de una nueva introducci\u00f3n o creaci\u00f3n de una reforma fiscal.<br>El presidente de la C\u00e1mara Alta, asegur\u00f3 que, de ser introducida una reforma fiscal, el Senado de la Rep\u00fablica, debe ser consensuada con los diferentes sectores de la sociedad, y afirm\u00f3 que ser positivo el Pleno les dar\u00e1 el mismo tratamiento que les otorga a todos los proyectos de ley que entran o se remiten al Congreso Nacional.<br>\u201cEl pueblo dominicano sabe que tenemos de 20 a 30 a\u00f1os trabajando con un presupuesto deficitario y que en verdad se necesita una reforma fiscal. Ahora bien, yo entiendo que eso debe ser consensuado en todos los sectores\u201d, dijo el tambi\u00e9n senador por la provincia S\u00e1nchez Ram\u00edrez.<br>Al ser cuestionado por la inclusi\u00f3n del articulo 310 sobre ultraje, en el Proyecto de Ley Org\u00e1nica del C\u00f3digo Penal, expres\u00f3 que, \u201cNunca debemos irnos al extremo, lo que s\u00ed debemos poner ciertos l\u00edmites para que de una forma u otra prime el respeto\u201d, asever\u00f3.<\/p>\n\n\n\n<p>#Senado\u2003\u2003\u2003\u2002#Ricardo de los Santos<\/p>\n","protected":false},"excerpt":{"rendered":"<p>Santo Domingo, RD.- El presidente del Senado, Ricardo de los Santos, anunci\u00f3 el mi\u00e9rcoles que la C\u00e1mara Alta tiene una agenda priorizada a partir del inicio de la nueva legislatura que apertura el pr\u00f3ximo 16 de agosto y afirm\u00f3 que los senadores mantienen el compromiso de aprobar el proyecto de Ley de Reforma Laboral.\u201cNosotros tenemos [&hellip;]<\/p>\n","protected":false},"author":7,"featured_media":630357,"comment_status":"closed","ping_status":"closed","sticky":false,"template":"","format":"standard","meta":{"footnotes":""},"categories":[20,22],"tags":[2359],"class_list":["post-630348","post","type-post","status-publish","format-standard","has-post-thumbnail","hentry","category-dominicana-hoy","category-politica","tag-senado"],"_links":{"self":[{"href":"https:\/\/diariodominicano.com\/index.php?rest_route=\/wp\/v2\/posts\/630348","targetHints":{"allow":["GET"]}}],"collection":[{"href":"https:\/\/diariodominicano.com\/index.php?rest_route=\/wp\/v2\/posts"}],"about":[{"href":"https:\/\/diariodominicano.com\/index.php?rest_route=\/wp\/v2\/types\/post"}],"author":[{"embeddable":true,"href":"https:\/\/diariodominicano.com\/index.php?rest_route=\/wp\/v2\/users\/7"}],"replies":[{"embeddable":true,"href":"https:\/\/diariodominicano.com\/index.php?rest_route=%2Fwp%2Fv2%2Fcomments&post=630348"}],"version-history":[{"count":2,"href":"https:\/\/diariodominicano.com\/index.php?rest_route=\/wp\/v2\/posts\/630348\/revisions"}],"predecessor-version":[{"id":630416,"href":"https:\/\/diariodominicano.com\/index.php?rest_route=\/wp\/v2\/posts\/630348\/revisions\/630416"}],"wp:featuredmedia":[{"embeddable":true,"href":"https:\/\/diariodominicano.com\/index.php?rest_route=\/wp\/v2\/media\/630357"}],"wp:attachment":[{"href":"https:\/\/diariodominicano.com\/index.php?rest_route=%2Fwp%2Fv2%2Fmedia&parent=630348"}],"wp:term":[{"taxonomy":"category","embeddable":true,"href":"https:\/\/diariodominicano.com\/index.php?rest_route=%2Fwp%2Fv2%2Fcategories&post=630348"},{"taxonomy":"post_tag","embeddable":true,"href":"https:\/\/diariodominicano.com\/index.php?rest_route=%2Fwp%2Fv2%2Ftags&post=630348"}],"curies":[{"name":"wp","href":"https:\/\/api.w.org\/{rel}","templated":true}]}}