{"id":630241,"date":"2025-08-07T01:53:05","date_gmt":"2025-08-07T05:53:05","guid":{"rendered":"https:\/\/diariodominicano.com\/?p=630241"},"modified":"2025-08-07T02:06:52","modified_gmt":"2025-08-07T06:06:52","slug":"emocion-arriba-de-los-niveles-esperados-en-el-segundo-dia-del-festival-deportivo-de-verano-udesa2025","status":"publish","type":"post","link":"https:\/\/diariodominicano.com\/?p=630241","title":{"rendered":"\u00a1Emoci\u00f3n arriba de los niveles esperados en el segundo d\u00eda del Festival Deportivo de Verano UDESA&#8217;2025!"},"content":{"rendered":"\n<p><strong>SANTIAGO DE LOS CABALLEROS, Santiago, Rep\u00fablica Dominicana (08-06-2025).-<\/strong>&nbsp;Con emoci\u00f3n vibrante y alto grado de animaci\u00f3n, as\u00ed como gran presencia de ni\u00f1os y ni\u00f1as de los clubes de la zona Sur de Santiago, fue realizado, este mi\u00e9rcoles 6 de agosto, el segundo d\u00eda del Festival Deportivo de Verano&#8217;2025 que organiza la Uni\u00f3n Deportiva de Santiago, Inc. (UDESA).<\/p>\n\n\n\n<p>La chiquillada, en franca \u201cgozadera\u201d, recibi\u00f3 a los ejecutivos de UDESA y otras personalidades presentes all\u00ed, con ensordecedores aplausos y graciosos gritos, que a\u00fan sentados en las gradas para presenciar la ceremonia de inicio, eran potentes.<\/p>\n\n\n\n<p>La bulla se increment\u00f3 cuando ellos mismos, en el tono m\u00e1s alto del cerrado techado Roberto Santana, cuyo esp\u00edritu del hist\u00f3rico clubista parec\u00eda rondar alegre, cantaron el Himno Nacional Dominicano.<\/p>\n\n\n\n<p>En el lugar solo hubo silencio cuando el peque\u00f1o atleta del Korea F\u00fatbol Club, Daniel cuello, dijo una emotiva oraci\u00f3n religiosa, asimismo, con el fondo de la \u201cbulla\u201d, el presidente de UDESA, dijo el discurso central, en el que, entre otras cosas, enarbol\u00f3 la gloria del deporte, la cultura y la recreaci\u00f3n, que puede alcanzar algo tan significativo.<\/p>\n\n\n\n<p>Las palabras exhortaci\u00f3n estuvieron a cargo de Rub\u00e9n Mu\u00f1oz, presidente de la Asociaci\u00f3n de F\u00fatbol de Santiago y directivo de UDESA, los atletas presentes fueron dirigidos por los t\u00e9cnicos, monitores y entrenadores del Ministerio Dominicano de Deportes MIDEREC-Santiago y la Alcald\u00eda de Santiago, con presencia, adem\u00e1s, de atletas y dirigentes de los clubes, Cristo Rey, Juana Saltitopa y Hermanos Pati\u00f1o.<\/p>\n\n\n\n<p>La clausura del Festival Deportivo de Verano, UDESA&#8217;2025, se realizar\u00e1 de 8:30am a 12:30pm, este jueves 7 de agosto, en el Club Social Hermanos de la Cultura, de Barrio Lindo, La Herradura, con la partici\u00f3n de los locales, as\u00ed como de los clubes, Hato del Yaque y Villa F\u00e1tima, con el patrocinio de, Ministerio Dominicano de Deportes, Alcald\u00eda de Santiago, ProIndustria, La Fabril, Baldom, Bocel, Coca Cola, Pan Clase A, Cooperativa La Altagracia, Cooperativa San Jos\u00e9.<\/p>\n\n\n\n<p>\u00d3scar Polanco <a href=\"mailto:oscarpolanco.santiagord@gmail.com\">oscarpolanco.santiagord@gmail.com<\/a><\/p>\n","protected":false},"excerpt":{"rendered":"<p>SANTIAGO DE LOS CABALLEROS, Santiago, Rep\u00fablica Dominicana (08-06-2025).-&nbsp;Con emoci\u00f3n vibrante y alto grado de animaci\u00f3n, as\u00ed como gran presencia de ni\u00f1os y ni\u00f1as de los clubes de la zona Sur de Santiago, fue realizado, este mi\u00e9rcoles 6 de agosto, el segundo d\u00eda del Festival Deportivo de Verano&#8217;2025 que organiza la Uni\u00f3n Deportiva de Santiago, Inc. [&hellip;]<\/p>\n","protected":false},"author":7,"featured_media":630268,"comment_status":"closed","ping_status":"closed","sticky":false,"template":"","format":"standard","meta":{"footnotes":""},"categories":[17],"tags":[2930],"class_list":["post-630241","post","type-post","status-publish","format-standard","has-post-thumbnail","hentry","category-deportes","tag-festival-deportivo-de-verano-udesa2025"],"_links":{"self":[{"href":"https:\/\/diariodominicano.com\/index.php?rest_route=\/wp\/v2\/posts\/630241","targetHints":{"allow":["GET"]}}],"collection":[{"href":"https:\/\/diariodominicano.com\/index.php?rest_route=\/wp\/v2\/posts"}],"about":[{"href":"https:\/\/diariodominicano.com\/index.php?rest_route=\/wp\/v2\/types\/post"}],"author":[{"embeddable":true,"href":"https:\/\/diariodominicano.com\/index.php?rest_route=\/wp\/v2\/users\/7"}],"replies":[{"embeddable":true,"href":"https:\/\/diariodominicano.com\/index.php?rest_route=%2Fwp%2Fv2%2Fcomments&post=630241"}],"version-history":[{"count":1,"href":"https:\/\/diariodominicano.com\/index.php?rest_route=\/wp\/v2\/posts\/630241\/revisions"}],"predecessor-version":[{"id":630269,"href":"https:\/\/diariodominicano.com\/index.php?rest_route=\/wp\/v2\/posts\/630241\/revisions\/630269"}],"wp:featuredmedia":[{"embeddable":true,"href":"https:\/\/diariodominicano.com\/index.php?rest_route=\/wp\/v2\/media\/630268"}],"wp:attachment":[{"href":"https:\/\/diariodominicano.com\/index.php?rest_route=%2Fwp%2Fv2%2Fmedia&parent=630241"}],"wp:term":[{"taxonomy":"category","embeddable":true,"href":"https:\/\/diariodominicano.com\/index.php?rest_route=%2Fwp%2Fv2%2Fcategories&post=630241"},{"taxonomy":"post_tag","embeddable":true,"href":"https:\/\/diariodominicano.com\/index.php?rest_route=%2Fwp%2Fv2%2Ftags&post=630241"}],"curies":[{"name":"wp","href":"https:\/\/api.w.org\/{rel}","templated":true}]}}