{"id":630225,"date":"2025-08-06T21:09:11","date_gmt":"2025-08-07T01:09:11","guid":{"rendered":"https:\/\/diariodominicano.com\/?p=630225"},"modified":"2025-08-07T01:22:41","modified_gmt":"2025-08-07T05:22:41","slug":"tribunal-rechaza-extincion-de-la-accion-penal-contra-adan-caceres-y-compartes","status":"publish","type":"post","link":"https:\/\/diariodominicano.com\/?p=630225","title":{"rendered":"El Primer Tribunal Colegiado del Distrito Nacional rechaza extinci\u00f3n de la acci\u00f3n penal contra Ad\u00e1n C\u00e1ceres y compartes"},"content":{"rendered":"\n<p><em><u>El tribunal se\u00f1ala que para declarar la extinci\u00f3n de la acci\u00f3n penal se deben valorar par\u00e1metros razonables que justifiquen la dilaci\u00f3n de un proceso<\/u><\/em><\/p>\n\n\n\n<p><strong>SANTO DOMINGO, Rep\u00fablica Dominicana.-<\/strong>\u00a0El Primer Tribunal Colegiado del Distrito Nacional rechaz\u00f3 la solicitud de extinci\u00f3n de la acci\u00f3n penal por vencimiento de plazo en el proceso seguido por corrupci\u00f3n administrativa al mayor general del Ej\u00e9rcito Ad\u00e1n C\u00e1ceres Silvestre, exjefe del Cuerpo de Seguridad Presidencial (Cusep), y dem\u00e1s imputados en el entramado desmantelado mediante la Operaci\u00f3n Coral y Coral 5G.<\/p>\n\n\n\n<p>Las juezas Esmirna Giselle M\u00e9ndez, Tania Yunes y Jissel Naranjo fundamentaron su decisi\u00f3n en precedentes del Tribunal Constitucional, que han establecido que para declarar la extinci\u00f3n de la acci\u00f3n penal se deben valorar par\u00e1metros razonables que justifiquen la dilaci\u00f3n de un proceso, tomando en cuenta el contexto de la justicia dominicana, caracterizado por limitaciones institucionales y m\u00faltiples recursos procesales que pueden retrasar la conclusi\u00f3n de los casos.<\/p>\n\n\n\n<p>En el p\u00e1rrafo 20 de la decisi\u00f3n, el tribunal se\u00f1al\u00f3 que en la fase preliminar se produjo una pr\u00f3rroga de la investigaci\u00f3n, en la cual el plazo del art\u00edculo 299 del C\u00f3digo Procesal Penal fue extendido de cinco (5) a noventa y cinco (95) d\u00edas h\u00e1biles.<\/p>\n\n\n\n<p>Esta medida, explicaron, se adopt\u00f3 para proteger el derecho de defensa en un proceso de gran magnitud, lo que justific\u00f3 la extensi\u00f3n de los plazos.<\/p>\n\n\n\n<p>De igual forma, en el p\u00e1rrafo 21, las juezas detallaron que durante la etapa de juicio se produjeron m\u00faltiples aplazamientos entre el 26 de octubre de 2023 y el 27 de junio de 2024, fecha en la cual inici\u00f3 la presentaci\u00f3n oral de la acusaci\u00f3n por parte del Ministerio P\u00fablico.<\/p>\n\n\n\n<p>Dichos aplazamientos respondieron a causas atribuibles a las defensas de los imputados, como la incomparecencia de personas jur\u00eddicas a trav\u00e9s de sus representantes legales, la designaci\u00f3n de defensores p\u00fablicos, la concesi\u00f3n de plazos adicionales para que los nuevos abogados conocieran la acusaci\u00f3n y las pruebas, las renuncias y cambios de defensores, la incomparecencia de defensas t\u00e9cnicas y las licencias m\u00e9dicas de imputados.<\/p>\n\n\n\n<p>El tribunal precis\u00f3 que no existe constancia de que alg\u00fan aplazamiento o suspensi\u00f3n, tanto en la fase preliminar como en el juicio, haya sido provocado por el Ministerio P\u00fablico o el actor civil querellante.<\/p>\n\n\n\n<p>Finalmente, la decisi\u00f3n establece: \u201cTras el an\u00e1lisis de todos estos elementos, entiende el tribunal que no puede determinar en el conocimiento del caso seguido al acusado Ad\u00e1n Benoni C\u00e1ceres Silvestre y compartes, que ha existido una dilaci\u00f3n indebida, sino que el discurrir del proceso se ha dado dentro de los m\u00e1rgenes de la ley y respetando el derecho de todos los involucrados, lo que ha justificado la extensi\u00f3n del plazo previsto en el art\u00edculo 148 del C\u00f3digo Procesal Penal.\u201d<\/p>\n\n\n\n<p><strong>Direcci\u00f3n General de Comunicaci\u00f3n, Prensa y RRPP<\/strong><\/p>\n\n\n\n<p><strong>Ministerio P\u00fablico RD<\/strong><\/p>\n\n\n\n<p>Comunicaciones PGR <a href=\"mailto:comunicaciones@pgr.gob.do\">comunicaciones@pgr.gob.do<\/a><\/p>\n","protected":false},"excerpt":{"rendered":"<p>El tribunal se\u00f1ala que para declarar la extinci\u00f3n de la acci\u00f3n penal se deben valorar par\u00e1metros razonables que justifiquen la dilaci\u00f3n de un proceso SANTO DOMINGO, Rep\u00fablica Dominicana.-\u00a0El Primer Tribunal Colegiado del Distrito Nacional rechaz\u00f3 la solicitud de extinci\u00f3n de la acci\u00f3n penal por vencimiento de plazo en el proceso seguido por corrupci\u00f3n administrativa al [&hellip;]<\/p>\n","protected":false},"author":7,"featured_media":422743,"comment_status":"closed","ping_status":"closed","sticky":false,"template":"","format":"standard","meta":{"footnotes":""},"categories":[24,27],"tags":[171],"class_list":["post-630225","post","type-post","status-publish","format-standard","has-post-thumbnail","hentry","category-justicia-y-derecho","category-portada","tag-ministerio-publico"],"_links":{"self":[{"href":"https:\/\/diariodominicano.com\/index.php?rest_route=\/wp\/v2\/posts\/630225","targetHints":{"allow":["GET"]}}],"collection":[{"href":"https:\/\/diariodominicano.com\/index.php?rest_route=\/wp\/v2\/posts"}],"about":[{"href":"https:\/\/diariodominicano.com\/index.php?rest_route=\/wp\/v2\/types\/post"}],"author":[{"embeddable":true,"href":"https:\/\/diariodominicano.com\/index.php?rest_route=\/wp\/v2\/users\/7"}],"replies":[{"embeddable":true,"href":"https:\/\/diariodominicano.com\/index.php?rest_route=%2Fwp%2Fv2%2Fcomments&post=630225"}],"version-history":[{"count":2,"href":"https:\/\/diariodominicano.com\/index.php?rest_route=\/wp\/v2\/posts\/630225\/revisions"}],"predecessor-version":[{"id":630247,"href":"https:\/\/diariodominicano.com\/index.php?rest_route=\/wp\/v2\/posts\/630225\/revisions\/630247"}],"wp:featuredmedia":[{"embeddable":true,"href":"https:\/\/diariodominicano.com\/index.php?rest_route=\/wp\/v2\/media\/422743"}],"wp:attachment":[{"href":"https:\/\/diariodominicano.com\/index.php?rest_route=%2Fwp%2Fv2%2Fmedia&parent=630225"}],"wp:term":[{"taxonomy":"category","embeddable":true,"href":"https:\/\/diariodominicano.com\/index.php?rest_route=%2Fwp%2Fv2%2Fcategories&post=630225"},{"taxonomy":"post_tag","embeddable":true,"href":"https:\/\/diariodominicano.com\/index.php?rest_route=%2Fwp%2Fv2%2Ftags&post=630225"}],"curies":[{"name":"wp","href":"https:\/\/api.w.org\/{rel}","templated":true}]}}